{"id":17207,"date":"2023-04-14T13:02:01","date_gmt":"2023-04-14T16:02:01","guid":{"rendered":"http:\/\/grupomontevideo.org\/site\/?p=17207"},"modified":"2023-06-07T10:21:54","modified_gmt":"2023-06-07T13:21:54","slug":"ii-congreso-internacional-de-ciencia-biodiversidad-y-sostenibilidad","status":"publish","type":"post","link":"https:\/\/grupomontevideo.org\/site\/ii-congreso-internacional-de-ciencia-biodiversidad-y-sostenibilidad\/","title":{"rendered":"II Congreso Internacional de Ciencia, Biodiversidad y Sostenibilidad"},"content":{"rendered":"\n<p class=\"has-text-align-center\"><mark style=\"background-color:rgba(0, 0, 0, 0)\" class=\"has-inline-color has-cyan-bluish-gray-color\">Convocatoria a la presentaci\u00f3n de trabajos abierta. Del 4\/6 al 7\/6.<\/mark><\/p>\n\n\n\n<p>La&nbsp;<strong>Universidad Federal de Minas Gerais (UFMG) y la Asociaci\u00f3n de Universidades Grupo Montevideo (AUGM) organizan el II Congreso Internacional de Ciencia, Biodiversidad y Sostenibilidad<\/strong>&nbsp;(SciBioSus 2023).<\/p>\n\n\n\n<p>El evento tendr\u00e1 lugar del&nbsp;<strong>4 al 7 de junio en la UFMG<\/strong>, campus Pampulha (Belo Horizonte, Minas Gerais, Brasil).<\/p>\n\n\n\n<hr class=\"wp-block-separator has-alpha-channel-opacity\"\/>\n\n\n\n<div class=\"wp-block-buttons is-layout-flex wp-block-buttons-is-layout-flex\">\n<div class=\"wp-block-button has-custom-width wp-block-button__width-100 has-custom-font-size has-medium-font-size\"><a class=\"wp-block-button__link has-background wp-element-button\" href=\"https:\/\/www.ufmg.br\/scibiosus\/\" style=\"border-radius:0px;background-color:#438734\">Sitio del Congreso<\/a><\/div>\n<\/div>\n\n\n\n<hr class=\"wp-block-separator has-alpha-channel-opacity\"\/>\n\n\n\n<p>Ser\u00e1 un&nbsp;<strong>foro importante para alinear ideas, compartir experiencias para la investigaci\u00f3n, la innovaci\u00f3n y las alternativas sostenibles<\/strong>&nbsp;como clave para el desarrollo de la ciencia.<\/p>\n\n\n\n<p>Tambi\u00e9n se abordar\u00e1n temas generales como la protecci\u00f3n de biomas y pueblos amenazados, el mantenimiento de los servicios ecosist\u00e9micos, las cat\u00e1strofes ambientales, la riqueza de los productos naturales, el uso de la biodiversidad como alimento, las personas y los conocimientos tradicionales, las tecnolog\u00edas verdes, la comunicaci\u00f3n cient\u00edfica, la innovaci\u00f3n y la investigaci\u00f3n. discutido<\/p>\n\n\n\n<p><strong>SciBioSus 2023 tendr\u00e1 un enfoque transdisciplinario y convoca a trabajos para presentaci\u00f3n en formato p\u00f3ster en todas las \u00e1reas del conocimiento<\/strong>, para que tener una discusi\u00f3n amplia sobre el estado del arte, aportes, propuestas, proyectos y resultados relacionados con la Sustentabilidad.<\/p>\n\n\n\n<figure class=\"wp-block-image size-large\"><img fetchpriority=\"high\" decoding=\"async\" width=\"1024\" height=\"332\" src=\"https:\/\/grupomontevideo.org\/site\/wp-content\/uploads\/2023\/04\/Captura-1024x332.png\" alt=\"\" class=\"wp-image-17209\" srcset=\"https:\/\/grupomontevideo.org\/site\/wp-content\/uploads\/2023\/04\/Captura-1024x332.png 1024w, https:\/\/grupomontevideo.org\/site\/wp-content\/uploads\/2023\/04\/Captura-300x97.png 300w, https:\/\/grupomontevideo.org\/site\/wp-content\/uploads\/2023\/04\/Captura-768x249.png 768w, https:\/\/grupomontevideo.org\/site\/wp-content\/uploads\/2023\/04\/Captura.png 1151w\" sizes=\"(max-width: 1024px) 100vw, 1024px\" \/><\/figure>\n","protected":false},"excerpt":{"rendered":"<p>Del 4 al 7 de junio en la Universidade Federal de Minas Gerais, Brasil. <\/p>\n","protected":false},"author":3,"featured_media":17208,"comment_status":"open","ping_status":"open","sticky":false,"template":"","format":"standard","meta":{"footnotes":""},"categories":[48,1],"tags":[],"class_list":["post-17207","post","type-post","status-publish","format-standard","has-post-thumbnail","hentry","category-archivo-de-noticias","category-noticias"],"wpmagazine_modules_lite_featured_media_urls":{"thumbnail":["https:\/\/grupomontevideo.org\/site\/wp-content\/uploads\/2023\/04\/pexels-akil-mazumder-1072824-1536x1024-1-150x150.jpg",150,150,true],"cvmm-medium":["https:\/\/grupomontevideo.org\/site\/wp-content\/uploads\/2023\/04\/pexels-akil-mazumder-1072824-1536x1024-1-300x300.jpg",300,300,true],"cvmm-medium-plus":["https:\/\/grupomontevideo.org\/site\/wp-content\/uploads\/2023\/04\/pexels-akil-mazumder-1072824-1536x1024-1-305x207.jpg",305,207,true],"cvmm-portrait":["https:\/\/grupomontevideo.org\/site\/wp-content\/uploads\/2023\/04\/pexels-akil-mazumder-1072824-1536x1024-1-400x600.jpg",400,600,true],"cvmm-medium-square":["https:\/\/grupomontevideo.org\/site\/wp-content\/uploads\/2023\/04\/pexels-akil-mazumder-1072824-1536x1024-1-600x600.jpg",600,600,true],"cvmm-large":["https:\/\/grupomontevideo.org\/site\/wp-content\/uploads\/2023\/04\/pexels-akil-mazumder-1072824-1536x1024-1-1024x1024.jpg",1024,1024,true],"cvmm-small":["https:\/\/grupomontevideo.org\/site\/wp-content\/uploads\/2023\/04\/pexels-akil-mazumder-1072824-1536x1024-1-130x95.jpg",130,95,true],"full":["https:\/\/grupomontevideo.org\/site\/wp-content\/uploads\/2023\/04\/pexels-akil-mazumder-1072824-1536x1024-1.jpg",1536,1024,false]},"categories_names":{"48":{"name":"Archivo de noticias","link":"https:\/\/grupomontevideo.org\/site\/category\/archivo-de-noticias\/"},"1":{"name":"Noticias universitarias","link":"https:\/\/grupomontevideo.org\/site\/category\/noticias\/"}},"tags_names":[],"comments_number":"0","_links":{"self":[{"href":"https:\/\/grupomontevideo.org\/site\/wp-json\/wp\/v2\/posts\/17207","targetHints":{"allow":["GET"]}}],"collection":[{"href":"https:\/\/grupomontevideo.org\/site\/wp-json\/wp\/v2\/posts"}],"about":[{"href":"https:\/\/grupomontevideo.org\/site\/wp-json\/wp\/v2\/types\/post"}],"author":[{"embeddable":true,"href":"https:\/\/grupomontevideo.org\/site\/wp-json\/wp\/v2\/users\/3"}],"replies":[{"embeddable":true,"href":"https:\/\/grupomontevideo.org\/site\/wp-json\/wp\/v2\/comments?post=17207"}],"version-history":[{"count":7,"href":"https:\/\/grupomontevideo.org\/site\/wp-json\/wp\/v2\/posts\/17207\/revisions"}],"predecessor-version":[{"id":17706,"href":"https:\/\/grupomontevideo.org\/site\/wp-json\/wp\/v2\/posts\/17207\/revisions\/17706"}],"wp:featuredmedia":[{"embeddable":true,"href":"https:\/\/grupomontevideo.org\/site\/wp-json\/wp\/v2\/media\/17208"}],"wp:attachment":[{"href":"https:\/\/grupomontevideo.org\/site\/wp-json\/wp\/v2\/media?parent=17207"}],"wp:term":[{"taxonomy":"category","embeddable":true,"href":"https:\/\/grupomontevideo.org\/site\/wp-json\/wp\/v2\/categories?post=17207"},{"taxonomy":"post_tag","embeddable":true,"href":"https:\/\/grupomontevideo.org\/site\/wp-json\/wp\/v2\/tags?post=17207"}],"curies":[{"name":"wp","href":"https:\/\/api.w.org\/{rel}","templated":true}]}}