{"id":17204,"date":"2023-04-14T12:58:43","date_gmt":"2023-04-14T15:58:43","guid":{"rendered":"http:\/\/grupomontevideo.org\/site\/?p=17204"},"modified":"2023-07-04T09:56:52","modified_gmt":"2023-07-04T12:56:52","slug":"vi-congreso-de-extension-de-augm-2","status":"publish","type":"post","link":"https:\/\/grupomontevideo.org\/site\/vi-congreso-de-extension-de-augm-2\/","title":{"rendered":"VI Congreso de Extensi\u00f3n: Democracia y Extensi\u00f3n Universitaria\u201d"},"content":{"rendered":"\n<p class=\"has-text-align-center\"><mark style=\"background-color:rgba(0, 0, 0, 0)\" class=\"has-inline-color has-cyan-bluish-gray-color\">Del 27 al 30 de junio.<\/mark><\/p>\n\n\n\n<p>La&nbsp;<strong>Universidade Estadual de Campinas (Unicamp, Brasil)<\/strong>&nbsp;se recibi\u00f3 el&nbsp;<strong>VI Congreso de Extensi\u00f3n Universitaria de la Asociaci\u00f3n de Universidades Grupo Montevideo (AUGM)<\/strong>, evento internacional que reunir\u00e1 a cientos de personas bajo el t\u00edtulo \u201c<em>Democracia y Extensi\u00f3n Universitaria\u201d<\/em>.<\/p>\n\n\n\n<p>Se llev\u00f3 a cabo del<strong>&nbsp;27 al 30 de junio del 2023 de forma presencial y online<\/strong>, con transmisi\u00f3n simult\u00e1nea por YouTube y Facebook (links mas abajo)<\/p>\n\n\n\n<p>El evento estuvo compuesto por una conferencia de apertura, seis mesas redondas, oficinas,&nbsp; dos representaciones art\u00edsticas y seis sesiones de presentaci\u00f3n de trabajos.&nbsp;<\/p>\n\n\n\n<p>Los mismos seguieron los siguientes ejes tem\u00e1ticos: Internacionalizaci\u00f3n de la Extensi\u00f3n Universitaria, Producci\u00f3n Art\u00edstica y Cultural; Desarollo sustentable, Estado y Sociedad; Formaci\u00f3n ciudadana, derechos humanos e inclusi\u00f3n; y Comunicaci\u00f3n y redes.<\/p>\n\n\n\n<p>\u201c<em>El Congreso AUGM re\u00fane a pa\u00edses de Am\u00e9rica del Sur que tienen tradici\u00f3n de extensi\u00f3n universitaria. Son personas que tienen una larga experiencia en hacer extensionismo en la universidad. Este tipo de experiencia para nosotros es algo sumamente positivo, viendo c\u00f3mo se hizo y c\u00f3mo lo hacen<\/em>\u201d, dice el Pro Rector de Extensi\u00f3n y Cultura de la Unicamp, Fernando Coelho.<\/p>\n\n\n\n<p>Tambi\u00e9n destac\u00f3 el impacto que estos intercambios pueden tener en el proceso de curricularizaci\u00f3n de la extensi\u00f3n en la Unicamp. \u201c<em>En otros pa\u00edses, la curricularizaci\u00f3n de extensi\u00f3n no existe de esta manera, porque ya est\u00e1 inserta en las actividades acad\u00e9micas desde hace mucho tiempo. Los estudiantes, durante la graduaci\u00f3n, tienen una enorme interacci\u00f3n con la comunidad. Hist\u00f3ricamente, los grandes movimientos de extensi\u00f3n han ido de la mano de los grandes movimientos estudiantiles. El primer registro hist\u00f3rico de actividades de extensi\u00f3n ocurri\u00f3 en Am\u00e9rica Latina<\/em>\u201d, destaca Coelho.<\/p>\n\n\n\n<p>Para Jos\u00e9 Luiz da Costa, asesor de la Pro Rector\u00eda de Extensi\u00f3n de Unicamp y presidente del comit\u00e9 organizador local del Congreso, el evento fue una excelente oportunidad para compartir experiencias en diferentes formatos. \u201c<em>Queremos escuchar la experiencia, los extensos informes que los alumnos o profesores tienen para contarnos. En eso consiste la extensi\u00f3n, no tiene un formato determinado, ni mucho menos. Puedes tener varios aspectos en los que puedes trabajar<\/em>\u201d, \u200b\u200bdice Costa. Para atender esta diversidad, adem\u00e1s de los carteles, se pueden proponer obras en formato taller y performance.<\/p>\n\n\n\n<p><\/p>\n\n\n\n<div class=\"wp-block-buttons is-layout-flex wp-block-buttons-is-layout-flex\">\n<div class=\"wp-block-button has-custom-width wp-block-button__width-100\"><a class=\"wp-block-button__link has-background wp-element-button\" href=\"https:\/\/www.youtube.com\/watch?v=Va3_5EDsPqk\" style=\"border-radius:0px;background-color:#e44769\" target=\"_blank\" rel=\"noreferrer noopener\">29\/6 &#8211; 08h30 &#8211; 10h Mesa 5 &#8211; Desarrollo sustentable y la agenda 2030<\/a><\/div>\n\n\n\n<div class=\"wp-block-button has-custom-width wp-block-button__width-100\"><a class=\"wp-block-button__link has-background wp-element-button\" style=\"border-radius:0px;background-color:#e44769\">29\/6 &#8211; 10h30 &#8211; 12h30 Mesa 6 &#8211; Universidad del futuro &#8211; internacionalizaci\u00f3n e inteligencia artificial en el arte: desaf\u00edos pol\u00edticos, sociales y culturales<\/a><\/div>\n\n\n\n<div class=\"wp-block-button has-custom-width wp-block-button__width-100\"><a class=\"wp-block-button__link has-background wp-element-button\" href=\"https:\/\/www.youtube.com\/watch?v=cFURH0kxNhc\" style=\"border-radius:0px;background-color:#e44769\" target=\"_blank\" rel=\"noreferrer noopener\">29\/6 &#8211; 15h30 &#8211; 17h30 Mesa 7 &#8211; Arte y Ciencia. Arte sonoro y ecolog\u00eda<\/a><\/div>\n\n\n\n<div class=\"wp-block-button has-custom-width wp-block-button__width-100\"><a class=\"wp-block-button__link has-background wp-element-button\" href=\"https:\/\/www.youtube.com\/watch?v=0A5DghWNJWE\" style=\"border-radius:0px;background-color:#e44769\" target=\"_blank\" rel=\"noreferrer noopener\">29\/6 &#8211; 18h &#8211; 19h III Encontro de Equipes Editoriais de Revistas de Extens\u00e3o Universit\u00e1ria<\/a><\/div>\n\n\n\n<div class=\"wp-block-button has-custom-width wp-block-button__width-100\"><a class=\"wp-block-button__link has-background wp-element-button\" href=\"https:\/\/www.youtube.com\/watch?v=UhijcfH7JFs\" style=\"border-radius:0px;background-color:#e44769\" target=\"_blank\" rel=\"noreferrer noopener\">Mesa de abertura \/ Confer\u00eancia de abertura Democracia y Extensi\u00f3n Universitaria<\/a><\/div>\n\n\n\n<div class=\"wp-block-button has-custom-width wp-block-button__width-100\"><a class=\"wp-block-button__link has-background wp-element-button\" href=\"https:\/\/www.youtube.com\/watch?v=xf3DjGR6DbA\" style=\"border-radius:0px;background-color:#e44769\" target=\"_blank\" rel=\"noreferrer noopener\">28\/5 &#8211; 10h30 &#8211; 12h30 Mesa 1 &#8211; Institucionalizaci\u00f3n de la extensi\u00f3n: debates actuales en el marco de la AUGM<\/a><\/div>\n\n\n\n<div class=\"wp-block-button has-custom-width wp-block-button__width-100\"><a class=\"wp-block-button__link has-background wp-element-button\" href=\"https:\/\/www.youtube.com\/watch?v=Has_VR8w7LQ\" style=\"border-radius:0px;background-color:#e44769\" target=\"_blank\" rel=\"noreferrer noopener\">28\/6 &#8211; 13h30 &#8211; 15h Mesa 2 &#8211; El lugar de los Derechos Humanos en las Universidades P\u00fablicas: experiencias y desaf\u00edos de la extensi\u00f3n universitaria<\/a><\/div>\n\n\n\n<div class=\"wp-block-button has-custom-width wp-block-button__width-100\"><a class=\"wp-block-button__link has-background wp-element-button\" href=\"https:\/\/www.youtube.com\/watch?v=t81aSG2PGEc\" style=\"border-radius:0px;background-color:#e44769\" target=\"_blank\" rel=\"noreferrer noopener\">28\/6 &#8211; 15h30 &#8211; 17h30 Mesa 3 &#8211; Comunicaci\u00f3n p\u00fablica universitaria: recorrido, presente y desaf\u00edos<\/a><\/div>\n\n\n\n<div class=\"wp-block-button has-custom-width wp-block-button__width-100\"><a class=\"wp-block-button__link has-background wp-element-button\" href=\"https:\/\/www.youtube.com\/watch?v=VribyNMk4is\" style=\"border-radius:0px;background-color:#e44769\" target=\"_blank\" rel=\"noreferrer noopener\">28\/6 &#8211;  17h30 &#8211; 19h Mesa 4 &#8211; Internacionalizaci\u00f3n, comunicaci\u00f3n y extensi\u00f3n: construyendo integraci\u00f3n entre las universidades p\u00fablicas latinoamericanas<\/a><\/div>\n\n\n\n<div class=\"wp-block-button has-custom-width wp-block-button__width-100\"><a class=\"wp-block-button__link has-background wp-element-button\" href=\"http:\/\/congressoaugm.proec.unicamp.br\/\" style=\"border-radius:0px;background-color:#e44769\" target=\"_blank\" rel=\"noreferrer noopener\">Sitio del Congreso<\/a><\/div>\n\n\n\n<div class=\"wp-block-button has-custom-width wp-block-button__width-100\"><a class=\"wp-block-button__link has-background wp-element-button\" href=\"https:\/\/extecult.proec.unicamp.br\/evento\/4\/inscrito\/novo\" style=\"border-radius:0px;background-color:#e44769\" target=\"_blank\" rel=\"noreferrer noopener\">Inscripci\u00f3n<\/a><\/div>\n\n\n\n<div class=\"wp-block-button has-custom-width wp-block-button__width-100\"><a class=\"wp-block-button__link has-background wp-element-button\" href=\"http:\/\/congressoaugm.proec.unicamp.br\/submissao-de-resumos\/\" style=\"border-radius:0px;background-color:#e44769\" target=\"_blank\" rel=\"noreferrer noopener\">Sumisi\u00f3n de trabajos (hasta el 19 de mayo)<\/a><\/div>\n\n\n\n<div class=\"wp-block-button has-custom-width wp-block-button__width-100\"><a class=\"wp-block-button__link has-background wp-element-button\" href=\"https:\/\/grupomontevideo.org\/site\/wp-content\/uploads\/2023\/05\/segunda-circular-UNICAMP_congresso-AUGM.pdf\" style=\"border-radius:0px;background-color:#e44769\" target=\"_blank\" rel=\"noreferrer noopener\">2da Circular <\/a><\/div>\n\n\n\n<div class=\"wp-block-button has-custom-width wp-block-button__width-100\"><a class=\"wp-block-button__link has-background wp-element-button\" href=\"http:\/\/grupomontevideo.org\/sitio\/wp-content\/uploads\/2023\/03\/primeira-circular-UNICAMP_congresso-AUGM-1.pdf\" style=\"border-radius:0px;background-color:#e44769\" target=\"_blank\" rel=\"noreferrer noopener\">1ra Circular<\/a><\/div>\n<\/div>\n\n\n\n<hr class=\"wp-block-separator has-alpha-channel-opacity\"\/>\n\n\n\n<p><\/p>\n\n\n\n<p><\/p>\n\n\n\n<p class=\"has-text-align-center\"><strong>Cartograma general&nbsp;<\/strong><\/p>\n\n\n\n<p class=\"has-text-align-center\">Lanzamiento de la web del congreso<br>14 de abril<\/p>\n\n\n\n<p class=\"has-text-align-center\">Sumisi\u00f3n de trabajos<br>19 de mayo<\/p>\n\n\n\n<p class=\"has-text-align-center\">Divulgaci\u00f3n de los aceptados<br>29 de mayo<\/p>\n\n\n\n<p class=\"has-text-align-center\">Realizaci\u00f3n del evento<br>27 a 30 de junio<\/p>\n","protected":false},"excerpt":{"rendered":"<p>del 27 al 30 de junio en la Universidade Estadual de Campinas, Brasil. Formato presencial y virtual. <\/p>\n","protected":false},"author":3,"featured_media":17205,"comment_status":"open","ping_status":"open","sticky":false,"template":"","format":"standard","meta":{"footnotes":""},"categories":[48,30,1],"tags":[],"class_list":["post-17204","post","type-post","status-publish","format-standard","has-post-thumbnail","hentry","category-archivo-de-noticias","category-institucional","category-noticias"],"wpmagazine_modules_lite_featured_media_urls":{"thumbnail":["https:\/\/grupomontevideo.org\/site\/wp-content\/uploads\/2023\/04\/Unicamp-150x150.jpg",150,150,true],"cvmm-medium":["https:\/\/grupomontevideo.org\/site\/wp-content\/uploads\/2023\/04\/Unicamp-300x300.jpg",300,300,true],"cvmm-medium-plus":["https:\/\/grupomontevideo.org\/site\/wp-content\/uploads\/2023\/04\/Unicamp-305x207.jpg",305,207,true],"cvmm-portrait":["https:\/\/grupomontevideo.org\/site\/wp-content\/uploads\/2023\/04\/Unicamp-400x444.jpg",400,444,true],"cvmm-medium-square":["https:\/\/grupomontevideo.org\/site\/wp-content\/uploads\/2023\/04\/Unicamp-600x444.jpg",600,444,true],"cvmm-large":["https:\/\/grupomontevideo.org\/site\/wp-content\/uploads\/2023\/04\/Unicamp.jpg",790,444,false],"cvmm-small":["https:\/\/grupomontevideo.org\/site\/wp-content\/uploads\/2023\/04\/Unicamp-130x95.jpg",130,95,true],"full":["https:\/\/grupomontevideo.org\/site\/wp-content\/uploads\/2023\/04\/Unicamp.jpg",790,444,false]},"categories_names":{"48":{"name":"Archivo de noticias","link":"https:\/\/grupomontevideo.org\/site\/category\/archivo-de-noticias\/"},"30":{"name":"Institucional","link":"https:\/\/grupomontevideo.org\/site\/category\/institucional\/"},"1":{"name":"Noticias universitarias","link":"https:\/\/grupomontevideo.org\/site\/category\/noticias\/"}},"tags_names":[],"comments_number":"0","_links":{"self":[{"href":"https:\/\/grupomontevideo.org\/site\/wp-json\/wp\/v2\/posts\/17204","targetHints":{"allow":["GET"]}}],"collection":[{"href":"https:\/\/grupomontevideo.org\/site\/wp-json\/wp\/v2\/posts"}],"about":[{"href":"https:\/\/grupomontevideo.org\/site\/wp-json\/wp\/v2\/types\/post"}],"author":[{"embeddable":true,"href":"https:\/\/grupomontevideo.org\/site\/wp-json\/wp\/v2\/users\/3"}],"replies":[{"embeddable":true,"href":"https:\/\/grupomontevideo.org\/site\/wp-json\/wp\/v2\/comments?post=17204"}],"version-history":[{"count":12,"href":"https:\/\/grupomontevideo.org\/site\/wp-json\/wp\/v2\/posts\/17204\/revisions"}],"predecessor-version":[{"id":18125,"href":"https:\/\/grupomontevideo.org\/site\/wp-json\/wp\/v2\/posts\/17204\/revisions\/18125"}],"wp:featuredmedia":[{"embeddable":true,"href":"https:\/\/grupomontevideo.org\/site\/wp-json\/wp\/v2\/media\/17205"}],"wp:attachment":[{"href":"https:\/\/grupomontevideo.org\/site\/wp-json\/wp\/v2\/media?parent=17204"}],"wp:term":[{"taxonomy":"category","embeddable":true,"href":"https:\/\/grupomontevideo.org\/site\/wp-json\/wp\/v2\/categories?post=17204"},{"taxonomy":"post_tag","embeddable":true,"href":"https:\/\/grupomontevideo.org\/site\/wp-json\/wp\/v2\/tags?post=17204"}],"curies":[{"name":"wp","href":"https:\/\/api.w.org\/{rel}","templated":true}]}}