{"id":17100,"date":"2023-03-08T16:24:28","date_gmt":"2023-03-08T19:24:28","guid":{"rendered":"http:\/\/grupomontevideo.org\/site\/?p=17100"},"modified":"2023-04-21T09:25:07","modified_gmt":"2023-04-21T12:25:07","slug":"8m-las-universidades-publicas-tienen-un-rol-importantisimo-para-combatir-la-desigualdad-de-genero","status":"publish","type":"post","link":"https:\/\/grupomontevideo.org\/site\/8m-las-universidades-publicas-tienen-un-rol-importantisimo-para-combatir-la-desigualdad-de-genero\/","title":{"rendered":"8M: Las universidades p\u00fablicas tienen un rol important\u00edsimo para combatir la desigualdad de g\u00e9nero"},"content":{"rendered":"\n<p>Una vez m\u00e1s, el<strong> 8 de marzo convoc\u00f3 a millones de mujeres alrededor del mundo en el marco del D\u00eda Internacional de la Mujer<\/strong>.&nbsp;Las universidades que forman parte de nuestra red, como todos los a\u00f1os, convocaron a cientos de actividades, tanto acad\u00e9micas como educativas, culturales y cient\u00edficas, que invitaron a reflexionar sobre una diversidad de t\u00f3picos en torno a este d\u00eda.&nbsp;<\/p>\n\n\n\n<p>La<strong> presidenta de AUGM y rectora de la Universidade Federal de Minas Gerais, Sandra Goulart Almeida, se refiri\u00f3 a esta fecha en un <a href=\"https:\/\/twitter.com\/AUGMoficial\/status\/1633514354229354507\">mensaje difundido en redes sociales<\/a><\/strong>:&nbsp;<\/p>\n\n\n\n<p>\u201c<em>Es un honor, y una norma satisfacci\u00f3n ser la primera mujer al frente de AUGM<\/em>\u201d, dijo al inicio. \u201c<em>Como presidenta de AUGM, tenemos un compromiso con la igualdad de g\u00e9nero, con el combate a la violencia de g\u00e9nero y tambi\u00e9n en la construcci\u00f3n de pol\u00edticas p\u00fablicas que nuestras instituciones puedan realizar<\/em>\u201d.&nbsp;<\/p>\n\n\n\n<p>\u201c<em>Nuestras universidades, como instituciones p\u00fablicas, tambi\u00e9n tienen un papel important\u00edsimo para el combate a la desigualdad de g\u00e9nero, la violencia y todas las acciones que las mueres sufren, as\u00ed como establecer pol\u00edticas p\u00fablicas que de facto tengan un impacto en la vida de las mujeres<\/em>\u201d, remarc\u00f3.&nbsp;<\/p>\n\n\n\n<p>Finalmente, nuestro Comit\u00e9 Acad\u00e9mico G\u00e9nero invit\u00f3 en este 8 de marzo a releer su \u00faltima publicaci\u00f3n, \u00bb <a href=\"http:\/\/grupomontevideo.org\/sitio\/wp-content\/uploads\/2022\/08\/Libro-AUGM.pdf\">Expresiones pol\u00edticas y m<\/a>ovimientos populares de las mujeres e identidades disidentes\u00bb.&nbsp;<\/p>\n\n\n\n<p>Se trata de una compilaci\u00f3n de siete art\u00edculos coordinado por&nbsp;<strong>Natalia Cocciarini y&nbsp;<\/strong><strong>Patricia Rojo<\/strong>, pertenecientes al Programa Universitario de Diversidad Sexual y el Programa G\u00e9nero y Diversidad, respectivamente, de la Universidad Nacional de Rosario.<\/p>\n\n\n\n<p>El libro exhibe un recorrido sobre ciertos temas de feminismo, g\u00e9nero y disidencias sexo gen\u00e9rico identitarias, a la luz de los tiempos y teor\u00edas m\u00e1s recientes.<\/p>\n\n\n\n<p>\u201c<em><strong>Cada art\u00edculo refleja una b\u00fasqueda de particularidad en la generaci\u00f3n de conocimientos y de espacios de cuidados<\/strong>. Traen consigo una discusi\u00f3n cr\u00edtica sobre realidades nuevas. En todos hay un reflejo de tiempos que van cambiando, de pol\u00edticas que requieren un seguimiento, y de derechos logrados a fuerza de militancias, que se defienden d\u00eda a d\u00eda, desde cada uno de los espacios de participaci\u00f3n<\/em>\u201d, describe Guadalupe Arqueros, miembro del Comit\u00e9 por la Universidad Nacional del Nordeste.<\/p>\n","protected":false},"excerpt":{"rendered":"<p>Una vez m\u00e1s, el 8 de marzo convoc\u00f3 a millones de mujeres alrededor del mundo en el marco del D\u00eda Internacional de la Mujer.&nbsp;Las universidades que forman parte de nuestra red, como todos los a\u00f1os, convocaron a cientos de actividades, tanto acad\u00e9micas como educativas, culturales y cient\u00edficas, que invitaron a reflexionar sobre una diversidad de [&hellip;]<\/p>\n","protected":false},"author":3,"featured_media":17101,"comment_status":"closed","ping_status":"closed","sticky":false,"template":"","format":"standard","meta":{"footnotes":""},"categories":[1],"tags":[],"class_list":["post-17100","post","type-post","status-publish","format-standard","has-post-thumbnail","hentry","category-noticias"],"wpmagazine_modules_lite_featured_media_urls":{"thumbnail":["https:\/\/grupomontevideo.org\/site\/wp-content\/uploads\/2023\/03\/8-M-Prueba_Mesa-de-trabajo-1-150x150.png",150,150,true],"cvmm-medium":["https:\/\/grupomontevideo.org\/site\/wp-content\/uploads\/2023\/03\/8-M-Prueba_Mesa-de-trabajo-1-300x300.png",300,300,true],"cvmm-medium-plus":["https:\/\/grupomontevideo.org\/site\/wp-content\/uploads\/2023\/03\/8-M-Prueba_Mesa-de-trabajo-1-305x207.png",305,207,true],"cvmm-portrait":["https:\/\/grupomontevideo.org\/site\/wp-content\/uploads\/2023\/03\/8-M-Prueba_Mesa-de-trabajo-1-400x600.png",400,600,true],"cvmm-medium-square":["https:\/\/grupomontevideo.org\/site\/wp-content\/uploads\/2023\/03\/8-M-Prueba_Mesa-de-trabajo-1-600x600.png",600,600,true],"cvmm-large":["https:\/\/grupomontevideo.org\/site\/wp-content\/uploads\/2023\/03\/8-M-Prueba_Mesa-de-trabajo-1-1024x1024.png",1024,1024,true],"cvmm-small":["https:\/\/grupomontevideo.org\/site\/wp-content\/uploads\/2023\/03\/8-M-Prueba_Mesa-de-trabajo-1-130x95.png",130,95,true],"full":["https:\/\/grupomontevideo.org\/site\/wp-content\/uploads\/2023\/03\/8-M-Prueba_Mesa-de-trabajo-1.png",1080,1080,false]},"categories_names":{"1":{"name":"Noticias universitarias","link":"https:\/\/grupomontevideo.org\/site\/category\/noticias\/"}},"tags_names":[],"comments_number":"0","_links":{"self":[{"href":"https:\/\/grupomontevideo.org\/site\/wp-json\/wp\/v2\/posts\/17100","targetHints":{"allow":["GET"]}}],"collection":[{"href":"https:\/\/grupomontevideo.org\/site\/wp-json\/wp\/v2\/posts"}],"about":[{"href":"https:\/\/grupomontevideo.org\/site\/wp-json\/wp\/v2\/types\/post"}],"author":[{"embeddable":true,"href":"https:\/\/grupomontevideo.org\/site\/wp-json\/wp\/v2\/users\/3"}],"replies":[{"embeddable":true,"href":"https:\/\/grupomontevideo.org\/site\/wp-json\/wp\/v2\/comments?post=17100"}],"version-history":[{"count":1,"href":"https:\/\/grupomontevideo.org\/site\/wp-json\/wp\/v2\/posts\/17100\/revisions"}],"predecessor-version":[{"id":17102,"href":"https:\/\/grupomontevideo.org\/site\/wp-json\/wp\/v2\/posts\/17100\/revisions\/17102"}],"wp:featuredmedia":[{"embeddable":true,"href":"https:\/\/grupomontevideo.org\/site\/wp-json\/wp\/v2\/media\/17101"}],"wp:attachment":[{"href":"https:\/\/grupomontevideo.org\/site\/wp-json\/wp\/v2\/media?parent=17100"}],"wp:term":[{"taxonomy":"category","embeddable":true,"href":"https:\/\/grupomontevideo.org\/site\/wp-json\/wp\/v2\/categories?post=17100"},{"taxonomy":"post_tag","embeddable":true,"href":"https:\/\/grupomontevideo.org\/site\/wp-json\/wp\/v2\/tags?post=17100"}],"curies":[{"name":"wp","href":"https:\/\/api.w.org\/{rel}","templated":true}]}}