{"id":14983,"date":"2022-06-20T13:40:59","date_gmt":"2022-06-20T13:40:59","guid":{"rendered":"http:\/\/grupomontevideo.org\/sitio\/?post_type=noticias&#038;p=14983"},"modified":"2022-06-22T16:10:14","modified_gmt":"2022-06-22T16:10:14","slug":"14983","status":"publish","type":"post","link":"https:\/\/grupomontevideo.org\/site\/14983\/","title":{"rendered":"Convocatoria: IV encuentro de Ciudades y Universidades"},"content":{"rendered":"<p style=\"text-align: justify;\">La asociaci\u00f3n de <strong>Universidades del Grupo Montevideo (AUGM) y Mercociudades convocan al IV encuentro de Ciudades y Universidade<\/strong>s. El evento tendr\u00e1 car\u00e1cter presencial y se celebrar\u00e1 en la ciudad de Rosario los d\u00edas <strong>27, 28 y 29 de septiembre<\/strong>. En esta ocasi\u00f3n las anfitrionas ser\u00e1n la <strong>Municipalidad de Rosario y la Universidad Nacional de Rosario, Argentina.\u00a0<\/strong><\/p>\n<p style=\"text-align: justify;\"><strong>El objetivo del encuentro es exponer ideas y experiencias sobre proyectos que constituyen buenas pr\u00e1cticas de vinculaci\u00f3n socio tecnol\u00f3gica entre universidades p\u00fablicas y gobiernos locales<\/strong> miembros de Mercociudades.<\/p>\n<p style=\"text-align: justify;\">Se buscar\u00e1 propiciar un intercambio entre la capacidad acad\u00e9mica y las demandas asociadas al desarrollo sostenible de las ciudades. La idea es poder elaborar en conjunto soluciones concretas a problemas sociales, socioproductivos, sanitarios, ambientales y culturales comunitarios.<\/p>\n<p>El encuentro contar\u00e1 con once ejes tem\u00e1ticos:<\/p>\n<ul>\n<li aria-level=\"1\">Construcci\u00f3n de Ciudadan\u00eda<\/li>\n<li aria-level=\"1\">Desarrollo Local\/territorial<\/li>\n<li aria-level=\"1\">Energ\u00eda, Infraestructura y Redes<\/li>\n<li aria-level=\"1\">Gesti\u00f3n Ambiental<\/li>\n<li aria-level=\"1\">Gesti\u00f3n Cultural. Arte Urbano<\/li>\n<li aria-level=\"1\">Gesti\u00f3n y Planeamiento Urbano\/territorial<\/li>\n<li aria-level=\"1\">Inclusi\u00f3n Social<\/li>\n<li aria-level=\"1\">Salud P\u00fablica<\/li>\n<li aria-level=\"1\">COVID<\/li>\n<li aria-level=\"1\">G\u00e9nero, sexualidades y lucha contra la exclusi\u00f3n social<\/li>\n<li aria-level=\"1\">Cooperaci\u00f3n entre ciudades y universidades de Am\u00e9rica del Sur por el Cambio Clim\u00e1tico y la Transici\u00f3n Ecol\u00f3gica Justa.<\/li>\n<\/ul>\n<p>El evento invita a participar especialmente a:<\/p>\n<ul>\n<li aria-level=\"1\">Todos los actores del Sistema Universitario de la regi\u00f3n Suramericana;<\/li>\n<li aria-level=\"1\">Funcionarios responsables del dise\u00f1o y\/o ejecuci\u00f3n de pol\u00edticas p\u00fablicas en los ejes tem\u00e1ticos comprendidos en la presente convocatoria;<\/li>\n<li aria-level=\"1\">Actores del Sistema de Innovaci\u00f3n Nacional y Regional; Observatorios asociados a los ejes contemplados;<\/li>\n<li aria-level=\"1\">Organizaciones estudiantiles;<\/li>\n<li aria-level=\"1\">Dem\u00e1s actores de la sociedad civil, que compartan los prop\u00f3sitos del encuentro.<\/li>\n<\/ul>\n<p>Quienes deseen participar podr\u00e1n inscribirse a trav\u00e9s del siguiente\u00a0<a href=\"https:\/\/unr.edu.ar\/publico-en-general\/\">formulario<\/a>.<br \/>\n<strong>Postulaci\u00f3n de buenas pr\u00e1cticas<\/strong><\/p>\n<p style=\"text-align: justify;\">La postulaci\u00f3n de proyectos de buenas pr\u00e1cticas puede realizarla tanto una universidad p\u00fablica sudamericana como un gobierno local, siempre que ambos se encuentren insertos en el \u00e1mbito geogr\u00e1fico de la red Mercociudades. No se establecen restricciones en cuanto al n\u00famero de presentaciones que realice cualquiera de estos actores, siempre que el mismo responda a los siguientes requisitos:<\/p>\n<ul>\n<li aria-level=\"1\">Se encuadre en los conceptos de Buena Pr\u00e1ctica de Vinculaci\u00f3n Tecnol\u00f3gica Social;<\/li>\n<li aria-level=\"1\">Se encuadre en alg\u00fan\/algunos de los once ejes tem\u00e1ticos trazados;<\/li>\n<li aria-level=\"1\">Sea resultado de un trabajo conjunto entre al menos una Universidad P\u00fablica y un Gobierno Local (municipio, comuna, distrito, parroquia, prefeitura o intendencia) de un pa\u00eds que integre la regi\u00f3n de referencia de Mercociudades (Argentina, Bolivia, Brasil, Chile, Colombia, Paraguay, Per\u00fa, Ecuador, Uruguay y Venezuela);<\/li>\n<li aria-level=\"1\">Se encuentre finalizada o cuente con resultados e impactos evaluados;<\/li>\n<li aria-level=\"1\">Se exprese la autorizaci\u00f3n para publicar la pr\u00e1ctica en el\u00a0<a href=\"http:\/\/obc.grupomontevideo.org\/\">Observatorio de Cooperaci\u00f3n Ciudad \u2013 Universidad<\/a>.<br \/>\n<hr \/>\n<\/li>\n<\/ul>\n<p><strong>Las postulaciones de buenas pr\u00e1cticas puede realizarse hasta el 8 de julio a trav\u00e9s del siguiente\u00a0<a href=\"https:\/\/unr.edu.ar\/postulacion-de-experiencias-de-buenas-practicas\/\">formulario<\/a>.<\/strong><\/p>\n<hr \/>\n<p>La comunicaci\u00f3n de los proyectos seleccionados se dar\u00e1 el d\u00eda 8 de agosto.<br \/>\nPor cualquier consulta dirigirse al correo\u00a0<a href=\"mailto:cyuaugm@unr.edu.ar\">cyuaugm@unr.edu.ar<\/a><br \/>\nAcceda a la\u00a0<a href=\"https:\/\/unr.edu.ar\/convocatoria-mercociudades\/\">Convocatoria completa<\/a>.<br \/>\n<a href=\"https:\/\/unr.edu.ar\/universidadesyciudades\/\">Sitio Oficial del encuentro<\/a>.<\/p>\n","protected":false},"excerpt":{"rendered":"<p>El 27, 28 y 29 de septiembre en Rosario, Argentina. <\/p>\n","protected":false},"author":1,"featured_media":14984,"comment_status":"closed","ping_status":"closed","sticky":false,"template":"","format":"standard","meta":{"footnotes":""},"categories":[48],"tags":[],"class_list":["post-14983","post","type-post","status-publish","format-standard","has-post-thumbnail","hentry","category-archivo-de-noticias"],"wpmagazine_modules_lite_featured_media_urls":{"thumbnail":["https:\/\/grupomontevideo.org\/site\/wp-content\/uploads\/2022\/06\/Mercociudades.png",150,84,false],"cvmm-medium":["https:\/\/grupomontevideo.org\/site\/wp-content\/uploads\/2022\/06\/Mercociudades.png",300,169,false],"cvmm-medium-plus":["https:\/\/grupomontevideo.org\/site\/wp-content\/uploads\/2022\/06\/Mercociudades.png",305,172,false],"cvmm-portrait":["https:\/\/grupomontevideo.org\/site\/wp-content\/uploads\/2022\/06\/Mercociudades.png",400,225,false],"cvmm-medium-square":["https:\/\/grupomontevideo.org\/site\/wp-content\/uploads\/2022\/06\/Mercociudades.png",600,338,false],"cvmm-large":["https:\/\/grupomontevideo.org\/site\/wp-content\/uploads\/2022\/06\/Mercociudades.png",800,450,false],"cvmm-small":["https:\/\/grupomontevideo.org\/site\/wp-content\/uploads\/2022\/06\/Mercociudades.png",130,73,false],"full":["https:\/\/grupomontevideo.org\/site\/wp-content\/uploads\/2022\/06\/Mercociudades.png",800,450,false]},"categories_names":{"48":{"name":"Archivo de noticias","link":"https:\/\/grupomontevideo.org\/site\/category\/archivo-de-noticias\/"}},"tags_names":[],"comments_number":"0","_links":{"self":[{"href":"https:\/\/grupomontevideo.org\/site\/wp-json\/wp\/v2\/posts\/14983","targetHints":{"allow":["GET"]}}],"collection":[{"href":"https:\/\/grupomontevideo.org\/site\/wp-json\/wp\/v2\/posts"}],"about":[{"href":"https:\/\/grupomontevideo.org\/site\/wp-json\/wp\/v2\/types\/post"}],"author":[{"embeddable":true,"href":"https:\/\/grupomontevideo.org\/site\/wp-json\/wp\/v2\/users\/1"}],"replies":[{"embeddable":true,"href":"https:\/\/grupomontevideo.org\/site\/wp-json\/wp\/v2\/comments?post=14983"}],"version-history":[{"count":1,"href":"https:\/\/grupomontevideo.org\/site\/wp-json\/wp\/v2\/posts\/14983\/revisions"}],"predecessor-version":[{"id":15262,"href":"https:\/\/grupomontevideo.org\/site\/wp-json\/wp\/v2\/posts\/14983\/revisions\/15262"}],"wp:featuredmedia":[{"embeddable":true,"href":"https:\/\/grupomontevideo.org\/site\/wp-json\/wp\/v2\/media\/14984"}],"wp:attachment":[{"href":"https:\/\/grupomontevideo.org\/site\/wp-json\/wp\/v2\/media?parent=14983"}],"wp:term":[{"taxonomy":"category","embeddable":true,"href":"https:\/\/grupomontevideo.org\/site\/wp-json\/wp\/v2\/categories?post=14983"},{"taxonomy":"post_tag","embeddable":true,"href":"https:\/\/grupomontevideo.org\/site\/wp-json\/wp\/v2\/tags?post=14983"}],"curies":[{"name":"wp","href":"https:\/\/api.w.org\/{rel}","templated":true}]}}