{"id":13543,"date":"2022-02-17T17:52:09","date_gmt":"2022-02-17T17:52:09","guid":{"rendered":"http:\/\/grupomontevideo.org\/sitio\/?post_type=noticias&#038;p=13543"},"modified":"2022-06-22T16:10:19","modified_gmt":"2022-06-22T16:10:19","slug":"universidades-argentinas-miembro-de-augm-se-reunieron-en-san-luis","status":"publish","type":"post","link":"https:\/\/grupomontevideo.org\/site\/universidades-argentinas-miembro-de-augm-se-reunieron-en-san-luis\/","title":{"rendered":"Universidades argentinas miembro de AUGM se reunieron en San Luis"},"content":{"rendered":"<p style=\"text-align: justify;\"><strong>Rectores y rectoras de las 14 universidades argentinas miembro<\/strong> de la Asociaci\u00f3n de Universidades Grupo Montevideo (AUGM) se reunieron este jueves 17 en la Universidad Nacional de San Luis (UNSL) para abordar <strong>diferentes t\u00f3picos, entre ellos la Conferencia Mundial de Educaci\u00f3n Superior, el rumbo de la AUGM<\/strong> y los desaf\u00edos de la pospandemia.<\/p>\n<p style=\"text-align: justify;\"><span style=\"font-weight: 400;\"><strong>El rector anfitri\u00f3n, V\u00edctor Mori\u00f1igo destac\u00f3 que pertenecer a la AUGM<\/strong> para la UNSL siempre es <\/span><i><span style=\"font-weight: 400;\">\u201cun gran gusto y sobre todo caminar junto a universidades tan prestigiosas de la historia de la Argentina, junto con universidades uruguayas, paraguayas, bolivianas y chilenas siempre ha sido una gran responsabilidad<\/span><\/i><span style=\"font-weight: 400;\">\u201d dijo.<\/span><\/p>\n<p style=\"text-align: justify;\"><span style=\"font-weight: 400;\">Mori\u00f1igo agreg\u00f3 la importancia de compartir la presentaci\u00f3n del <a href=\"http:\/\/grupomontevideo.org\/sitio\/noticias\/13459\/\">nuevo secretario Ejecutivo de la AUGM, Dr. \u00c1lvaro Rico<\/a>. \u201cEl sello y la huella institucional que nos dej\u00f3 el ex secretario \u00c1lvaro Maglia hace que vivamos este momento de presentaci\u00f3n del doctor Rico con mucha expectativa (\u2026) Que \u00e9l nos haya solicitado este encuentro habla de la seriedad que nos tiene acostumbrados la Universidad de La Rep\u00fablica (Uruguay)\u201d, agreg\u00f3.<\/span><\/p>\n<p style=\"text-align: justify;\"><span style=\"font-weight: 400;\">Al p\u00fablico tambi\u00e9n se dirigi\u00f3 el <strong>Dr. Guillermo Tamarit, rector de la Universidad Nacional del Noroeste de la Provincia de Buenos (UNNOBA)<\/strong>, quien junto a V\u00edctor Mori\u00f1igo representan a las 14 universidades argentinas ante la asociaci\u00f3n internacional.<\/span><\/p>\n<p style=\"text-align: justify;\"><i><span style=\"font-weight: 400;\">\u00abHay tres niveles de acci\u00f3n que hemos discutido en el CIN y que no tiene que estar ausente en la agenda de AUGM y en la Conferencia Mundial de Educaci\u00f3n Superior que tiene que ver con volver a vincular con todos\/as aquellos\/as que estaban, o pensaban estar, en la educaci\u00f3n superior y por la pandemia quedaron fuera. Como segundo punto tenemos que recuperar todo eso que no pudimos hacer en estos a\u00f1os, y finalmente apropiarnos de la experiencia, en este sentido la educaci\u00f3n a distancia que era un debate que ten\u00edamos (\u2026) Tenemos la capacidad de sobre una crisis construir una oportunidad\u00bb<\/span><\/i><span style=\"font-weight: 400;\">, dijo Tamarit.<\/span><\/p>\n<p style=\"text-align: justify;\"><span style=\"font-weight: 400;\">Para cerrar el acto de apertura el <strong>nuevo secretario Ejecutivo, Dr. \u00c1lvaro Rico, expres\u00f3 que es un orgullo ser presentado ante un auditorio tan calificado de rectores y rectoras,<\/strong> as\u00ed como y delegados y delegadas, vinculados a la AUGM. \u00ab<\/span><i><span style=\"font-weight: 400;\">Argentina para la AUGM, y sus universidades p\u00fablicas integrantes, representan un pilar, por las tradiciones de la educaci\u00f3n p\u00fablica y su trayectoria en periodos hist\u00f3ricos accidentados como nuestra propia historia de Am\u00e9rica Latina\u00bb<\/span><\/i><span style=\"font-weight: 400;\">. El Dr. Rico participa acompa\u00f1ado por el referente de programas y proyectos de la AUGM, Lic. Fernando Sosa.<\/span><\/p>\n<p style=\"text-align: justify;\"><span style=\"font-weight: 400;\">Las actividades continuaron con una visita institucional. Por la tarde continuar\u00e1n a las 15:00 horas en el Sal\u00f3n de los Escudos y a las 17:00 horas diserta el presidente del <\/span><a href=\"https:\/\/www.cari.org.ar\/\"><span style=\"font-weight: 400;\">Consejo Argentino para las Relaciones Internacionales (CARI)<\/span><\/a><span style=\"font-weight: 400;\">, Jos\u00e9 Octavio Bord\u00f3n, sobre: <\/span><i><span style=\"font-weight: 400;\">Integraci\u00f3n y Cooperaci\u00f3n Regional Latinoamericana<\/span><\/i><span style=\"font-weight: 400;\">.<\/span><\/p>\n<p><em>Con informaci\u00f3n de Noticias UNSL<\/em><\/p>\n","protected":false},"excerpt":{"rendered":"<p>Abordaron, entre otros temas, la Conferencia Mundial de Educaci\u00f3n Superior <\/p>\n","protected":false},"author":1,"featured_media":13544,"comment_status":"closed","ping_status":"closed","sticky":false,"template":"","format":"standard","meta":{"footnotes":""},"categories":[48],"tags":[],"class_list":["post-13543","post","type-post","status-publish","format-standard","has-post-thumbnail","hentry","category-archivo-de-noticias"],"wpmagazine_modules_lite_featured_media_urls":{"thumbnail":["https:\/\/grupomontevideo.org\/site\/wp-content\/uploads\/2022\/02\/Rectores-Argentinos-se-reunieron-miembros-de-AUGM-scaled-1.jpg",150,100,false],"cvmm-medium":["https:\/\/grupomontevideo.org\/site\/wp-content\/uploads\/2022\/02\/Rectores-Argentinos-se-reunieron-miembros-de-AUGM-scaled-1.jpg",300,200,false],"cvmm-medium-plus":["https:\/\/grupomontevideo.org\/site\/wp-content\/uploads\/2022\/02\/Rectores-Argentinos-se-reunieron-miembros-de-AUGM-scaled-1.jpg",305,203,false],"cvmm-portrait":["https:\/\/grupomontevideo.org\/site\/wp-content\/uploads\/2022\/02\/Rectores-Argentinos-se-reunieron-miembros-de-AUGM-scaled-1.jpg",400,267,false],"cvmm-medium-square":["https:\/\/grupomontevideo.org\/site\/wp-content\/uploads\/2022\/02\/Rectores-Argentinos-se-reunieron-miembros-de-AUGM-scaled-1.jpg",600,400,false],"cvmm-large":["https:\/\/grupomontevideo.org\/site\/wp-content\/uploads\/2022\/02\/Rectores-Argentinos-se-reunieron-miembros-de-AUGM-scaled-1.jpg",1024,682,false],"cvmm-small":["https:\/\/grupomontevideo.org\/site\/wp-content\/uploads\/2022\/02\/Rectores-Argentinos-se-reunieron-miembros-de-AUGM-scaled-1.jpg",130,87,false],"full":["https:\/\/grupomontevideo.org\/site\/wp-content\/uploads\/2022\/02\/Rectores-Argentinos-se-reunieron-miembros-de-AUGM-scaled-1.jpg",2560,1706,false]},"categories_names":{"48":{"name":"Archivo de noticias","link":"https:\/\/grupomontevideo.org\/site\/category\/archivo-de-noticias\/"}},"tags_names":[],"comments_number":"0","_links":{"self":[{"href":"https:\/\/grupomontevideo.org\/site\/wp-json\/wp\/v2\/posts\/13543","targetHints":{"allow":["GET"]}}],"collection":[{"href":"https:\/\/grupomontevideo.org\/site\/wp-json\/wp\/v2\/posts"}],"about":[{"href":"https:\/\/grupomontevideo.org\/site\/wp-json\/wp\/v2\/types\/post"}],"author":[{"embeddable":true,"href":"https:\/\/grupomontevideo.org\/site\/wp-json\/wp\/v2\/users\/1"}],"replies":[{"embeddable":true,"href":"https:\/\/grupomontevideo.org\/site\/wp-json\/wp\/v2\/comments?post=13543"}],"version-history":[{"count":1,"href":"https:\/\/grupomontevideo.org\/site\/wp-json\/wp\/v2\/posts\/13543\/revisions"}],"predecessor-version":[{"id":15287,"href":"https:\/\/grupomontevideo.org\/site\/wp-json\/wp\/v2\/posts\/13543\/revisions\/15287"}],"wp:featuredmedia":[{"embeddable":true,"href":"https:\/\/grupomontevideo.org\/site\/wp-json\/wp\/v2\/media\/13544"}],"wp:attachment":[{"href":"https:\/\/grupomontevideo.org\/site\/wp-json\/wp\/v2\/media?parent=13543"}],"wp:term":[{"taxonomy":"category","embeddable":true,"href":"https:\/\/grupomontevideo.org\/site\/wp-json\/wp\/v2\/categories?post=13543"},{"taxonomy":"post_tag","embeddable":true,"href":"https:\/\/grupomontevideo.org\/site\/wp-json\/wp\/v2\/tags?post=13543"}],"curies":[{"name":"wp","href":"https:\/\/api.w.org\/{rel}","templated":true}]}}