{"id":13526,"date":"2022-02-09T15:01:23","date_gmt":"2022-02-09T15:01:23","guid":{"rendered":"http:\/\/grupomontevideo.org\/sitio\/?post_type=noticias&#038;p=13526"},"modified":"2022-06-22T16:10:19","modified_gmt":"2022-06-22T16:10:19","slug":"nueva-publicacion-sobre-las-jornadas-de-brucelosis-y-tuberculosis-de-augm","status":"publish","type":"post","link":"https:\/\/grupomontevideo.org\/site\/nueva-publicacion-sobre-las-jornadas-de-brucelosis-y-tuberculosis-de-augm\/","title":{"rendered":"Nueva publicaci\u00f3n sobre las Jornadas de Brucelosis y Tuberculosis de AUGM"},"content":{"rendered":"<p style=\"text-align: justify;\">El Comit\u00e9 Acad\u00e9mico Saludo Animal de la Asociaci\u00f3n de Universidades Grupo Montevideo (AUGM) public\u00f3 el libro de las <b><i>Jornadas de Brucelosis y Tuberculosis: Diagn\u00f3stico de la situaci\u00f3n y perspectivas en pa\u00edses del Am\u00e9rica del Sur, <\/i><\/b><span style=\"font-weight: 400;\">actividad virtual que congreg\u00f3 a cient\u00edficos y cient\u00edficas de la regi\u00f3n de forma virtual en 2021.<\/span><\/p>\n<p style=\"text-align: justify;\"><span style=\"font-weight: 400;\">Estas <strong>Memorias constituyen el aporte de los disertantes del evento<\/strong>, que tuvo una participaci\u00f3n activa de unos 300 inscriptos, entre alumnos de grado, profesionales, docentes y alumnos de posgrado.\u00a0<\/span><\/p>\n<p style=\"text-align: justify;\"><span style=\"font-weight: 400;\">Las Jornadas se organizaron en tres ejes tem\u00e1ticos -situaci\u00f3n epidemiol\u00f3gica, estrategias nacionales de prevenci\u00f3n y marco legal- que permitieron a reconocidos investigadores abordar la problem\u00e1tica de estas enfermedades en los pa\u00edses de la regi\u00f3n.<\/span><\/p>\n<p style=\"text-align: justify;\"><span style=\"font-weight: 400;\">En\u00a0 un contexto de creciente preocupaci\u00f3n por las enfermedades animales con gran impacto en las cadenas de producci\u00f3n y las exportaciones se vuelve a\u00fan m\u00e1s apremiante,<strong> esta publicaci\u00f3n resulta un aporte para discutir el diagn\u00f3stico de la situaci\u00f3n de la brucelosis y la tuberculosis en los pa\u00edses miembros de Grupo, as\u00ed como estimular la intensificaci\u00f3n de las acciones de diagn\u00f3stico y eliminaci\u00f3n de los animales afectados<\/strong>, la \u00fanica forma posible para la erradicaci\u00f3n de estas enfermedades en Am\u00e9rica del Sur.<\/span><\/p>\n<hr \/>\n<p style=\"text-align: center;\"><a href=\"https:\/\/grupomontevideo.org\/site\/wp-content\/uploads\/2022\/02\/Memorias-Jornadas-V-2.pdf\"><strong>Descargue la publicaci\u00f3n aqu\u00ed<\/strong><\/a><\/p>\n<hr \/>\n<p style=\"text-align: center;\"><img fetchpriority=\"high\" decoding=\"async\" class=\"aligncenter size-medium wp-image-13529\" src=\"https:\/\/grupomontevideo.org\/site\/wp-content\/uploads\/2022\/02\/Brucelosos-Memorias-1-1000x1000.png\" alt=\"\" width=\"1000\" height=\"1000\" \/><\/p>\n","protected":false},"excerpt":{"rendered":"<p>Descargue las memorias del evento aqu\u00ed <\/p>\n","protected":false},"author":1,"featured_media":13528,"comment_status":"closed","ping_status":"closed","sticky":false,"template":"","format":"standard","meta":{"footnotes":""},"categories":[48],"tags":[],"class_list":["post-13526","post","type-post","status-publish","format-standard","has-post-thumbnail","hentry","category-archivo-de-noticias"],"wpmagazine_modules_lite_featured_media_urls":{"thumbnail":["https:\/\/grupomontevideo.org\/site\/wp-content\/uploads\/2022\/02\/Memorias-Brucelosis.png",150,84,false],"cvmm-medium":["https:\/\/grupomontevideo.org\/site\/wp-content\/uploads\/2022\/02\/Memorias-Brucelosis.png",300,169,false],"cvmm-medium-plus":["https:\/\/grupomontevideo.org\/site\/wp-content\/uploads\/2022\/02\/Memorias-Brucelosis.png",305,172,false],"cvmm-portrait":["https:\/\/grupomontevideo.org\/site\/wp-content\/uploads\/2022\/02\/Memorias-Brucelosis.png",400,225,false],"cvmm-medium-square":["https:\/\/grupomontevideo.org\/site\/wp-content\/uploads\/2022\/02\/Memorias-Brucelosis.png",600,338,false],"cvmm-large":["https:\/\/grupomontevideo.org\/site\/wp-content\/uploads\/2022\/02\/Memorias-Brucelosis.png",1024,576,false],"cvmm-small":["https:\/\/grupomontevideo.org\/site\/wp-content\/uploads\/2022\/02\/Memorias-Brucelosis.png",130,73,false],"full":["https:\/\/grupomontevideo.org\/site\/wp-content\/uploads\/2022\/02\/Memorias-Brucelosis.png",1600,900,false]},"categories_names":{"48":{"name":"Archivo de noticias","link":"https:\/\/grupomontevideo.org\/site\/category\/archivo-de-noticias\/"}},"tags_names":[],"comments_number":"0","_links":{"self":[{"href":"https:\/\/grupomontevideo.org\/site\/wp-json\/wp\/v2\/posts\/13526","targetHints":{"allow":["GET"]}}],"collection":[{"href":"https:\/\/grupomontevideo.org\/site\/wp-json\/wp\/v2\/posts"}],"about":[{"href":"https:\/\/grupomontevideo.org\/site\/wp-json\/wp\/v2\/types\/post"}],"author":[{"embeddable":true,"href":"https:\/\/grupomontevideo.org\/site\/wp-json\/wp\/v2\/users\/1"}],"replies":[{"embeddable":true,"href":"https:\/\/grupomontevideo.org\/site\/wp-json\/wp\/v2\/comments?post=13526"}],"version-history":[{"count":1,"href":"https:\/\/grupomontevideo.org\/site\/wp-json\/wp\/v2\/posts\/13526\/revisions"}],"predecessor-version":[{"id":15289,"href":"https:\/\/grupomontevideo.org\/site\/wp-json\/wp\/v2\/posts\/13526\/revisions\/15289"}],"wp:featuredmedia":[{"embeddable":true,"href":"https:\/\/grupomontevideo.org\/site\/wp-json\/wp\/v2\/media\/13528"}],"wp:attachment":[{"href":"https:\/\/grupomontevideo.org\/site\/wp-json\/wp\/v2\/media?parent=13526"}],"wp:term":[{"taxonomy":"category","embeddable":true,"href":"https:\/\/grupomontevideo.org\/site\/wp-json\/wp\/v2\/categories?post=13526"},{"taxonomy":"post_tag","embeddable":true,"href":"https:\/\/grupomontevideo.org\/site\/wp-json\/wp\/v2\/tags?post=13526"}],"curies":[{"name":"wp","href":"https:\/\/api.w.org\/{rel}","templated":true}]}}