{"id":13362,"date":"2021-11-23T17:24:22","date_gmt":"2021-11-23T17:24:22","guid":{"rendered":"http:\/\/grupomontevideo.org\/sitio\/?post_type=noticias&#038;p=13362"},"modified":"2022-06-22T16:13:04","modified_gmt":"2022-06-22T16:13:04","slug":"red-iberoamericana-de-derecho-universitario-ridu","status":"publish","type":"post","link":"https:\/\/grupomontevideo.org\/site\/red-iberoamericana-de-derecho-universitario-ridu\/","title":{"rendered":"Red Iberoamericana de Derecho Universitario (RIDU)"},"content":{"rendered":"<p><strong>TIPO:<\/strong> <strong>Acuerdo de colaboraci\u00f3n<\/strong><br \/>\n<strong>FECHA DE FIRMA:<\/strong> 29\/06\/2021<br \/>\n<strong>VIGENCIA:<\/strong> 2 a\u00f1os con renovaci\u00f3n autom\u00e1tica<br \/>\n<strong>OBJETIVO PRINCIPAL<\/strong>: Realizaci\u00f3n en com\u00fan de actividades de divulgaci\u00f3n, de formaci\u00f3n, de investigaci\u00f3n y de mutua colaboraci\u00f3n.<br \/>\n<strong>FECHA DE ULTIMA ACTIVIDAD:<\/strong> 2021<br \/>\n<strong>INFORMANTE\/ES CLAVE DE AUGM:<\/strong> Aziz Saliba<br \/>\n<strong>INFORMANTE\/ES CLAVE DE LA CONTRAPERTE:<\/strong> Dr. Alejandro C\u00e9sar Caudis, Presidente de RIDU<br \/>\n&nbsp;<\/p>\n","protected":false},"excerpt":{"rendered":"<p>TIPO: Acuerdo de colaboraci\u00f3n FECHA DE FIRMA: 29\/06\/2021 VIGENCIA: 2 a\u00f1os con renovaci\u00f3n autom\u00e1tica OBJETIVO PRINCIPAL: Realizaci\u00f3n en com\u00fan de actividades de divulgaci\u00f3n, de formaci\u00f3n, de investigaci\u00f3n y de mutua colaboraci\u00f3n. FECHA DE ULTIMA ACTIVIDAD: 2021 INFORMANTE\/ES CLAVE DE AUGM: Aziz Saliba INFORMANTE\/ES CLAVE DE LA CONTRAPERTE: Dr. Alejandro C\u00e9sar Caudis, Presidente de RIDU &nbsp;<\/p>\n","protected":false},"author":1,"featured_media":13441,"comment_status":"closed","ping_status":"closed","sticky":false,"template":"","format":"standard","meta":{"footnotes":""},"categories":[48],"tags":[],"class_list":["post-13362","post","type-post","status-publish","format-standard","has-post-thumbnail","hentry","category-archivo-de-noticias"],"wpmagazine_modules_lite_featured_media_urls":{"thumbnail":["https:\/\/grupomontevideo.org\/site\/wp-content\/uploads\/2021\/11\/RIDU.jpg",150,52,false],"cvmm-medium":["https:\/\/grupomontevideo.org\/site\/wp-content\/uploads\/2021\/11\/RIDU.jpg",300,104,false],"cvmm-medium-plus":["https:\/\/grupomontevideo.org\/site\/wp-content\/uploads\/2021\/11\/RIDU.jpg",305,106,false],"cvmm-portrait":["https:\/\/grupomontevideo.org\/site\/wp-content\/uploads\/2021\/11\/RIDU.jpg",400,138,false],"cvmm-medium-square":["https:\/\/grupomontevideo.org\/site\/wp-content\/uploads\/2021\/11\/RIDU.jpg",491,170,false],"cvmm-large":["https:\/\/grupomontevideo.org\/site\/wp-content\/uploads\/2021\/11\/RIDU.jpg",491,170,false],"cvmm-small":["https:\/\/grupomontevideo.org\/site\/wp-content\/uploads\/2021\/11\/RIDU.jpg",130,45,false],"full":["https:\/\/grupomontevideo.org\/site\/wp-content\/uploads\/2021\/11\/RIDU.jpg",491,170,false]},"categories_names":{"48":{"name":"Archivo de noticias","link":"https:\/\/grupomontevideo.org\/site\/category\/archivo-de-noticias\/"}},"tags_names":[],"comments_number":"0","_links":{"self":[{"href":"https:\/\/grupomontevideo.org\/site\/wp-json\/wp\/v2\/posts\/13362","targetHints":{"allow":["GET"]}}],"collection":[{"href":"https:\/\/grupomontevideo.org\/site\/wp-json\/wp\/v2\/posts"}],"about":[{"href":"https:\/\/grupomontevideo.org\/site\/wp-json\/wp\/v2\/types\/post"}],"author":[{"embeddable":true,"href":"https:\/\/grupomontevideo.org\/site\/wp-json\/wp\/v2\/users\/1"}],"replies":[{"embeddable":true,"href":"https:\/\/grupomontevideo.org\/site\/wp-json\/wp\/v2\/comments?post=13362"}],"version-history":[{"count":1,"href":"https:\/\/grupomontevideo.org\/site\/wp-json\/wp\/v2\/posts\/13362\/revisions"}],"predecessor-version":[{"id":15329,"href":"https:\/\/grupomontevideo.org\/site\/wp-json\/wp\/v2\/posts\/13362\/revisions\/15329"}],"wp:featuredmedia":[{"embeddable":true,"href":"https:\/\/grupomontevideo.org\/site\/wp-json\/wp\/v2\/media\/13441"}],"wp:attachment":[{"href":"https:\/\/grupomontevideo.org\/site\/wp-json\/wp\/v2\/media?parent=13362"}],"wp:term":[{"taxonomy":"category","embeddable":true,"href":"https:\/\/grupomontevideo.org\/site\/wp-json\/wp\/v2\/categories?post=13362"},{"taxonomy":"post_tag","embeddable":true,"href":"https:\/\/grupomontevideo.org\/site\/wp-json\/wp\/v2\/tags?post=13362"}],"curies":[{"name":"wp","href":"https:\/\/api.w.org\/{rel}","templated":true}]}}