{"id":13270,"date":"2021-11-22T16:07:43","date_gmt":"2021-11-22T16:07:43","guid":{"rendered":"http:\/\/grupomontevideo.org\/sitio\/?post_type=noticias&#038;p=13270"},"modified":"2022-06-22T16:13:05","modified_gmt":"2022-06-22T16:13:05","slug":"dados-e-softwares-livres-no-ambito-do-sensoriamento-remoto-e-seu-impacto-no-brasil-e-no-exterior","status":"publish","type":"post","link":"https:\/\/grupomontevideo.org\/site\/dados-e-softwares-livres-no-ambito-do-sensoriamento-remoto-e-seu-impacto-no-brasil-e-no-exterior\/","title":{"rendered":"Dados e softwares livres no \u00e2mbito do Sensoriamento Remoto e seu impacto no Brasil e no exterior"},"content":{"rendered":"<p style=\"text-align: justify;\">El\u00a0<strong>N\u00facleo Disciplinario Geotecnolog\u00edas y Ciencias Atmosf\u00e9ricas<\/strong>\u00a0(ND GyCA) de la Asociaci\u00f3n de Universidades Grupo Montevideo (AUGM) contin\u00faa con\u00a0<strong>su ciclo de webinars sobre temas actuales y relevantes en sus \u00e1reas de actividad<\/strong>.<\/p>\n<p style=\"text-align: justify;\">El p<strong>r\u00f3ximo 08 de dicieme<\/strong> llevar\u00e1 a cabo su cuarta conferencia del 2021, titulada <em><strong>\u00abDados e softwares livres no \u00e2mbito do Sensoriamento Remoto e seu impacto no Brasil e no exterior\u00bb<\/strong><\/em>, que est\u00e1 a cargo del Dr. Gilberto Camara Neto (m\u00e1s informaci\u00f3n del panelista abajo).<\/p>\n<p style=\"text-align: justify;\"><strong>La actividad comenzar\u00e1 a las 17.00 horas (- 3 GMT) y ser\u00e1 de paticipaci\u00f3n abierta a trav\u00e9s de \u00a0nuestro canal de\u00a0<a href=\"https:\/\/www.youtube.com\/watch?v=DAw_lL9WjJU\">YouTube: AUGM Oficial<\/a><\/strong><\/p>\n<p style=\"text-align: justify;\">El ND GyCA, en el \u00e1mbito de la AUGM, tiene como objetivos generales promover la integraci\u00f3n acad\u00e9mica de los grupos que trabajan en investigaci\u00f3n y docencia en las \u00e1reas te\u00f3ricas y aplicadas de GyCA.<\/p>\n<p style=\"text-align: justify;\"><strong>Sobre Dr. Gilberto Camara Neto:\u00a0<\/strong><\/p>\n<p style=\"text-align: justify;\"><em><span style=\"font-weight: 400;\">Pesquisador em Geoinform\u00e1tica, An\u00e1lise Espacial e Modelagem do Uso da Terra, vinculado ao Instituto Nacional de Pesquisas Espaciais (INPE). Ele \u00e9 reconhecido internacionalmente por promover o acesso gratuito a dados geoespaciais e por estabelecer um monitoramento eficiente por sat\u00e9lite da floresta amaz\u00f4nica brasileira. Depois de se aposentar do INPE em junho de 2016, ap\u00f3s 35 anos de trabalho, continua realizando atividades de P&amp;D no INPE como pesquisador colaborador. Foi coordenador-geral de Observa\u00e7\u00e3o da Terra do INPE de outubro de 2001 a dezembro de 2005 e diretor do INPE de dezembro de 2005 a maio de 2012. Durante seu mandato como diretor do INPE, o or\u00e7amento de investimento do instituto aumentou de R$ 90 milh\u00f5es em 2004 para R$ 420 milh\u00f5es em 2011 (maior or\u00e7amento da hist\u00f3ria do instituto). <\/span><\/em><\/p>\n<p style=\"text-align: justify;\"><em><span style=\"font-weight: 400;\">Quando diretor do INPE, refor\u00e7ou a pol\u00edtica industrial do INPE de contratar a ind\u00fastria brasileira para fornecer tecnologia para o programa espacial. Executou mais de R$ 350 milh\u00f5es em contratos industriais para o programa CBERS. Criou o Centro de Ci\u00eancia do Sistema Terrestre, o Centro Regional da Amaz\u00f4nia e o programa de Clima Espacial, e conseguiu recursos para um novo supercomputador de alto desempenho para o INPE. Foi respons\u00e1vel pela pol\u00edtica de acesso livre \u00e0s imagens do sat\u00e9lite do INPE e da abertura para toda a sociedade dos dados de desmatamento do PRODES. Sob sua orienta\u00e7\u00e3o, a equipe do INPE alcan\u00e7ou grandes avan\u00e7os no monitoramento de mudan\u00e7as de uso da terra usando sensoriamento remoto, levando a uma grande redu\u00e7\u00e3o no desmatamento na Amaz\u00f4nia. A importante revista cient\u00edfica Nature chamou essa redu\u00e7\u00e3o no desmatamento de \u00aba maior hist\u00f3ria de sucesso ambiental em d\u00e9cadas\u00bb. <\/span><\/em><\/p>\n<p style=\"text-align: justify;\"><em><span style=\"font-weight: 400;\">Liderou a equipe brasileira que, trabalhando em conjunto com pesquisadores do IIASA (International Institute for Applied Systems Analysis), desenvolveu os estudos t\u00e9cnicos que apoiaram os compromissos oficiais do governo em uso da terra na Contribui\u00e7\u00e3o Nacionalmente Determinada (NDC) do Brasil ao Acordo de Paris sobre Mudan\u00e7as Clim\u00e1ticas. Orientou 29 teses de doutorado e 28 disserta\u00e7\u00f5es de mestrado e publicou 125 artigos revisados por pares que foram citados mais de 14.000 vezes com \u00edndice h de 49 (Google Scholar, julho de 2021). Foi membro do Comit\u00ea Cient\u00edfico do <\/span><span style=\"font-weight: 400;\">Global Land Project<\/span><span style=\"font-weight: 400;\"> de 2006 a 2011. <\/span><\/em><\/p>\n<p style=\"text-align: justify;\"><em><span style=\"font-weight: 400;\">De junho de 2013 a maio de 2015, ocupou a Cat\u00e9dra Brasil na Universidade de M\u00fcnster (Alemanha), com apoio da ag\u00eancia brasileira CAPES. Como reconhecimento pelo seu trabalho, Gilberto foi indicado como Doutor honoris causa pela Universidade de M\u00fcnster (Alemanha) e como Chevalier de la Ordre National du M\u00e9rite da Fran\u00e7a. Recebeu o Global Citizen Award da Global Spatial Data Infrastructure Association. \u00c9 membro s\u00eanior da Association for Computing Machinery (ACM). Recebeu o pr\u00eamio William T. Pecora da NASA e USGS por \u00ablideran\u00e7a no acesso amplo e aberto a dados de sensoriamento remoto\u00bb. <\/span><\/em><\/p>\n<p style=\"text-align: justify;\"><em><span style=\"font-weight: 400;\">Entre 2015 a 2018, representou a Funda\u00e7\u00e3o de Pesquisa de S\u00e3o Paulo (FAPESP) no Belmont Forum de ag\u00eancias de fomento \u00e0 pesquisa de mudan\u00e7as globais e foi um dos co-presidentes do Belmont Forum (2016-2017). Foi diretor do Secretariado do Grupo de Observa\u00e7\u00f5es da Terra (GEO), no per\u00edodo de julho de 2018 a junho de 2021. Como diretor do Secretariado do GEO, aplicou sua vis\u00e3o de <\/span><span style=\"font-weight: 400;\">Open Science<\/span><span style=\"font-weight: 400;\"> para ajudar as na\u00e7\u00f5es em desenvolvimento a usar melhor os dados de observa\u00e7\u00e3o da Terra para melhorar o bem-estar social e as pr\u00e1ticas de desenvolvimento sustent\u00e1vel.<\/span><\/em><\/p>\n<p><img fetchpriority=\"high\" decoding=\"async\" class=\"aligncenter size-medium wp-image-13273\" src=\"https:\/\/grupomontevideo.org\/site\/wp-content\/uploads\/2021\/11\/Geotecologias4-1000x994.png\" alt=\"\" width=\"1000\" height=\"994\" \/><\/p>\n","protected":false},"excerpt":{"rendered":"<p>Actividad virtual abierta. El pr\u00f3ximo 08\/12 a trav\u00e9s del canal de YouTube \u00abAUGM Oficial\u00bb<\/p>\n","protected":false},"author":1,"featured_media":13271,"comment_status":"closed","ping_status":"closed","sticky":false,"template":"","format":"standard","meta":{"footnotes":""},"categories":[48],"tags":[],"class_list":["post-13270","post","type-post","status-publish","format-standard","has-post-thumbnail","hentry","category-archivo-de-noticias"],"wpmagazine_modules_lite_featured_media_urls":{"thumbnail":["https:\/\/grupomontevideo.org\/site\/wp-content\/uploads\/2021\/11\/SensoramientoRemoto.jpg",150,81,false],"cvmm-medium":["https:\/\/grupomontevideo.org\/site\/wp-content\/uploads\/2021\/11\/SensoramientoRemoto.jpg",300,162,false],"cvmm-medium-plus":["https:\/\/grupomontevideo.org\/site\/wp-content\/uploads\/2021\/11\/SensoramientoRemoto.jpg",305,165,false],"cvmm-portrait":["https:\/\/grupomontevideo.org\/site\/wp-content\/uploads\/2021\/11\/SensoramientoRemoto.jpg",400,216,false],"cvmm-medium-square":["https:\/\/grupomontevideo.org\/site\/wp-content\/uploads\/2021\/11\/SensoramientoRemoto.jpg",600,325,false],"cvmm-large":["https:\/\/grupomontevideo.org\/site\/wp-content\/uploads\/2021\/11\/SensoramientoRemoto.jpg",660,357,false],"cvmm-small":["https:\/\/grupomontevideo.org\/site\/wp-content\/uploads\/2021\/11\/SensoramientoRemoto.jpg",130,70,false],"full":["https:\/\/grupomontevideo.org\/site\/wp-content\/uploads\/2021\/11\/SensoramientoRemoto.jpg",660,357,false]},"categories_names":{"48":{"name":"Archivo de noticias","link":"https:\/\/grupomontevideo.org\/site\/category\/archivo-de-noticias\/"}},"tags_names":[],"comments_number":"0","_links":{"self":[{"href":"https:\/\/grupomontevideo.org\/site\/wp-json\/wp\/v2\/posts\/13270","targetHints":{"allow":["GET"]}}],"collection":[{"href":"https:\/\/grupomontevideo.org\/site\/wp-json\/wp\/v2\/posts"}],"about":[{"href":"https:\/\/grupomontevideo.org\/site\/wp-json\/wp\/v2\/types\/post"}],"author":[{"embeddable":true,"href":"https:\/\/grupomontevideo.org\/site\/wp-json\/wp\/v2\/users\/1"}],"replies":[{"embeddable":true,"href":"https:\/\/grupomontevideo.org\/site\/wp-json\/wp\/v2\/comments?post=13270"}],"version-history":[{"count":1,"href":"https:\/\/grupomontevideo.org\/site\/wp-json\/wp\/v2\/posts\/13270\/revisions"}],"predecessor-version":[{"id":15330,"href":"https:\/\/grupomontevideo.org\/site\/wp-json\/wp\/v2\/posts\/13270\/revisions\/15330"}],"wp:featuredmedia":[{"embeddable":true,"href":"https:\/\/grupomontevideo.org\/site\/wp-json\/wp\/v2\/media\/13271"}],"wp:attachment":[{"href":"https:\/\/grupomontevideo.org\/site\/wp-json\/wp\/v2\/media?parent=13270"}],"wp:term":[{"taxonomy":"category","embeddable":true,"href":"https:\/\/grupomontevideo.org\/site\/wp-json\/wp\/v2\/categories?post=13270"},{"taxonomy":"post_tag","embeddable":true,"href":"https:\/\/grupomontevideo.org\/site\/wp-json\/wp\/v2\/tags?post=13270"}],"curies":[{"name":"wp","href":"https:\/\/api.w.org\/{rel}","templated":true}]}}