{"id":13226,"date":"2021-11-15T12:44:30","date_gmt":"2021-11-15T12:44:30","guid":{"rendered":"http:\/\/grupomontevideo.org\/sitio\/?post_type=noticias&#038;p=13226"},"modified":"2022-06-22T16:13:05","modified_gmt":"2022-06-22T16:13:05","slug":"webinar-sobre-programas-de-observacion-de-la-tierra-cbers-y-saocom","status":"publish","type":"post","link":"https:\/\/grupomontevideo.org\/site\/webinar-sobre-programas-de-observacion-de-la-tierra-cbers-y-saocom\/","title":{"rendered":"Webinar sobre \u00abProgramas de Observaci\u00f3n de la Tierra: CBERS y SAOCOM\u00bb"},"content":{"rendered":"<p style=\"text-align: justify;\">El N\u00facleo Disciplinario Geotecnologias y Ciencias de la Atm\u00f3sfera (ND GyCA) de la Asociaci\u00f3n de Universidades Grupo Montevideo (AUGM), llevar\u00e1 adelante una nueva propuesta virtual, esta vez sobre \u201c<b><i>Programas de Observaci\u00f3n de la Tierra: CBERS y SAOCOM\u201d. <\/i><\/b><\/p>\n<p style=\"text-align: justify;\">Se llevar\u00e1 a cabo a e<strong>l pr\u00f3ximo 24 de noviembre a las 16 horas<\/strong> (- 3 GMT) a trav\u00e9s de la plataforma Zoom y contar\u00e1 con importantes conferencistas de la <strong>Comisi\u00f3n Nacional de Actividades Espaciales<\/strong> (CONAE, Argentina) y del <strong>Instituto Nacional de Pesquisas Espaciais<\/strong>\u00a0 (INPE, Brasil).<\/p>\n<p style=\"text-align: justify;\"><span style=\"font-weight: 400;\">M\u00e1s detalles de la presentaciones y de los panelistas m\u00e1s abajo<\/span><\/p>\n<hr \/>\n<p style=\"text-align: center;\"><strong>La actividad se realizar\u00e1 a trav\u00e9s de la plataforma Zoom<br \/>\n<\/strong><a href=\"https:\/\/us02web.zoom.us\/j\/83680941414?pwd=SU4vam8ya0Y0N0dIV3pCMEtlTnduUT09\"><b>Ingrese al seminario aqu\u00ed\u00a0<\/b><\/a><\/p>\n<hr \/>\n<p style=\"text-align: center;\"><strong>Programa<\/strong><\/p>\n<hr \/>\n<p style=\"text-align: left;\"><b>1) 4 \u2013 4:55\u00a0 Comisi\u00f3n Nacional de Actividades Espaciales \u2013 CONAE (Argentina)<\/b><\/p>\n<p>&nbsp;<\/p>\n<p style=\"text-align: left;\"><span style=\"font-weight: 400;\"><img decoding=\"async\" class=\"size-full wp-image-13227 alignleft\" src=\"https:\/\/grupomontevideo.org\/site\/wp-content\/uploads\/2021\/11\/AlvaroGeotecno.png\" alt=\"\" width=\"142\" height=\"152\" \/><\/span><\/p>\n<p>&nbsp;<\/p>\n<p style=\"text-align: left;\"><span style=\"font-weight: 400;\">Ing. \u00c1lvaro Soldano<\/span><span style=\"font-weight: 400;\"> (Subgerente CONAE)<br \/>\n<\/span><a href=\"https:\/\/grupomontevideo.org\/site\/wp-content\/uploads\/2021\/11\/CV_Alvaro-Soldano_2021-1.pdf\"><i><span style=\"font-weight: 400;\">Curr\u00edculum<\/span><\/i><\/a><\/p>\n<p>&nbsp;<br \/>\n&nbsp;<br \/>\n&nbsp;<br \/>\n&nbsp;<\/p>\n<p style=\"text-align: left;\"><img decoding=\"async\" class=\"size-full wp-image-13228 alignleft\" src=\"https:\/\/grupomontevideo.org\/site\/wp-content\/uploads\/2021\/11\/HomeroGeotecno.png\" alt=\"\" width=\"155\" height=\"129\" \/><\/p>\n<p>&nbsp;<\/p>\n<p style=\"text-align: left;\">Dr. Homero Lozza (Jefe de aplicaciones CONAE)<br \/>\n<a href=\"https:\/\/grupomontevideo.org\/site\/wp-content\/uploads\/2021\/11\/HLozza-20211013_Webinar-GUM.pdf\"><i><span style=\"font-weight: 400;\">Curriculo<\/span><\/i><\/a><\/p>\n<p>&nbsp;<br \/>\n&nbsp;<br \/>\n&nbsp;<\/p>\n<p style=\"text-align: left;\"><b>2) 5 \u2013 5:45\u00a0 Instituto Nacional de Pesquisas Espaciais \u2013 INPE (Brasil)<br \/>\n<\/b><\/p>\n<p style=\"text-align: left;\"><strong><img decoding=\"async\" class=\"size-full wp-image-13230 alignleft\" src=\"https:\/\/grupomontevideo.org\/site\/wp-content\/uploads\/2021\/11\/image1-1.jpg\" alt=\"\" width=\"162\" height=\"162\" \/>Dr. Julio Cesar Lima d&#8217;Alge<br \/>\n<\/strong><span style=\"font-weight: 400;\">Mini Bio: Possui gradua\u00e7\u00e3o em Engenharia Cartogr\u00e1fica pelo Instituto Militar de Engenharia (1981), mestrado em Ci\u00eancias Geod\u00e9sicas pela Universidade Federal do Paran\u00e1 (1986) e doutorado em Engenharia pela Escola Polit\u00e9cnica da Universidade de S\u00e3o Paulo (2007). Atualmente \u00e9 engenheiro do Instituto Nacional de Pesquisas Espaciais, onde chefiou a Divis\u00e3o de Processamento de Imagens (DPI) e foi Coordenador-Geral de Observa\u00e7\u00e3o da Terra (OBT). Tem experi\u00eancia na \u00e1rea de Geoci\u00eancias, com \u00eanfase em Cartografia, e atua principalmente nos seguintes temas: geometria de imagens de Sensoriamento Remoto, atualiza\u00e7\u00e3o de mapas, corre\u00e7\u00e3o geom\u00e9trica de imagens, geoinform\u00e1tica).<\/span><\/p>\n<p style=\"text-align: left;\"><strong><img loading=\"lazy\" decoding=\"async\" class=\"size-full wp-image-13231 alignleft\" src=\"https:\/\/grupomontevideo.org\/site\/wp-content\/uploads\/2021\/11\/image3.jpg\" alt=\"\" width=\"162\" height=\"162\" \/>Eng. Jos\u00e9 Teixeira da Matta Bacellar<\/strong><span style=\"font-weight: 400;\">Mini Bio: Possui gradua\u00e7\u00e3o em Engenharia El\u00e9trica-Eletronica pela PUC-Rio e atualmente \u00e9 Tecnologista Senior III da Divis\u00e3o de Processamento de Imagens (DPI) que faz parte da Coordena\u00e7\u00e3o Geral de Observa\u00e7\u00e3o da Terra (OBT), INPE. Linha de Pesquisa: Engenharia de Sistemas.<\/span><\/p>\n<p>&nbsp;<br \/>\n&nbsp;<br \/>\n&nbsp;<\/p>\n<p style=\"text-align: left;\"><strong>3) 5:45 &#8211; 6 Debate<\/strong><\/p>\n<p><img loading=\"lazy\" decoding=\"async\" class=\"aligncenter size-medium wp-image-13248\" src=\"https:\/\/grupomontevideo.org\/site\/wp-content\/uploads\/2021\/11\/Geo3Esp-1000x994.png\" alt=\"\" width=\"1000\" height=\"994\" \/><br \/>\n<img loading=\"lazy\" decoding=\"async\" class=\"aligncenter size-medium wp-image-13249\" src=\"https:\/\/grupomontevideo.org\/site\/wp-content\/uploads\/2021\/11\/Geo3Por-1000x994.png\" alt=\"\" width=\"1000\" height=\"994\" \/><\/p>\n","protected":false},"excerpt":{"rendered":"<p>El pr\u00f3ximo 24\/11 a trav\u00e9s de Zoom. Inscribite en esta publicaci\u00f3n <\/p>\n","protected":false},"author":1,"featured_media":13234,"comment_status":"closed","ping_status":"closed","sticky":false,"template":"","format":"standard","meta":{"footnotes":""},"categories":[48],"tags":[],"class_list":["post-13226","post","type-post","status-publish","format-standard","has-post-thumbnail","hentry","category-archivo-de-noticias"],"wpmagazine_modules_lite_featured_media_urls":{"thumbnail":["https:\/\/grupomontevideo.org\/site\/wp-content\/uploads\/2021\/11\/SACOMA-Argentina.jpg",150,80,false],"cvmm-medium":["https:\/\/grupomontevideo.org\/site\/wp-content\/uploads\/2021\/11\/SACOMA-Argentina.jpg",300,160,false],"cvmm-medium-plus":["https:\/\/grupomontevideo.org\/site\/wp-content\/uploads\/2021\/11\/SACOMA-Argentina.jpg",305,163,false],"cvmm-portrait":["https:\/\/grupomontevideo.org\/site\/wp-content\/uploads\/2021\/11\/SACOMA-Argentina.jpg",400,214,false],"cvmm-medium-square":["https:\/\/grupomontevideo.org\/site\/wp-content\/uploads\/2021\/11\/SACOMA-Argentina.jpg",600,321,false],"cvmm-large":["https:\/\/grupomontevideo.org\/site\/wp-content\/uploads\/2021\/11\/SACOMA-Argentina.jpg",860,460,false],"cvmm-small":["https:\/\/grupomontevideo.org\/site\/wp-content\/uploads\/2021\/11\/SACOMA-Argentina.jpg",130,70,false],"full":["https:\/\/grupomontevideo.org\/site\/wp-content\/uploads\/2021\/11\/SACOMA-Argentina.jpg",860,460,false]},"categories_names":{"48":{"name":"Archivo de noticias","link":"https:\/\/grupomontevideo.org\/site\/category\/archivo-de-noticias\/"}},"tags_names":[],"comments_number":"0","_links":{"self":[{"href":"https:\/\/grupomontevideo.org\/site\/wp-json\/wp\/v2\/posts\/13226","targetHints":{"allow":["GET"]}}],"collection":[{"href":"https:\/\/grupomontevideo.org\/site\/wp-json\/wp\/v2\/posts"}],"about":[{"href":"https:\/\/grupomontevideo.org\/site\/wp-json\/wp\/v2\/types\/post"}],"author":[{"embeddable":true,"href":"https:\/\/grupomontevideo.org\/site\/wp-json\/wp\/v2\/users\/1"}],"replies":[{"embeddable":true,"href":"https:\/\/grupomontevideo.org\/site\/wp-json\/wp\/v2\/comments?post=13226"}],"version-history":[{"count":1,"href":"https:\/\/grupomontevideo.org\/site\/wp-json\/wp\/v2\/posts\/13226\/revisions"}],"predecessor-version":[{"id":15331,"href":"https:\/\/grupomontevideo.org\/site\/wp-json\/wp\/v2\/posts\/13226\/revisions\/15331"}],"wp:featuredmedia":[{"embeddable":true,"href":"https:\/\/grupomontevideo.org\/site\/wp-json\/wp\/v2\/media\/13234"}],"wp:attachment":[{"href":"https:\/\/grupomontevideo.org\/site\/wp-json\/wp\/v2\/media?parent=13226"}],"wp:term":[{"taxonomy":"category","embeddable":true,"href":"https:\/\/grupomontevideo.org\/site\/wp-json\/wp\/v2\/categories?post=13226"},{"taxonomy":"post_tag","embeddable":true,"href":"https:\/\/grupomontevideo.org\/site\/wp-json\/wp\/v2\/tags?post=13226"}],"curies":[{"name":"wp","href":"https:\/\/api.w.org\/{rel}","templated":true}]}}