{"id":13151,"date":"2021-11-11T15:02:12","date_gmt":"2021-11-11T15:02:12","guid":{"rendered":"http:\/\/grupomontevideo.org\/sitio\/?post_type=noticias&#038;p=13151"},"modified":"2022-06-22T16:13:05","modified_gmt":"2022-06-22T16:13:05","slug":"i-foro-de-derechos-humanos-de-augm-derechos-humanos-democracia-y-cultura-de-paz-los-desafios-de-la-proteccion-de-derechos-humanos","status":"publish","type":"post","link":"https:\/\/grupomontevideo.org\/site\/i-foro-de-derechos-humanos-de-augm-derechos-humanos-democracia-y-cultura-de-paz-los-desafios-de-la-proteccion-de-derechos-humanos\/","title":{"rendered":"I FORO DE DERECHOS HUMANOS DE AUGM: \u201cDerechos Humanos, democracia y cultura de paz:  Los desaf\u00edos de la protecci\u00f3n de derechos humanos\u201d"},"content":{"rendered":"<p style=\"text-align: justify;\">La<strong> C\u00e1tedra de Derechos Humanos<\/strong> de la Asociaci\u00f3n de Universidades Grupo Montevideo (AUGM) llevar\u00e1 adelante su <strong>I Foro de Derechos Humanos<\/strong>, actividad que en esta edici\u00f3n llevar\u00e1 como t\u00edtulo \u201c<em><strong>Derechos Humanos, democracia y cultura de paz<\/strong><strong>: <\/strong><\/em><span style=\"font-weight: 400;\"><em><strong>Los desaf\u00edos de la protecci\u00f3n de derechos humanos\u201d<\/strong><\/em>.<\/span><\/p>\n<p style=\"text-align: justify;\"><span style=\"font-weight: 400;\">La propuesta se enmarca en una campa\u00f1a que la Catedra lleva adelante para <strong>promover y defender los derechos Humanos en la subregi\u00f3n con particular \u00e9nfasis en dos temas centrales<\/strong>: los 75 a\u00f1os de la Declaraci\u00f3n Universal de Los Derechos Humanos y los 55 a\u00f1os del Pacto de San Jos\u00e9 (3.2). Este\u00a0 Foro, y sus siguientes ediciones en 2022 y 2023, girar\u00e1n en torno a distintas materias que permitan dar cuerpo a la campa\u00f1a de forma permanente.<\/span><\/p>\n<p style=\"text-align: justify;\"><span style=\"font-weight: 400;\">El objetivo es, entonces<strong>, abrir un espacio de discusi\u00f3n sobre los desaf\u00edos de la protecci\u00f3n de derechos humanos<\/strong> en la regi\u00f3n en tiempos dif\u00edciles para los derechos humanos.<\/span><\/p>\n<p style=\"text-align: justify;\"><span style=\"font-weight: 400;\">El Foro se llevar\u00e1 adelante de forma virtual el pr\u00f3ximo<strong> 7 de diciembre a las 10.00h (- 3 GMT)<\/strong> y contar\u00e1 con <strong>importantes acad\u00e9micos\/as de la regi\u00f3n en la tem\u00e1tica, as\u00ed como autoridades de organismos continentales y regionales para la protecci\u00f3n de los derechos humanos<\/strong> (ver programa abajo).<\/span><\/p>\n<hr \/>\n<p style=\"text-align: center;\"><strong>La actividad ser\u00e1 trasmitida a trav\u00e9s del<a href=\"https:\/\/www.youtube.com\/watch?v=wJ6sB8z5F0c\"> canal de YouTube \u201cAUGM Oficial\u201d<\/a><br \/>\n<\/strong><em><span style=\"font-weight: 400;\">Se entregar\u00e1n certificados las personas inscriptas que participen\u00a0<\/span><\/em><\/p>\n<hr \/>\n<p style=\"text-align: center;\"><strong><a href=\"https:\/\/docs.google.com\/forms\/d\/e\/1FAIpQLSdOMOYXASHyUWqx_tn0fwx5sRMT0WVugiipszpPmxEB9s_row\/viewform?usp=sf_link\">Formulario de inscripci\u00f3n <\/a>(Espa\u00f1ol)<br \/>\n<a href=\"https:\/\/forms.gle\/D58bSbiF8r5ehyEq9\">Formulario de inscripci\u00f3n<\/a> (Portugu\u00e9s)<\/strong><\/p>\n<hr \/>\n<p style=\"text-align: center;\"><strong>Programaci\u00f3n :\u00a0<\/strong><\/p>\n<p style=\"text-align: center;\"><span style=\"font-weight: 400;\">10:00<br \/>\nApertura\u00a0<\/span><\/p>\n<p style=\"text-align: center;\"><span style=\"font-weight: 400;\"><strong>Sandra Goulart Almeida<\/strong><br \/>\nRectora de UFMG\/ Presidenta de AUGM<\/span><\/p>\n<p style=\"text-align: center;\"><span style=\"font-weight: 400;\"><strong>Claudia Mayorga<\/strong><br \/>\nCoordinadora de la C\u00e1tedra de Derechos Humanos de AUGM<\/span><\/p>\n<p style=\"text-align: center;\"><strong>10:15 \u2013 12:00<br \/>\nMesa<br \/>\n\u201c<em>Derechos Humanos, democracia y cultura de paz:\u00a0 Los desaf\u00edos de la protecci\u00f3n de derechos humanos<\/em>\u201d\u00a0<\/strong><\/p>\n<p style=\"text-align: center;\"><span style=\"font-weight: 400;\">Participantes<br \/>\n(15 minutos para cada expositor)<\/span><\/p>\n<p style=\"text-align: center;\"><span style=\"font-weight: 400;\"><strong>\u00a0Claudio Nash<\/strong><br \/>\n(Universidad de Chile\/ C\u00e1tedra de Derechos Humanos de AUGM)<br \/>\n<\/span><span style=\"font-weight: 400;\"><strong>Cristiane Soares Bar\u00e9<\/strong><br \/>\n(Coordinaci\u00f3n de las Organizaciones Ind\u00edgenas de la Amazonia Brasile\u00f1a \u2013 COIAB)<br \/>\n<\/span><span style=\"font-weight: 400;\"><strong>Erika Guevara<\/strong><br \/>\n<\/span><span style=\"font-weight: 400;\">(Amnist\u00eda Internacional)<br \/>\n<\/span><span style=\"font-weight: 400;\"><strong>Jan Jarab<\/strong><br \/>\n(ONU \u2013 Oficina Am\u00e9rica del Sur de la Alta Comisionada de las Naciones Unidas para los Derechos Humanos);<br \/>\n<\/span><span style=\"font-weight: 400;\"><strong>Paulo Saavedra <\/strong><br \/>\n(Corte Interamericana de Derechos Humanos)<\/span><\/p>\n<p><img fetchpriority=\"high\" decoding=\"async\" class=\"aligncenter size-medium wp-image-13221\" src=\"https:\/\/grupomontevideo.org\/site\/wp-content\/uploads\/2021\/11\/IForoDDHHEsp2021-1000x994.png\" alt=\"\" width=\"1000\" height=\"994\" \/> <img decoding=\"async\" class=\"aligncenter size-medium wp-image-13222\" src=\"https:\/\/grupomontevideo.org\/site\/wp-content\/uploads\/2021\/11\/IForoDDHHPor2021-1000x994.png\" alt=\"\" width=\"1000\" height=\"994\" \/> <img decoding=\"async\" class=\"aligncenter size-medium wp-image-13223\" src=\"https:\/\/grupomontevideo.org\/site\/wp-content\/uploads\/2021\/11\/IForoDDHHProgramaESP-1000x994.png\" alt=\"\" width=\"1000\" height=\"994\" \/> <img loading=\"lazy\" decoding=\"async\" class=\"aligncenter size-medium wp-image-13225\" src=\"https:\/\/grupomontevideo.org\/site\/wp-content\/uploads\/2021\/11\/IForoDDHHProgramaPor-1-1000x994.png\" alt=\"\" width=\"1000\" height=\"994\" \/><\/p>\n","protected":false},"excerpt":{"rendered":"<p>El pr\u00f3ximo 7 de diciembre de forma virtual. Inscribite en esta publicaci\u00f3n <\/p>\n","protected":false},"author":1,"featured_media":13153,"comment_status":"closed","ping_status":"closed","sticky":false,"template":"","format":"standard","meta":{"footnotes":""},"categories":[48],"tags":[],"class_list":["post-13151","post","type-post","status-publish","format-standard","has-post-thumbnail","hentry","category-archivo-de-noticias"],"wpmagazine_modules_lite_featured_media_urls":{"thumbnail":["https:\/\/grupomontevideo.org\/site\/wp-content\/uploads\/2021\/11\/DDHHAcnur.jpg",150,82,false],"cvmm-medium":["https:\/\/grupomontevideo.org\/site\/wp-content\/uploads\/2021\/11\/DDHHAcnur.jpg",300,163,false],"cvmm-medium-plus":["https:\/\/grupomontevideo.org\/site\/wp-content\/uploads\/2021\/11\/DDHHAcnur.jpg",305,166,false],"cvmm-portrait":["https:\/\/grupomontevideo.org\/site\/wp-content\/uploads\/2021\/11\/DDHHAcnur.jpg",400,217,false],"cvmm-medium-square":["https:\/\/grupomontevideo.org\/site\/wp-content\/uploads\/2021\/11\/DDHHAcnur.jpg",600,326,false],"cvmm-large":["https:\/\/grupomontevideo.org\/site\/wp-content\/uploads\/2021\/11\/DDHHAcnur.jpg",920,500,false],"cvmm-small":["https:\/\/grupomontevideo.org\/site\/wp-content\/uploads\/2021\/11\/DDHHAcnur.jpg",130,71,false],"full":["https:\/\/grupomontevideo.org\/site\/wp-content\/uploads\/2021\/11\/DDHHAcnur.jpg",920,500,false]},"categories_names":{"48":{"name":"Archivo de noticias","link":"https:\/\/grupomontevideo.org\/site\/category\/archivo-de-noticias\/"}},"tags_names":[],"comments_number":"0","_links":{"self":[{"href":"https:\/\/grupomontevideo.org\/site\/wp-json\/wp\/v2\/posts\/13151","targetHints":{"allow":["GET"]}}],"collection":[{"href":"https:\/\/grupomontevideo.org\/site\/wp-json\/wp\/v2\/posts"}],"about":[{"href":"https:\/\/grupomontevideo.org\/site\/wp-json\/wp\/v2\/types\/post"}],"author":[{"embeddable":true,"href":"https:\/\/grupomontevideo.org\/site\/wp-json\/wp\/v2\/users\/1"}],"replies":[{"embeddable":true,"href":"https:\/\/grupomontevideo.org\/site\/wp-json\/wp\/v2\/comments?post=13151"}],"version-history":[{"count":1,"href":"https:\/\/grupomontevideo.org\/site\/wp-json\/wp\/v2\/posts\/13151\/revisions"}],"predecessor-version":[{"id":15332,"href":"https:\/\/grupomontevideo.org\/site\/wp-json\/wp\/v2\/posts\/13151\/revisions\/15332"}],"wp:featuredmedia":[{"embeddable":true,"href":"https:\/\/grupomontevideo.org\/site\/wp-json\/wp\/v2\/media\/13153"}],"wp:attachment":[{"href":"https:\/\/grupomontevideo.org\/site\/wp-json\/wp\/v2\/media?parent=13151"}],"wp:term":[{"taxonomy":"category","embeddable":true,"href":"https:\/\/grupomontevideo.org\/site\/wp-json\/wp\/v2\/categories?post=13151"},{"taxonomy":"post_tag","embeddable":true,"href":"https:\/\/grupomontevideo.org\/site\/wp-json\/wp\/v2\/tags?post=13151"}],"curies":[{"name":"wp","href":"https:\/\/api.w.org\/{rel}","templated":true}]}}