{"id":12863,"date":"2021-11-09T22:25:19","date_gmt":"2021-11-09T22:25:19","guid":{"rendered":"http:\/\/grupomontevideo.org\/sitio\/?post_type=noticias&#038;p=12863"},"modified":"2022-06-22T16:13:05","modified_gmt":"2022-06-22T16:13:05","slug":"por-que-america-latina-importa-lanzamiento-del-coimbra-group-y-augm","status":"publish","type":"post","link":"https:\/\/grupomontevideo.org\/site\/por-que-america-latina-importa-lanzamiento-del-coimbra-group-y-augm\/","title":{"rendered":"Por qu\u00e9 Am\u00e9rica Latina importa, lanzamiento del Coimbra Group y AUGM"},"content":{"rendered":"<p style=\"text-align: justify;\">Este viernes 12 de noviembre, la <strong>Asociaci\u00f3n de Universidades Grupo Montevideo (AUGM), junto al Coimbra Group Universities<\/strong>, lanzan el libro <strong><i>Por qu\u00e9 Latinoam\u00e9rica Importa<\/i><\/strong><span style=\"font-weight: 400;\">, una<strong> importante publicaci\u00f3n<\/strong> de la que tambi\u00e9n participaron el Center for Contemporary Latin America Studies y la Universidad de Edimburgo. <\/span><\/p>\n<p style=\"text-align: justify;\"><span style=\"font-weight: 400;\">Se trata de \u201c<\/span><i><span style=\"font-weight: 400;\"><strong>un libro necesario, cuyos ensayos presentan reflexiones estrat\u00e9gicas en este momento de la historia<\/strong>\u201d, <\/span><\/i><span style=\"font-weight: 400;\">expresa en el pr\u00f3logo <strong>Ana L\u00facia Gazzola<\/strong>, ex rectora de la Universidade Federal de Minas Gerais (UFMG).<\/span><\/p>\n<p style=\"text-align: justify;\"><span style=\"font-weight: 400;\">Esta obra tiene como <strong>objetivo defender la importancia de Am\u00e9rica Latina como una regi\u00f3n crucial en la pol\u00edtica y el desarrollo globales<\/strong>. Con su rica historia, cultura, enorme resiliencia e innovaci\u00f3n creativa frente a las constantes amenazas contra la naturaleza y la dignidad humana. De hecho, el continente puede mostrar el camino a seguir para el mundo.<\/span><\/p>\n<p style=\"text-align: justify;\"><span style=\"font-weight: 400;\">Estos ensayos, adem\u00e1s, se presentan como un<strong> intento de proporcionar una comprensi\u00f3n m\u00e1s profunda de los significados sociales, pol\u00edticos, enfoques econ\u00f3micos, ambientales y culturales que han tenido lugar en Am\u00e9rica Latina<\/strong> durante los \u00faltimos a\u00f1os.<\/span><\/p>\n<p style=\"text-align: justify;\"><span style=\"font-weight: 400;\">Estas experiencias y perspectivas ofrecen lecciones concretas que pueden proporcionar un marco decisivo para una reflexi\u00f3n profunda sobre problemas cada vez m\u00e1s desafiantes en otras regiones, particularmente en Europa, y en un escala global.<\/span><\/p>\n<p style=\"text-align: justify;\">El evento se llevar\u00e1 a cabo a trav\u00e9s del seminario web de Zoom, y puede<strong> registrarse con anticipaci\u00f3n<\/strong> a trav\u00e9s del <a href=\"https:\/\/ed-ac-uk.zoom.us\/webinar\/register\/WN_asXTxMeoSl-R0_5EVP_PTw\">siguiente enlace.\u00a0<\/a><\/p>\n<p style=\"text-align: justify;\">Despu\u00e9s del registro, recibir\u00e1 un correo electr\u00f3nico de confirmaci\u00f3n con informaci\u00f3n y m\u00e1s enlaces para unirse al seminario web.<\/p>\n<p>De la actividad de lanzamiento, cuyos detalles pueden ser consultados abajo, participaran autoridades y figuras de relevancia del corpus acad\u00e9mico de las instituciones involucradas.<br \/>\n<img fetchpriority=\"high\" decoding=\"async\" class=\"aligncenter size-medium wp-image-12866\" src=\"https:\/\/grupomontevideo.org\/site\/wp-content\/uploads\/2021\/11\/0001-1-707x1000.jpg\" alt=\"\" width=\"707\" height=\"1000\" \/><\/p>\n","protected":false},"excerpt":{"rendered":"<p>Un libro necesario y estrat\u00e9gico para este momento de la historia <\/p>\n","protected":false},"author":1,"featured_media":12867,"comment_status":"closed","ping_status":"closed","sticky":false,"template":"","format":"standard","meta":{"footnotes":""},"categories":[48],"tags":[],"class_list":["post-12863","post","type-post","status-publish","format-standard","has-post-thumbnail","hentry","category-archivo-de-noticias"],"wpmagazine_modules_lite_featured_media_urls":{"thumbnail":["https:\/\/grupomontevideo.org\/site\/wp-content\/uploads\/2021\/11\/GacetillaWhyLatinAmerica.png",150,98,false],"cvmm-medium":["https:\/\/grupomontevideo.org\/site\/wp-content\/uploads\/2021\/11\/GacetillaWhyLatinAmerica.png",300,197,false],"cvmm-medium-plus":["https:\/\/grupomontevideo.org\/site\/wp-content\/uploads\/2021\/11\/GacetillaWhyLatinAmerica.png",305,200,false],"cvmm-portrait":["https:\/\/grupomontevideo.org\/site\/wp-content\/uploads\/2021\/11\/GacetillaWhyLatinAmerica.png",400,262,false],"cvmm-medium-square":["https:\/\/grupomontevideo.org\/site\/wp-content\/uploads\/2021\/11\/GacetillaWhyLatinAmerica.png",600,393,false],"cvmm-large":["https:\/\/grupomontevideo.org\/site\/wp-content\/uploads\/2021\/11\/GacetillaWhyLatinAmerica.png",610,400,false],"cvmm-small":["https:\/\/grupomontevideo.org\/site\/wp-content\/uploads\/2021\/11\/GacetillaWhyLatinAmerica.png",130,85,false],"full":["https:\/\/grupomontevideo.org\/site\/wp-content\/uploads\/2021\/11\/GacetillaWhyLatinAmerica.png",610,400,false]},"categories_names":{"48":{"name":"Archivo de noticias","link":"https:\/\/grupomontevideo.org\/site\/category\/archivo-de-noticias\/"}},"tags_names":[],"comments_number":"0","_links":{"self":[{"href":"https:\/\/grupomontevideo.org\/site\/wp-json\/wp\/v2\/posts\/12863","targetHints":{"allow":["GET"]}}],"collection":[{"href":"https:\/\/grupomontevideo.org\/site\/wp-json\/wp\/v2\/posts"}],"about":[{"href":"https:\/\/grupomontevideo.org\/site\/wp-json\/wp\/v2\/types\/post"}],"author":[{"embeddable":true,"href":"https:\/\/grupomontevideo.org\/site\/wp-json\/wp\/v2\/users\/1"}],"replies":[{"embeddable":true,"href":"https:\/\/grupomontevideo.org\/site\/wp-json\/wp\/v2\/comments?post=12863"}],"version-history":[{"count":1,"href":"https:\/\/grupomontevideo.org\/site\/wp-json\/wp\/v2\/posts\/12863\/revisions"}],"predecessor-version":[{"id":15333,"href":"https:\/\/grupomontevideo.org\/site\/wp-json\/wp\/v2\/posts\/12863\/revisions\/15333"}],"wp:featuredmedia":[{"embeddable":true,"href":"https:\/\/grupomontevideo.org\/site\/wp-json\/wp\/v2\/media\/12867"}],"wp:attachment":[{"href":"https:\/\/grupomontevideo.org\/site\/wp-json\/wp\/v2\/media?parent=12863"}],"wp:term":[{"taxonomy":"category","embeddable":true,"href":"https:\/\/grupomontevideo.org\/site\/wp-json\/wp\/v2\/categories?post=12863"},{"taxonomy":"post_tag","embeddable":true,"href":"https:\/\/grupomontevideo.org\/site\/wp-json\/wp\/v2\/tags?post=12863"}],"curies":[{"name":"wp","href":"https:\/\/api.w.org\/{rel}","templated":true}]}}