{"id":12221,"date":"2021-11-08T16:09:42","date_gmt":"2021-11-08T16:09:42","guid":{"rendered":"http:\/\/grupomontevideo.org\/sitio\/?post_type=noticias&#038;p=12221"},"modified":"2022-06-22T16:13:05","modified_gmt":"2022-06-22T16:13:05","slug":"12221","status":"publish","type":"post","link":"https:\/\/grupomontevideo.org\/site\/12221\/","title":{"rendered":"Apertura de las Jornadas de J\u00f3venes Investigadores de AUGM"},"content":{"rendered":"<p style=\"text-align: justify;\">Este mi\u00e9rcoles <strong>10 de noviembre la Asociaci\u00f3n de Universidades Grupo Montevideo<\/strong> (AUGM), junto a la <strong>Universidad de Santiago de Chile<\/strong> (USACH), instituci\u00f3n sede, <strong>dar\u00e1 apertura a la edici\u00f3n n\u00famero 28 de las Jornadas de J\u00f3venes Investigadores<\/strong>, programa que comenz\u00f3 en 1993 y que desde entonces re\u00fane a cientos de j\u00f3venes investigadores de las universidades miembro.<\/p>\n<p style=\"text-align: justify;\"><span style=\"font-weight: 400;\">La ceremonia de inauguraci\u00f3n comenzar\u00e1 a las\u00a0 9:45 horas (- 3 GMT) y contar\u00e1 con la<strong> clase magistral de la Dra. Kathya Araujo<\/strong>, destacada acad\u00e9mica del Instituto de Estudios Avanzados de la USACH, titulada <\/span><i><span style=\"font-weight: 400;\">\u201c<strong>Investigaci\u00f3n y sociedades post-pandemia<\/strong><\/span><\/i><span style=\"font-weight: 400;\">\u201d.<\/span><\/p>\n<p style=\"text-align: justify;\"><span style=\"font-weight: 400;\">Durante las jornadas, se realizar\u00e1n <strong>5 sesiones de exposiciones orales de las investigaciones de los y las 569 estudiantes que sus universidades seleccionaron.<\/strong><\/span><\/p>\n<p style=\"text-align: justify;\"><span style=\"font-weight: 400;\">La ceremonia de clausura y premiaci\u00f3n se realizar\u00e1 el viernes 12 de noviembre a las 15:00 horas, ocasi\u00f3n en la cual, como es habitual, se mostrar\u00e1 un adelanto de las XXIX Jornadas de J\u00f3venes Investigadores de AUGM, que estar\u00e1n a cargo de la Universidad Mayor, Real y Pontificia de San Francisco Xavier de Chuquisaca (UMRPSFXCH), de Bolivia.<\/span><\/p>\n<hr \/>\n<p style=\"text-align: justify;\"><strong>El acceso a todas las actividades es a trav\u00e9s de <a href=\"https:\/\/jjiusach.com\/\">https:\/\/jjiusach.com\/<\/a><br \/>\n<\/strong><strong>Acceda al <a href=\"https:\/\/grupomontevideo.org\/site\/wp-content\/uploads\/2021\/11\/Programa-JJI-General-2021-1.pdf\">Programa de las Jornadas aqu\u00ed<\/a><\/strong><\/p>\n<hr \/>\n<p style=\"text-align: justify;\"><span style=\"font-weight: 400;\">Las Jornadas de J\u00f3venes Investigadores tiene por objetivo incentivar, desde temprana edad, la relaci\u00f3n entre j\u00f3venes investigadores de pa\u00edses de la regi\u00f3n, promoviendo el desarrollo de redes interpersonales y cient\u00edfico-acad\u00e9micas. De esta manera, permiten la formaci\u00f3n de grupos regionales de investigaci\u00f3n cient\u00edfica, cumpliendo una de las prioridades de la Asociaci\u00f3n: la formaci\u00f3n de profesionales calificados y ciudadanos comprometidos con la realidad actual de Am\u00e9rica Latina.<\/span><\/p>\n<p style=\"text-align: justify;\"><strong>Propuesta cultural<\/strong><\/p>\n<p style=\"text-align: justify;\">Las Jornadas tambi\u00e9n ofrece dos actividades culturales abiertas a todo el p\u00fablico como forma de fortalecer el intercambio cultural entre quienes participen. Una de ellas est\u00e1 dirigida a la gastronom\u00eda chilena y otra al intercambio sobre lenguaje y modismos latinoamericanos.<br \/>\nM\u00e1s informaci\u00f3n en el<a href=\"https:\/\/jjiusach.com\/\"> sitio de las Jornadas<\/a><\/p>\n<p>Vea los detalles de cada una a continuaci\u00f3n:<\/p>\n<p style=\"text-align: justify;\"><strong>Gastronom\u00eda desde la ra\u00edz<br \/>\n<\/strong><em>Mi\u00e9rcoles 10 de noviembre<\/em><\/p>\n<p style=\"text-align: justify;\">Hora de inicio: 11:00<br \/>\nHora final: 12:30<br \/>\nModerador: Mar\u00eda Fernanda Sosa<br \/>\nMedio de Conexi\u00f3n: Zoom<br \/>\nIdioma: Espa\u00f1ol<\/p>\n<p style=\"text-align: justify;\"><strong>Objetivo:<\/strong> Brindar a los participantes de la Jornada de J\u00f3venes Investigadores una mirada sobre la evoluci\u00f3n de la cocina chilena, desde sus inicios a trav\u00e9s de las costumbres adquiridas por los pueblos originarios hasta las influencias extranjeras que han complementado la gastronom\u00eda chilena hoy d\u00eda.<\/p>\n<p style=\"text-align: justify;\"><strong>Descripci\u00f3n de la actividad:<\/strong> En esta actividad contaremos con la presencia de la profesora Jeannette Pacheco, acad\u00e9mica de nuestra casa de estudios, quien expondr\u00e1 sobre la alimentaci\u00f3n de los pueblos originarios de Chile, abordando cu\u00e1les eran sus fuentes principales de alimentos, sus ingredientes m\u00e1s caracter\u00edsticos, as\u00ed como sus t\u00e9cnicas para cocinarlos y conservarlos. Posterior a esa exposici\u00f3n, la profesora Carol Parra de la Universidad de Playa Ancha, hablar\u00e1 de la evoluci\u00f3n de estas t\u00e9cnicas y del inicio de lo que se conoce hoy en d\u00eda como gastronom\u00eda chilena. Se contemplan actividades participativas para generar interrelaci\u00f3n con el p\u00fablico mediante preguntas que permitan encontrar t\u00f3picos culinarios comunes relacionados a la gastronom\u00eda.<\/p>\n<p><img fetchpriority=\"high\" decoding=\"async\" class=\"aligncenter size-medium wp-image-12233\" src=\"https:\/\/grupomontevideo.org\/site\/wp-content\/uploads\/2021\/11\/Gatronomia-cuadrado-1000x1000.jpg\" alt=\"\" width=\"1000\" height=\"1000\" \/><\/p>\n<hr \/>\n<p style=\"text-align: justify;\"><strong>Hablemos de modismos: Conociendo las variantes latinoamericanas<br \/>\n<\/strong><em>Viernes 12 de noviembre<\/em><\/p>\n<p style=\"text-align: justify;\">Hora de inicio: 10:30<br \/>\nHora final: 12:00<br \/>\nModeradora: Camila Far\u00edas<br \/>\nMedio de Conexi\u00f3n: Zoom<br \/>\nIdioma: Espa\u00f1ol<\/p>\n<p style=\"text-align: justify;\"><strong>Objetivo:<\/strong> Realizar un intercambio cultural a trav\u00e9s del lenguaje, comentando y contrastando modismos de distintos pa\u00edses y sus variaciones respectivas.<\/p>\n<p style=\"text-align: justify;\">Descripci\u00f3n de la actividad: En esta actividad realizaremos un conversatorio donde expondremos sobre modismos chilenos y modismos de un pa\u00eds invitado, parte de la red de AUGM, en el cual se intercambiar\u00e1n opiniones e informaci\u00f3n sobre las particularidades de la lengua de cada pa\u00eds. En una segunda instancia, tendremos un invitado especial quien nos contar\u00e1, a trav\u00e9s de an\u00e9cdotas y ejemplos, su experiencia aprendiendo el espa\u00f1ol chileno.<\/p>\n<p><img decoding=\"async\" class=\"aligncenter size-medium wp-image-12232\" src=\"https:\/\/grupomontevideo.org\/site\/wp-content\/uploads\/2021\/11\/Modismos-cuadrado-1000x1000.jpg\" alt=\"\" width=\"1000\" height=\"1000\" \/><\/p>\n","protected":false},"excerpt":{"rendered":"<p>Este mi\u00e9rcoles 10 a las 9.45 (- 3 GMT). Accede adem\u00e1s a las actividades culturales abiertas<\/p>\n","protected":false},"author":1,"featured_media":12227,"comment_status":"closed","ping_status":"closed","sticky":false,"template":"","format":"standard","meta":{"footnotes":""},"categories":[48],"tags":[],"class_list":["post-12221","post","type-post","status-publish","format-standard","has-post-thumbnail","hentry","category-archivo-de-noticias"],"wpmagazine_modules_lite_featured_media_urls":{"thumbnail":["https:\/\/grupomontevideo.org\/site\/wp-content\/uploads\/2021\/11\/JJIBanner.png",150,81,false],"cvmm-medium":["https:\/\/grupomontevideo.org\/site\/wp-content\/uploads\/2021\/11\/JJIBanner.png",300,161,false],"cvmm-medium-plus":["https:\/\/grupomontevideo.org\/site\/wp-content\/uploads\/2021\/11\/JJIBanner.png",305,164,false],"cvmm-portrait":["https:\/\/grupomontevideo.org\/site\/wp-content\/uploads\/2021\/11\/JJIBanner.png",400,215,false],"cvmm-medium-square":["https:\/\/grupomontevideo.org\/site\/wp-content\/uploads\/2021\/11\/JJIBanner.png",600,323,false],"cvmm-large":["https:\/\/grupomontevideo.org\/site\/wp-content\/uploads\/2021\/11\/JJIBanner.png",1024,551,false],"cvmm-small":["https:\/\/grupomontevideo.org\/site\/wp-content\/uploads\/2021\/11\/JJIBanner.png",130,70,false],"full":["https:\/\/grupomontevideo.org\/site\/wp-content\/uploads\/2021\/11\/JJIBanner.png",1134,610,false]},"categories_names":{"48":{"name":"Archivo de noticias","link":"https:\/\/grupomontevideo.org\/site\/category\/archivo-de-noticias\/"}},"tags_names":[],"comments_number":"0","_links":{"self":[{"href":"https:\/\/grupomontevideo.org\/site\/wp-json\/wp\/v2\/posts\/12221","targetHints":{"allow":["GET"]}}],"collection":[{"href":"https:\/\/grupomontevideo.org\/site\/wp-json\/wp\/v2\/posts"}],"about":[{"href":"https:\/\/grupomontevideo.org\/site\/wp-json\/wp\/v2\/types\/post"}],"author":[{"embeddable":true,"href":"https:\/\/grupomontevideo.org\/site\/wp-json\/wp\/v2\/users\/1"}],"replies":[{"embeddable":true,"href":"https:\/\/grupomontevideo.org\/site\/wp-json\/wp\/v2\/comments?post=12221"}],"version-history":[{"count":1,"href":"https:\/\/grupomontevideo.org\/site\/wp-json\/wp\/v2\/posts\/12221\/revisions"}],"predecessor-version":[{"id":15334,"href":"https:\/\/grupomontevideo.org\/site\/wp-json\/wp\/v2\/posts\/12221\/revisions\/15334"}],"wp:featuredmedia":[{"embeddable":true,"href":"https:\/\/grupomontevideo.org\/site\/wp-json\/wp\/v2\/media\/12227"}],"wp:attachment":[{"href":"https:\/\/grupomontevideo.org\/site\/wp-json\/wp\/v2\/media?parent=12221"}],"wp:term":[{"taxonomy":"category","embeddable":true,"href":"https:\/\/grupomontevideo.org\/site\/wp-json\/wp\/v2\/categories?post=12221"},{"taxonomy":"post_tag","embeddable":true,"href":"https:\/\/grupomontevideo.org\/site\/wp-json\/wp\/v2\/tags?post=12221"}],"curies":[{"name":"wp","href":"https:\/\/api.w.org\/{rel}","templated":true}]}}