{"id":12190,"date":"2021-11-08T13:54:43","date_gmt":"2021-11-08T13:54:43","guid":{"rendered":"http:\/\/grupomontevideo.org\/sitio\/?post_type=noticias&#038;p=12190"},"modified":"2022-06-22T16:13:06","modified_gmt":"2022-06-22T16:13:06","slug":"ufsm-homejeara-a-augm-por-sus-30-anos-de-trabajo-por-la-integracion-y-cooperacion-regional","status":"publish","type":"post","link":"https:\/\/grupomontevideo.org\/site\/ufsm-homejeara-a-augm-por-sus-30-anos-de-trabajo-por-la-integracion-y-cooperacion-regional\/","title":{"rendered":"UFSM homejear\u00e1 a AUGM por sus 30 a\u00f1os de trabajo por la integraci\u00f3n y cooperaci\u00f3n regional"},"content":{"rendered":"<p style=\"text-align: justify;\">El<strong> pr\u00f3ximo 16 de noviembre<\/strong>, la <strong>Universidade Federal de Santa Mar\u00eda<\/strong> (UFSM), como una de sus universidades fundadoras,<strong> homenajear\u00e1 a la Asociaci\u00f3n de Universidades Grupo Montevideo (AUGM) por sus 30 a\u00f1os de vida<\/strong>, actividad que se llevar\u00e1 a cabo en el marco del \u201c<em>Semin\u00e1rio Internacional \u2013 Am\u00e9rica do Sul na era nuclear: riscos, desafios e perspectivas<\/em><span style=\"font-weight: 400;\">\u201d.\u00a0<\/span><\/p>\n<p style=\"text-align: justify;\"><span style=\"font-weight: 400;\">El homenaje se llevar\u00e1 a cabo a las<strong> 15.10 horas<\/strong> (-3 GMT) y contar\u00e1 con las intervenciones de Marcus V. David, presidente de la Associa\u00e7\u00e3o Nacional dos Dirigentes das Institui\u00e7\u00f5es Federais de Ensino Superior (ANDIFES); \u00c1lvaro Maglia, secretario ejecutivo de AUGM; Sandra R. Goulart Almeida, presidenta de AUGM; y la moderaci\u00f3n de Paulo A. Burmann, rector de la UFSM.<\/span><\/p>\n<hr \/>\n<p style=\"text-align: justify;\"><strong>La actividad ser\u00e1 <a href=\"https:\/\/www.youtube.com\/c\/UniversidadeFederaldeSantaMariaUFSM\">trasmitida por YouTube<\/a> y no requiere inscripci\u00f3n previa<\/strong><\/p>\n<hr \/>\n<p style=\"text-align: justify;\"><span style=\"font-weight: 400;\">El seminario que le da marco a este reconocimiento se lleva adelante por segunda vez despu\u00e9s de su primera edici\u00f3n tres a\u00f1os atr\u00e1s, y es una instancia apoyada y promovida por AUGM desde su Comit\u00e9 Acad\u00e9mico Energ\u00eda, junto a otras instituciones como Pugwash Brasil, Ag\u00eancia Brasileiro-Argentina de Contabilidade e Controle de Materiais Nucleares (ABACC), Latin American Section\/American Nuclear Society (LAS\/ANS), Women In Nuclear Global (WiN Global), Fundation Non-Proliferation for Global Security (NPSGlobal), Brasil Soka Gakkai Internacional (BSGI) y la Agencia Internacional d Ebnerg\u00eda Nuclear (AIEA).<\/span><\/p>\n<p style=\"text-align: justify;\"><span style=\"font-weight: 400;\">Seg\u00fan Ant\u00f3nio Guterres, secretario general de las Naciones Unidas (ONU), el calentamiento global y las armas nucleares son las dos mayores amenazas para la continuidad de la vida en el planeta Tierra. Por tanto, nada es m\u00e1s oportuno y necesario que la realizaci\u00f3n de un seminario, como espacio de intercambio de ideas y experiencias de los distintos actores involucrados en esta tem\u00e1tica.<\/span><\/p>\n<p style=\"text-align: justify;\"><span style=\"font-weight: 400;\">Oportuna y necesaria porque, de manera inequ\u00edvoca, las innumerables aplicaciones pac\u00edficas de la energ\u00eda nuclear representan un enorme potencial precisamente en la direcci\u00f3n de posibles soluciones para las dos amenazas se\u00f1aladas. Las innovaciones derivadas de las tecnolog\u00edas nucleares apropiadas, cuando se insertan en los procesos productivos y la salud p\u00fablica, tienden a mejorar la calidad de vida de las poblaciones al atacar el hambre y las enfermedades end\u00e9micas, reduciendo as\u00ed las tensiones sociales y la probabilidad de escenarios beligerantes entre las naciones.<\/span><\/p>\n<p style=\"text-align: justify;\"><a href=\"https:\/\/www.ufsm.br\/eventos\/americalatinanuclear#programacao\"><span style=\"font-weight: 400;\">M\u00e1s informaci\u00f3n del evento aqu\u00ed<\/span><\/a><\/p>\n<p><img fetchpriority=\"high\" decoding=\"async\" class=\"aligncenter wp-image-12191 size-medium\" title=\"Mas informaci\u00f3n del evento haciendo click sobre el banner \" src=\"https:\/\/grupomontevideo.org\/site\/wp-content\/uploads\/2021\/11\/America-Latina-Nuclear-1000x370.jpg\" alt=\"\" width=\"1000\" height=\"370\" \/><\/p>\n","protected":false},"excerpt":{"rendered":"<p>El pr\u00f3ximo 16 de noviembre a las 15.30 por YouTube. No requiere inscripci\u00f3n previa <\/p>\n","protected":false},"author":1,"featured_media":12192,"comment_status":"closed","ping_status":"closed","sticky":false,"template":"","format":"standard","meta":{"footnotes":""},"categories":[48],"tags":[],"class_list":["post-12190","post","type-post","status-publish","format-standard","has-post-thumbnail","hentry","category-archivo-de-noticias"],"wpmagazine_modules_lite_featured_media_urls":{"thumbnail":["https:\/\/grupomontevideo.org\/site\/wp-content\/uploads\/2021\/11\/UFSM-y-AUGM.png",150,84,false],"cvmm-medium":["https:\/\/grupomontevideo.org\/site\/wp-content\/uploads\/2021\/11\/UFSM-y-AUGM.png",300,169,false],"cvmm-medium-plus":["https:\/\/grupomontevideo.org\/site\/wp-content\/uploads\/2021\/11\/UFSM-y-AUGM.png",305,172,false],"cvmm-portrait":["https:\/\/grupomontevideo.org\/site\/wp-content\/uploads\/2021\/11\/UFSM-y-AUGM.png",400,225,false],"cvmm-medium-square":["https:\/\/grupomontevideo.org\/site\/wp-content\/uploads\/2021\/11\/UFSM-y-AUGM.png",600,338,false],"cvmm-large":["https:\/\/grupomontevideo.org\/site\/wp-content\/uploads\/2021\/11\/UFSM-y-AUGM.png",1024,576,false],"cvmm-small":["https:\/\/grupomontevideo.org\/site\/wp-content\/uploads\/2021\/11\/UFSM-y-AUGM.png",130,73,false],"full":["https:\/\/grupomontevideo.org\/site\/wp-content\/uploads\/2021\/11\/UFSM-y-AUGM.png",1600,900,false]},"categories_names":{"48":{"name":"Archivo de noticias","link":"https:\/\/grupomontevideo.org\/site\/category\/archivo-de-noticias\/"}},"tags_names":[],"comments_number":"0","_links":{"self":[{"href":"https:\/\/grupomontevideo.org\/site\/wp-json\/wp\/v2\/posts\/12190","targetHints":{"allow":["GET"]}}],"collection":[{"href":"https:\/\/grupomontevideo.org\/site\/wp-json\/wp\/v2\/posts"}],"about":[{"href":"https:\/\/grupomontevideo.org\/site\/wp-json\/wp\/v2\/types\/post"}],"author":[{"embeddable":true,"href":"https:\/\/grupomontevideo.org\/site\/wp-json\/wp\/v2\/users\/1"}],"replies":[{"embeddable":true,"href":"https:\/\/grupomontevideo.org\/site\/wp-json\/wp\/v2\/comments?post=12190"}],"version-history":[{"count":1,"href":"https:\/\/grupomontevideo.org\/site\/wp-json\/wp\/v2\/posts\/12190\/revisions"}],"predecessor-version":[{"id":15335,"href":"https:\/\/grupomontevideo.org\/site\/wp-json\/wp\/v2\/posts\/12190\/revisions\/15335"}],"wp:featuredmedia":[{"embeddable":true,"href":"https:\/\/grupomontevideo.org\/site\/wp-json\/wp\/v2\/media\/12192"}],"wp:attachment":[{"href":"https:\/\/grupomontevideo.org\/site\/wp-json\/wp\/v2\/media?parent=12190"}],"wp:term":[{"taxonomy":"category","embeddable":true,"href":"https:\/\/grupomontevideo.org\/site\/wp-json\/wp\/v2\/categories?post=12190"},{"taxonomy":"post_tag","embeddable":true,"href":"https:\/\/grupomontevideo.org\/site\/wp-json\/wp\/v2\/tags?post=12190"}],"curies":[{"name":"wp","href":"https:\/\/api.w.org\/{rel}","templated":true}]}}