{"id":11950,"date":"2021-11-04T16:05:30","date_gmt":"2021-11-04T16:05:30","guid":{"rendered":"http:\/\/grupomontevideo.org\/sitio\/?post_type=noticias&#038;p=11950"},"modified":"2022-11-07T16:01:49","modified_gmt":"2022-11-07T19:01:49","slug":"la-crisis-del-agua-en-la-cuenca-del-rio-parana-panorama-actual-y-perspectivas-del-cambio-climatico","status":"publish","type":"post","link":"https:\/\/grupomontevideo.org\/site\/la-crisis-del-agua-en-la-cuenca-del-rio-parana-panorama-actual-y-perspectivas-del-cambio-climatico\/","title":{"rendered":"La crisis del agua en la cuenca del r\u00edo Paran\u00e1: panorama actual y perspectivas del cambio clim\u00e1tico"},"content":{"rendered":"<p style=\"text-align: justify;\">El <strong>N\u00facleo Disciplinario Geotecnolog\u00edas y Ciencias Atmosf\u00e9ricas<\/strong> (ND GyCA) de la Asociaci\u00f3n de Universidades Grupo Montevideo (AUGM) contin\u00faa con <strong>su ciclo de webinars sobre temas actuales y relevantes en sus \u00e1reas de actividad<\/strong>.<\/p>\n<p style=\"text-align: justify;\">El p<strong>r\u00f3ximo 17 de noviembre<\/strong> llevar\u00e1 a cabo su segunda conferencia, titulada \u00ab<em><strong>A crise h\u00eddrica na bacia do rio Paran\u00e1: panorama atual e perspectivas frente \u00e0s mudan\u00e7as clim\u00e1ticas\u00bb<\/strong><\/em>, que est\u00e1 a cargo del la Dra. Michelle Sim\u00f5es Reboita y el Dr. Benedito Cl\u00e1udio da Silva (vea sus cv abeviados abajo).<\/p>\n<p style=\"text-align: justify;\"><strong>La actividad comenzar\u00e1 a las 17.00 horas (- 3 GMT) y ser\u00e1 de paticipaci\u00f3n abierta a trav\u00e9s de &nbsp;nuestro canal de <a href=\"https:\/\/www.youtube.com\/watch?v=INuD-ThVtqM\">YouTube: AUGM Oficial<\/a><\/strong><\/p>\n<p style=\"text-align: justify;\"><span style=\"font-weight: 400;\">El ND GyCA, en el \u00e1mbito de la AUGM, tiene como objetivos generales promover la integraci\u00f3n acad\u00e9mica de los grupos que trabajan en investigaci\u00f3n y docencia en las \u00e1reas te\u00f3ricas y aplicadas de GyCA.<\/span><\/p>\n<hr>\n<p style=\"text-align: center;\"><strong>Conferenciastas<\/strong><\/p>\n<hr>\n<p style=\"text-align: justify;\"><strong>Dra. Michelle Sim\u00f5es Reboita<\/strong><strong><img decoding=\"async\" class=\"wp-image-11951  alignleft\" src=\"https:\/\/grupomontevideo.org\/site\/wp-content\/uploads\/2021\/11\/image1.jpg\" alt=\"\" width=\"109\" height=\"145\"><\/strong><\/p>\n<p style=\"text-align: justify;\">Doutora em Meteorologia pela Universidade de S\u00e3o Paulo &#8211; USP (2008). Realizou dois p\u00f3s-doutorados em Meteorologia pela USP, sendo um sandu\u00edche com a Universidade de Vigo (Espanha). Foi associada j\u00fanior do Abdus Salam International Centre for Theoretical Physics da It\u00e1lia entre 2013 e 2016 e de 2018 ao presente \u00e9 associada regular. \u00c9 docente do Instituto de Recursos Naturais (IRN) da Universidade Federal de Itajub\u00e1 (UNIFEI), orientadora do programa de mestrado em Meio Ambiente e Recursos H\u00eddricos da UNIFEI, coordenadora do grupo de Pesquisa e Extens\u00e3o em Pol\u00edticas Socioamientais (GPEPSA-UNIFEI-CNPQ) e pesquisadora do IRN, do Grupo de Estudos Clim\u00e1ticos (GrEC) do Instituto de Astronomia, Geof\u00edsica e Ci\u00eancias Atmosf\u00e9ricas da USP e do N\u00facleo de Apoio \u00e0 Pesquisa em Mudan\u00e7as Clim\u00e1ticas (INCLINE) da USP. Atua em diferentes linhas de pesquisa e extens\u00e3o incluindo a coordena\u00e7\u00e3o de projetos financiados pelos principais \u00f3rg\u00e3o de fomento do pa\u00eds. Al\u00e9m disso, tem atuado em projetos de pesquisa e extens\u00e3o tecnol\u00f3gica no setor el\u00e9trico. Foi coordenadora do curso de Ci\u00eancias Atmosf\u00e9ricas da UNIFEI de 2015 a 2017 e coordenadora adjunta de 2018 a mar\u00e7o de 2020; membro da C\u00e2mara de Assessoramento de Recursos Naturais, Ci\u00eancias e Tecnologias Ambientais (CRA) da Funda\u00e7\u00e3o de Amparo \u00e0 Pesquisa do Estado de Minas Gerais (FAPEMIG) de 2016 a 2018. Desde 2017 \u00e9 editora assistente da Revista Brasileira de Meteorologia e desde setembro de 2020 \u00e9 consultora regional do World Climate Research Programme (WCRP) e desde outubro de 2021 integra o grupo de mon\u00e7\u00e3o das am\u00e9ricas do WCRP. Tem experi\u00eancia na \u00e1rea de Geoci\u00eancias, com \u00eanfase em Meteorologia Sin\u00f3tica, Climatologia e Modelagem Clim\u00e1tica.<\/p>\n<p style=\"text-align: justify;\"><strong><img decoding=\"async\" class=\"size-full wp-image-11952 alignleft\" src=\"https:\/\/grupomontevideo.org\/site\/wp-content\/uploads\/2021\/11\/image2.png\" alt=\"\" width=\"100\" height=\"125\">Dr. Benedito Cl\u00e1udio da Silva<br \/>\n<\/strong><span style=\"font-weight: 400;\">Doutor em Recursos H\u00eddricos e Saneamento Ambiental pela Universidade Federal do Rio Grande do Sul (2005), mestre em Engenharia Mec\u00e2nica pela Universidade Federal de Itajub\u00e1 (2000) e graduado em Engenharia Mec\u00e2nica pela Universidade Federal de Itajub\u00e1 &#8211; UNIFEI (1996). Atualmente \u00e9 professor Adjunto na UNIFEI, onde ministra disciplinas e desenvolve pesquisas e projetos de extens\u00e3o na \u00e1rea de Recursos H\u00eddricos. Atua como professor nos cursos de gradua\u00e7\u00e3o em Engenharia H\u00eddrica, Engenharia Ambiental e Engenharia Civil, al\u00e9m de ser docente e orientador nos cursos de p\u00f3s-gradua\u00e7\u00e3o em Meio Ambiente e Recursos H\u00eddricos (MEMARH) e Mestrado Profissional em Engenharia H\u00eddrica (MPEH). Participa como pesquisador e coordenador em projetos de pesquisa financiados pelos principais \u00f3rg\u00e3o de fomento do pa\u00eds, como CNPq, CAPES, FINEP e FAPEMIG. Tem atuado em projetos de pesquisa e extens\u00e3o tecnol\u00f3gica em parceria com empresas privadas e institui\u00e7\u00f5es p\u00fablicas do setor el\u00e9trico, como AES, ENERGISA e MME. Tamb\u00e9m atua em projetos nas \u00e1reas de recursos h\u00eddricos ligados a comit\u00eas e ag\u00eancias hidrogr\u00e1ficas de Minas Gerais, S\u00e3o Paulo e Rio de Janeiro. As principais \u00e1reas de atua\u00e7\u00e3o s\u00e3o: monitoramento e modelagem hidrol\u00f3gica, previs\u00e3o de vaz\u00f5es, drenagem urbana, mudan\u00e7as clim\u00e1ticas e hidrologia aplicada a gera\u00e7\u00e3o hidrel\u00e9trica de energia.<\/span><\/p>\n<p><img fetchpriority=\"high\" decoding=\"async\" class=\"aligncenter wp-image-11955 size-full\" src=\"https:\/\/grupomontevideo.org\/site\/wp-content\/uploads\/2021\/11\/GeotecnologiasSegunda-1.png\" alt=\"\" width=\"1202\" height=\"1195\"><\/p>\n","protected":false},"excerpt":{"rendered":"<p>Actividad abierta por YouTube. 17\/11 a las 17 horas (-3 GMT)<\/p>\n","protected":false},"author":1,"featured_media":11954,"comment_status":"closed","ping_status":"closed","sticky":false,"template":"","format":"standard","meta":{"footnotes":""},"categories":[48],"tags":[],"class_list":["post-11950","post","type-post","status-publish","format-standard","has-post-thumbnail","hentry","category-archivo-de-noticias"],"wpmagazine_modules_lite_featured_media_urls":{"thumbnail":["https:\/\/grupomontevideo.org\/site\/wp-content\/uploads\/2021\/11\/Ri0oParana-AgroLatam.jpg",150,84,false],"cvmm-medium":["https:\/\/grupomontevideo.org\/site\/wp-content\/uploads\/2021\/11\/Ri0oParana-AgroLatam.jpg",300,169,false],"cvmm-medium-plus":["https:\/\/grupomontevideo.org\/site\/wp-content\/uploads\/2021\/11\/Ri0oParana-AgroLatam.jpg",305,171,false],"cvmm-portrait":["https:\/\/grupomontevideo.org\/site\/wp-content\/uploads\/2021\/11\/Ri0oParana-AgroLatam.jpg",400,225,false],"cvmm-medium-square":["https:\/\/grupomontevideo.org\/site\/wp-content\/uploads\/2021\/11\/Ri0oParana-AgroLatam.jpg",600,337,false],"cvmm-large":["https:\/\/grupomontevideo.org\/site\/wp-content\/uploads\/2021\/11\/Ri0oParana-AgroLatam.jpg",907,510,false],"cvmm-small":["https:\/\/grupomontevideo.org\/site\/wp-content\/uploads\/2021\/11\/Ri0oParana-AgroLatam.jpg",130,73,false],"full":["https:\/\/grupomontevideo.org\/site\/wp-content\/uploads\/2021\/11\/Ri0oParana-AgroLatam.jpg",907,510,false]},"categories_names":{"48":{"name":"Archivo de noticias","link":"https:\/\/grupomontevideo.org\/site\/category\/archivo-de-noticias\/"}},"tags_names":[],"comments_number":"0","_links":{"self":[{"href":"https:\/\/grupomontevideo.org\/site\/wp-json\/wp\/v2\/posts\/11950","targetHints":{"allow":["GET"]}}],"collection":[{"href":"https:\/\/grupomontevideo.org\/site\/wp-json\/wp\/v2\/posts"}],"about":[{"href":"https:\/\/grupomontevideo.org\/site\/wp-json\/wp\/v2\/types\/post"}],"author":[{"embeddable":true,"href":"https:\/\/grupomontevideo.org\/site\/wp-json\/wp\/v2\/users\/1"}],"replies":[{"embeddable":true,"href":"https:\/\/grupomontevideo.org\/site\/wp-json\/wp\/v2\/comments?post=11950"}],"version-history":[{"count":4,"href":"https:\/\/grupomontevideo.org\/site\/wp-json\/wp\/v2\/posts\/11950\/revisions"}],"predecessor-version":[{"id":16788,"href":"https:\/\/grupomontevideo.org\/site\/wp-json\/wp\/v2\/posts\/11950\/revisions\/16788"}],"wp:featuredmedia":[{"embeddable":true,"href":"https:\/\/grupomontevideo.org\/site\/wp-json\/wp\/v2\/media\/11954"}],"wp:attachment":[{"href":"https:\/\/grupomontevideo.org\/site\/wp-json\/wp\/v2\/media?parent=11950"}],"wp:term":[{"taxonomy":"category","embeddable":true,"href":"https:\/\/grupomontevideo.org\/site\/wp-json\/wp\/v2\/categories?post=11950"},{"taxonomy":"post_tag","embeddable":true,"href":"https:\/\/grupomontevideo.org\/site\/wp-json\/wp\/v2\/tags?post=11950"}],"curies":[{"name":"wp","href":"https:\/\/api.w.org\/{rel}","templated":true}]}}