{"id":176,"date":"2025-07-25T15:25:25","date_gmt":"2025-07-25T15:25:25","guid":{"rendered":"https:\/\/grupomontevideo.org\/ndca\/ndrecursosproductosforestales\/?p=176"},"modified":"2026-04-14T15:16:22","modified_gmt":"2026-04-14T15:16:22","slug":"criacao-do-nucleo-disciplinar","status":"publish","type":"post","link":"https:\/\/grupomontevideo.org\/ndca\/ndrecursosproductosforestales\/?p=176","title":{"rendered":"Creaci\u00f3n del N\u00facleo Disciplinario"},"content":{"rendered":"<p>En la 87.\u00aa Sesi\u00f3n del Consejo de Rectores de la Asociaci\u00f3n, celebrada el 1 de julio de 2025 en Montevideo, se formaliz\u00f3 la creaci\u00f3n del N\u00facleo Disciplinario (ND) Recursos y Productos Forestales (RPF). La propuesta para su creaci\u00f3n provino de la Universidad Federal de Pelotas (UFPel), en conjunto con profesores y profesionales de otras 13 universidades miembros de la AUGM (UNLP, UNMdP, UNNE, UNNOBA, ESALQ\/USP, UFG, UFSCar, UFPA, UFPR, UFSM, UnB, UChile y UNA).<\/p>\n<p>El ND tiene como objetivo establecer una red de integraci\u00f3n y cooperaci\u00f3n en el \u00e1rea de recursos y productos forestales en el \u00e1mbito de la docencia, la investigaci\u00f3n, la extensi\u00f3n y la innovaci\u00f3n.<\/p>\n<p>&nbsp;<\/p>\n","protected":false},"excerpt":{"rendered":"<p>En la 87.\u00aa Sesi\u00f3n del Consejo de Rectores de la Asociaci\u00f3n, celebrada el 1 de julio de 2025 en Montevideo, se formaliz\u00f3 la creaci\u00f3n del&#8230;<\/p>\n","protected":false},"author":1,"featured_media":0,"comment_status":"open","ping_status":"open","sticky":false,"template":"","format":"standard","meta":{"footnotes":""},"categories":[1],"tags":[],"class_list":["post-176","post","type-post","status-publish","format-standard","hentry","category-sin-categoria"],"_links":{"self":[{"href":"https:\/\/grupomontevideo.org\/ndca\/ndrecursosproductosforestales\/index.php?rest_route=\/wp\/v2\/posts\/176","targetHints":{"allow":["GET"]}}],"collection":[{"href":"https:\/\/grupomontevideo.org\/ndca\/ndrecursosproductosforestales\/index.php?rest_route=\/wp\/v2\/posts"}],"about":[{"href":"https:\/\/grupomontevideo.org\/ndca\/ndrecursosproductosforestales\/index.php?rest_route=\/wp\/v2\/types\/post"}],"author":[{"embeddable":true,"href":"https:\/\/grupomontevideo.org\/ndca\/ndrecursosproductosforestales\/index.php?rest_route=\/wp\/v2\/users\/1"}],"replies":[{"embeddable":true,"href":"https:\/\/grupomontevideo.org\/ndca\/ndrecursosproductosforestales\/index.php?rest_route=%2Fwp%2Fv2%2Fcomments&post=176"}],"version-history":[{"count":6,"href":"https:\/\/grupomontevideo.org\/ndca\/ndrecursosproductosforestales\/index.php?rest_route=\/wp\/v2\/posts\/176\/revisions"}],"predecessor-version":[{"id":226,"href":"https:\/\/grupomontevideo.org\/ndca\/ndrecursosproductosforestales\/index.php?rest_route=\/wp\/v2\/posts\/176\/revisions\/226"}],"wp:attachment":[{"href":"https:\/\/grupomontevideo.org\/ndca\/ndrecursosproductosforestales\/index.php?rest_route=%2Fwp%2Fv2%2Fmedia&parent=176"}],"wp:term":[{"taxonomy":"category","embeddable":true,"href":"https:\/\/grupomontevideo.org\/ndca\/ndrecursosproductosforestales\/index.php?rest_route=%2Fwp%2Fv2%2Fcategories&post=176"},{"taxonomy":"post_tag","embeddable":true,"href":"https:\/\/grupomontevideo.org\/ndca\/ndrecursosproductosforestales\/index.php?rest_route=%2Fwp%2Fv2%2Ftags&post=176"}],"curies":[{"name":"wp","href":"https:\/\/api.w.org\/{rel}","templated":true}]}}