{"id":199,"date":"2024-05-08T19:03:25","date_gmt":"2024-05-08T19:03:25","guid":{"rendered":"http:\/\/grupomontevideo.org\/ndca\/ndproductosnaturales\/?p=199"},"modified":"2024-06-26T16:23:43","modified_gmt":"2024-06-26T16:23:43","slug":"1era-jornada-de-internalizacion-academica-del-nucleo-productos-naturales-bioactivos-y-sus-aplicaciones-que-investigamos","status":"publish","type":"post","link":"https:\/\/grupomontevideo.org\/ndca\/ndproductosnaturales\/?p=199","title":{"rendered":"1era Jornada de Internalizaci\u00f3n Acad\u00e9mica del N\u00facleo Productos Naturales Bioactivos y sus Aplicaciones: Que investigamos?"},"content":{"rendered":"<p>El d\u00eda 30 de Abril de 2024 se llev\u00f3 a cabo \u201c1era Jornada de Internalizaci\u00f3n Acad\u00e9mica del N\u00facleo Productos Naturales Bioactivos y sus Aplicaciones: Que investigamos?\u201d, evento enmarcado dentro de las actividades de fortalecimiento y visibilizaci\u00f3n del presente N\u00facleo, organizada por la Coordinaci\u00f3n del mismo.<\/p>\n<p><iframe loading=\"lazy\" title=\"1era Jornada de Internalizaci\u00f3n Acad\u00e9mica del N\u00facleo Productos Naturales Bioactivos.\" src=\"https:\/\/www.youtube.com\/embed\/SGb2zjzl8Og\" width=\"853\" height=\"480\" frameborder=\"0\" allowfullscreen=\"allowfullscreen\"><\/iframe><\/p>\n<p>Esta jornada virtual de trabajo, se llev\u00f3 a cabo bajo la \u00f3rbita de AUGM, quienes mediante la plataforma ZOOM del sitio, brindaron las capacidades tecnol\u00f3gicas para su desarrollo. Nuestro lema fue: \u201cEl conocimiento interno como herramienta promotora de v\u00ednculos y de pertenencia\u201d y su objetivo fue poder conocer las distintas l\u00edneas de investigaci\u00f3n que se llevan a cabo en las diferentes Universidades Miembros del presente N\u00facleo por parte de diferentes Integrantes Titulares y Alternos, y as\u00ed plantear acciones conjuntas de visibilizaci\u00f3n. Se cont\u00f3 con la participaci\u00f3n de diferentes Integrantes y algunos asistentes (16 personas) de las diferentes Universidades Integrantes del presente N\u00facleo. Algunos mostraron los alcances de sus investigaciones, dando lugar adem\u00e1s de otras l\u00edneas que son realizadas en el grupo donde est\u00e1n insertos.<\/p>\n<p>Fue una satisfacci\u00f3n contar con la presencia del Prof \u00c1lvaro Rico, de Secretar\u00eda Ejecutiva de AUGM, quien manifest\u00f3 palabras de Bienvenida para la presente Jornada, a los y las participantes.<\/p>\n<p>Fue una jornada provechosa que permiti\u00f3 consolidar encuentros y conocimientos, generando conclusiones provechosas para consolidar las acciones visibilizadoras del presente\u00a0N\u00facleo.<\/p>\n","protected":false},"excerpt":{"rendered":"<p>El d\u00eda 30 de Abril de 2024 se llev\u00f3 a cabo \u201c1era Jornada de Internalizaci\u00f3n Acad\u00e9mica del N\u00facleo Productos Naturales Bioactivos y sus Aplicaciones: Que&#8230;<\/p>\n","protected":false},"author":1,"featured_media":0,"comment_status":"open","ping_status":"closed","sticky":false,"template":"","format":"standard","meta":{"footnotes":""},"categories":[1],"tags":[],"class_list":["post-199","post","type-post","status-publish","format-standard","hentry","category-sin-categoria"],"_links":{"self":[{"href":"https:\/\/grupomontevideo.org\/ndca\/ndproductosnaturales\/index.php?rest_route=\/wp\/v2\/posts\/199","targetHints":{"allow":["GET"]}}],"collection":[{"href":"https:\/\/grupomontevideo.org\/ndca\/ndproductosnaturales\/index.php?rest_route=\/wp\/v2\/posts"}],"about":[{"href":"https:\/\/grupomontevideo.org\/ndca\/ndproductosnaturales\/index.php?rest_route=\/wp\/v2\/types\/post"}],"author":[{"embeddable":true,"href":"https:\/\/grupomontevideo.org\/ndca\/ndproductosnaturales\/index.php?rest_route=\/wp\/v2\/users\/1"}],"replies":[{"embeddable":true,"href":"https:\/\/grupomontevideo.org\/ndca\/ndproductosnaturales\/index.php?rest_route=%2Fwp%2Fv2%2Fcomments&post=199"}],"version-history":[{"count":2,"href":"https:\/\/grupomontevideo.org\/ndca\/ndproductosnaturales\/index.php?rest_route=\/wp\/v2\/posts\/199\/revisions"}],"predecessor-version":[{"id":201,"href":"https:\/\/grupomontevideo.org\/ndca\/ndproductosnaturales\/index.php?rest_route=\/wp\/v2\/posts\/199\/revisions\/201"}],"wp:attachment":[{"href":"https:\/\/grupomontevideo.org\/ndca\/ndproductosnaturales\/index.php?rest_route=%2Fwp%2Fv2%2Fmedia&parent=199"}],"wp:term":[{"taxonomy":"category","embeddable":true,"href":"https:\/\/grupomontevideo.org\/ndca\/ndproductosnaturales\/index.php?rest_route=%2Fwp%2Fv2%2Fcategories&post=199"},{"taxonomy":"post_tag","embeddable":true,"href":"https:\/\/grupomontevideo.org\/ndca\/ndproductosnaturales\/index.php?rest_route=%2Fwp%2Fv2%2Ftags&post=199"}],"curies":[{"name":"wp","href":"https:\/\/api.w.org\/{rel}","templated":true}]}}