{"id":148,"date":"2019-07-02T15:11:40","date_gmt":"2019-07-02T15:11:40","guid":{"rendered":"http:\/\/grupomontevideo.org\/ndca\/ndproductosnaturales\/?p=148"},"modified":"2019-07-02T15:53:47","modified_gmt":"2019-07-02T15:53:47","slug":"reunion-2019-del-nd-productos-naturales-bioactivos-y-sus-aplicaciones","status":"publish","type":"post","link":"https:\/\/grupomontevideo.org\/ndca\/ndproductosnaturales\/?p=148","title":{"rendered":"Reuni\u00f3n 2019 del ND Productos Naturales Bioactivos y sus Aplicaciones"},"content":{"rendered":"<p style=\"text-align: justify;\">El N\u00facleo Disciplinario Productos Naturales Bioactivos y sus Aplicaciones tendr\u00e1 su pr\u00f3xima reuni\u00f3n los d\u00edas 21 y 22 de octubre en la Universidad Federal de Minas Gerais, Belo Horizonte, Brasil.<\/p>\n<p style=\"text-align: justify;\">Esta reuni\u00f3n tendr\u00e1 la particularidad de que se realizar\u00e1 conjuntamente con el I Congreso en Ciencia, Biodiversidad y Sostenibilidad (<a href=\"https:\/\/grupomontevideo.org\/ndca\/ndproductosnaturales\/wp-content\/uploads\/2019\/07\/SciBioSus.pdf\">SciBioSus<\/a>) organizado por el ND y apoyado por la Direcci\u00f3n de RRII de UFMG. Dicho congreso ha sido dise\u00f1ado con la intenci\u00f3n de proporcionar espacios para la difusi\u00f3n de resultados de investigaci\u00f3n cient\u00edfica y tecnol\u00f3gica del ND.<\/p>\n<p style=\"text-align: justify;\">El SciBioSus tiene una importancia \u00fanica para los investigadores de lo NDPNBySA pero a su vez tiene la idea de que la tem\u00e1tica pueda llevar la discusi\u00f3n m\u00e1s all\u00e1 del \u00e1rea del NDPNBySA apostando a intercambiar de forma supra disciplinaria en cuestiones fronterizas. De tal forma est\u00e1n invitando a participantes de otros NA\/CA de la AUGM buscando interacci\u00f3n y la aparici\u00f3n de nuevas colaboraciones con I SciBioSus adem\u00e1s de alinear el tema de los objetivos del desarrollo sostenible 2030.<\/p>\n<p>El Congreso contar\u00e1 con tres \u00e1reas tem\u00e1ticas:<br \/>\n\u00c1rea 1: Productos naturales bioactivos y sus aplicaciones<br \/>\n\u00c1rea: Recursos naturales y desarrollo sostenible<br \/>\n\u00c1rea: Ciencia y la interdisciplinariedad en la Am\u00e9rica Latina<\/p>\n","protected":false},"excerpt":{"rendered":"<p>El N\u00facleo Disciplinario Productos Naturales Bioactivos y sus Aplicaciones tendr\u00e1 su pr\u00f3xima reuni\u00f3n los d\u00edas 21 y 22 de octubre en la Universidad Federal de&#8230;<\/p>\n","protected":false},"author":1,"featured_media":0,"comment_status":"open","ping_status":"closed","sticky":false,"template":"","format":"standard","meta":{"footnotes":""},"categories":[1],"tags":[],"class_list":["post-148","post","type-post","status-publish","format-standard","hentry","category-sin-categoria"],"_links":{"self":[{"href":"https:\/\/grupomontevideo.org\/ndca\/ndproductosnaturales\/index.php?rest_route=\/wp\/v2\/posts\/148","targetHints":{"allow":["GET"]}}],"collection":[{"href":"https:\/\/grupomontevideo.org\/ndca\/ndproductosnaturales\/index.php?rest_route=\/wp\/v2\/posts"}],"about":[{"href":"https:\/\/grupomontevideo.org\/ndca\/ndproductosnaturales\/index.php?rest_route=\/wp\/v2\/types\/post"}],"author":[{"embeddable":true,"href":"https:\/\/grupomontevideo.org\/ndca\/ndproductosnaturales\/index.php?rest_route=\/wp\/v2\/users\/1"}],"replies":[{"embeddable":true,"href":"https:\/\/grupomontevideo.org\/ndca\/ndproductosnaturales\/index.php?rest_route=%2Fwp%2Fv2%2Fcomments&post=148"}],"version-history":[{"count":3,"href":"https:\/\/grupomontevideo.org\/ndca\/ndproductosnaturales\/index.php?rest_route=\/wp\/v2\/posts\/148\/revisions"}],"predecessor-version":[{"id":152,"href":"https:\/\/grupomontevideo.org\/ndca\/ndproductosnaturales\/index.php?rest_route=\/wp\/v2\/posts\/148\/revisions\/152"}],"wp:attachment":[{"href":"https:\/\/grupomontevideo.org\/ndca\/ndproductosnaturales\/index.php?rest_route=%2Fwp%2Fv2%2Fmedia&parent=148"}],"wp:term":[{"taxonomy":"category","embeddable":true,"href":"https:\/\/grupomontevideo.org\/ndca\/ndproductosnaturales\/index.php?rest_route=%2Fwp%2Fv2%2Fcategories&post=148"},{"taxonomy":"post_tag","embeddable":true,"href":"https:\/\/grupomontevideo.org\/ndca\/ndproductosnaturales\/index.php?rest_route=%2Fwp%2Fv2%2Ftags&post=148"}],"curies":[{"name":"wp","href":"https:\/\/api.w.org\/{rel}","templated":true}]}}