{"id":65,"date":"2014-02-22T16:31:06","date_gmt":"2014-02-22T16:31:06","guid":{"rendered":"http:\/\/grupomontevideo.org\/ndca\/ndpelse\/?p=65"},"modified":"2025-02-20T19:03:08","modified_gmt":"2025-02-20T19:03:08","slug":"escuela-de-verano-pelse-2014","status":"publish","type":"post","link":"https:\/\/grupomontevideo.org\/ndca\/ndpelse\/?p=65","title":{"rendered":"ESCUELA DE VERANO PELSE 2014"},"content":{"rendered":"<p>Del 17 al 21 de febrero de 2014 se desarrollar\u00e1 en la ciudad de Buenos Aires la <a href=\"https:\/\/drive.google.com\/file\/d\/0B3aKNPNxKJGwQzhXd0lRUlc5NEU\/edit?usp=sharing\" target=\"_blank\" rel=\"noopener\">Primera Escuela de Verano PELSE<\/a>, coorganizada por el N\u00facleo Disciplinario PELSE, Asociaci\u00f3n de Universidades del Grupo Montevideo; la Facultad de Filosof\u00eda y Letras, UBA y Facultad de Humanidades y Ciencias de la Educaci\u00f3n, UNLP<\/p>\n<p>La propuesta de esta Escuela de Verano tiene por objetivos fortalecer las acciones del ND PELSE (investigaciones compartidas, movilidad de especialistas, intercambio de asistentes de idioma, Coloquios PELSE) y de las universidades integrantes de este espacio as\u00ed como contribuir a consolidar una red de formadores especialistas en las lenguas de la regi\u00f3n como lenguas segundas, extranjeras y de contacto que promueva la integraci\u00f3n regional y comprenda los contextos de uso y de ense\u00f1anza de las lenguas.<\/p>\n<p>Las conferencias y los cursos\/talleres estar\u00e1n a cargo de especialistas en ling\u00fc\u00edstica, planificaci\u00f3n y ense\u00f1anza del espa\u00f1ol y del portugu\u00e9s, y estar\u00e1 divididos en tres \u00e1reas: I Planificaci\u00f3n; II Ense\u00f1anza; III Metodolog\u00eda y material. \u00a0La propuesta formativa es de 31 horas reloj presenciales y 10 no presencial posteriores<sup>\u00ad\u00ad\u00ad\u00ad<\/sup> al encuentro, a trav\u00e9s de una plataforma virtual con un equipo de tutores que acompa\u00f1ar\u00e1 a los alumnos en el trabajo.<\/p>\n<p>El horario de cursado presencial ser\u00e1\u00a0de lunes a viernes de 9:30 a 12:30 y de 14:30 a 17:30.<\/p>\n<p>Los interesados podr\u00e1n inscribirse siguiendo el <em>link<\/em> al siguiente formulario:<\/p>\n<h3><strong><a href=\"https:\/\/docs.google.com\/forms\/d\/1C2fembwPTLdOLzq2xkg9uIOudmDOmBo4wkXScekwX3w\/viewform\" target=\"_blank\" rel=\"noopener\">FORMULARIO DE INSCRIPCI\u00d3N ESCUELA DE VERANO PELSE<\/a><\/strong><\/h3>\n<p>&nbsp;<\/p>\n","protected":false},"excerpt":{"rendered":"<p>Del 17 al 21 de febrero de 2014 se desarrollar\u00e1 en la ciudad de Buenos Aires la Primera Escuela de Verano PELSE, coorganizada por el&#8230;<\/p>\n","protected":false},"author":1,"featured_media":0,"comment_status":"open","ping_status":"closed","sticky":false,"template":"","format":"standard","meta":{"footnotes":""},"categories":[1],"tags":[],"class_list":["post-65","post","type-post","status-publish","format-standard","hentry","category-sin-categoria"],"_links":{"self":[{"href":"https:\/\/grupomontevideo.org\/ndca\/ndpelse\/index.php?rest_route=\/wp\/v2\/posts\/65","targetHints":{"allow":["GET"]}}],"collection":[{"href":"https:\/\/grupomontevideo.org\/ndca\/ndpelse\/index.php?rest_route=\/wp\/v2\/posts"}],"about":[{"href":"https:\/\/grupomontevideo.org\/ndca\/ndpelse\/index.php?rest_route=\/wp\/v2\/types\/post"}],"author":[{"embeddable":true,"href":"https:\/\/grupomontevideo.org\/ndca\/ndpelse\/index.php?rest_route=\/wp\/v2\/users\/1"}],"replies":[{"embeddable":true,"href":"https:\/\/grupomontevideo.org\/ndca\/ndpelse\/index.php?rest_route=%2Fwp%2Fv2%2Fcomments&post=65"}],"version-history":[{"count":3,"href":"https:\/\/grupomontevideo.org\/ndca\/ndpelse\/index.php?rest_route=\/wp\/v2\/posts\/65\/revisions"}],"predecessor-version":[{"id":347,"href":"https:\/\/grupomontevideo.org\/ndca\/ndpelse\/index.php?rest_route=\/wp\/v2\/posts\/65\/revisions\/347"}],"wp:attachment":[{"href":"https:\/\/grupomontevideo.org\/ndca\/ndpelse\/index.php?rest_route=%2Fwp%2Fv2%2Fmedia&parent=65"}],"wp:term":[{"taxonomy":"category","embeddable":true,"href":"https:\/\/grupomontevideo.org\/ndca\/ndpelse\/index.php?rest_route=%2Fwp%2Fv2%2Fcategories&post=65"},{"taxonomy":"post_tag","embeddable":true,"href":"https:\/\/grupomontevideo.org\/ndca\/ndpelse\/index.php?rest_route=%2Fwp%2Fv2%2Ftags&post=65"}],"curies":[{"name":"wp","href":"https:\/\/api.w.org\/{rel}","templated":true}]}}