{"id":85,"date":"2018-10-18T17:12:43","date_gmt":"2018-10-18T17:12:43","guid":{"rendered":"http:\/\/grupomontevideo.org\/ndca\/ndliteratura\/?p=85"},"modified":"2018-10-18T17:18:11","modified_gmt":"2018-10-18T17:18:11","slug":"primer-simposio-internacional-del-nucleo-disciplinario-literatura-imaginarios-estetica-y-cultura-de-augm","status":"publish","type":"post","link":"https:\/\/grupomontevideo.org\/ndca\/ndliteratura\/?p=85","title":{"rendered":"[:es]I Simposio Internacional del N\u00facleo Disciplinario Literatura,  Imaginarios, Est\u00e9tica y Cultura de AUGM[:]"},"content":{"rendered":"<p>[:es]Se realizar\u00e1 los d\u00edas\u00a030 y 31 de octubre en la Universidade Federal de Santa Catarina,\u00a0Florian\u00f3polis. Santa Catarina &#8211; Brasil.<\/p>\n<p><a href=\"https:\/\/grupomontevideo.org\/ndca\/ndliteratura\/wp-content\/uploads\/2018\/10\/Programa\u00e7\u00e3o-Evento-AUGM-UFSC.pdf\">Ver Programaci\u00f3n<\/a><\/p>\n<p>&nbsp;[:en]Se realizar\u00e1 los d\u00edas\u00a030 y 31 de octubre en la Universidade Federal de Santa Catarina,\u00a0Florian\u00f3polis. Santa Catarina &#8211; Brasil.<\/p>\n<p><a href=\"https:\/\/grupomontevideo.org\/ndca\/ndliteratura\/wp-content\/uploads\/2018\/10\/Programa\u00e7\u00e3o-Evento-AUGM-UFSC.pdf\">Ver Programaci\u00f3n<\/a>[:]<\/p>\n","protected":false},"excerpt":{"rendered":"<p>[:es]Se realizar\u00e1 los d\u00edas\u00a030 y 31 de octubre en la Universidade Federal de Santa Catarina,\u00a0Florian\u00f3polis. Santa Catarina &#8211; Brasil. Ver Programaci\u00f3n &nbsp;[:en]Se realizar\u00e1 los d\u00edas\u00a030&#8230;<\/p>\n","protected":false},"author":1,"featured_media":0,"comment_status":"open","ping_status":"closed","sticky":false,"template":"","format":"standard","meta":{"footnotes":""},"categories":[1],"tags":[],"class_list":["post-85","post","type-post","status-publish","format-standard","hentry","category-sin-categoria"],"_links":{"self":[{"href":"https:\/\/grupomontevideo.org\/ndca\/ndliteratura\/index.php?rest_route=\/wp\/v2\/posts\/85","targetHints":{"allow":["GET"]}}],"collection":[{"href":"https:\/\/grupomontevideo.org\/ndca\/ndliteratura\/index.php?rest_route=\/wp\/v2\/posts"}],"about":[{"href":"https:\/\/grupomontevideo.org\/ndca\/ndliteratura\/index.php?rest_route=\/wp\/v2\/types\/post"}],"author":[{"embeddable":true,"href":"https:\/\/grupomontevideo.org\/ndca\/ndliteratura\/index.php?rest_route=\/wp\/v2\/users\/1"}],"replies":[{"embeddable":true,"href":"https:\/\/grupomontevideo.org\/ndca\/ndliteratura\/index.php?rest_route=%2Fwp%2Fv2%2Fcomments&post=85"}],"version-history":[{"count":4,"href":"https:\/\/grupomontevideo.org\/ndca\/ndliteratura\/index.php?rest_route=\/wp\/v2\/posts\/85\/revisions"}],"predecessor-version":[{"id":90,"href":"https:\/\/grupomontevideo.org\/ndca\/ndliteratura\/index.php?rest_route=\/wp\/v2\/posts\/85\/revisions\/90"}],"wp:attachment":[{"href":"https:\/\/grupomontevideo.org\/ndca\/ndliteratura\/index.php?rest_route=%2Fwp%2Fv2%2Fmedia&parent=85"}],"wp:term":[{"taxonomy":"category","embeddable":true,"href":"https:\/\/grupomontevideo.org\/ndca\/ndliteratura\/index.php?rest_route=%2Fwp%2Fv2%2Fcategories&post=85"},{"taxonomy":"post_tag","embeddable":true,"href":"https:\/\/grupomontevideo.org\/ndca\/ndliteratura\/index.php?rest_route=%2Fwp%2Fv2%2Ftags&post=85"}],"curies":[{"name":"wp","href":"https:\/\/api.w.org\/{rel}","templated":true}]}}