{"id":71,"date":"2017-10-27T15:07:14","date_gmt":"2017-10-27T15:07:14","guid":{"rendered":"http:\/\/grupomontevideo.org\/ndca\/ndliteratura\/?p=71"},"modified":"2025-02-20T20:17:59","modified_gmt":"2025-02-20T20:17:59","slug":"iv-reunion-general-del-nd-literatura-imaginarios-estetica-y-cultura","status":"publish","type":"post","link":"https:\/\/grupomontevideo.org\/ndca\/ndliteratura\/?p=71","title":{"rendered":"IV Reuni\u00f3n General del ND Literatura, Imaginarios, Est\u00e9tica y Cultura"},"content":{"rendered":"<p>La IV Reuni\u00f3n General del ND Literatura, Imaginarios, Est\u00e9tica y Cultura se desarrollar\u00e1 entre los d\u00edas 5 y 8 de noviembre de 2017, en el contexto del VI Congreso Internacional CELEHIS (Centro de Letras Hispanoamericanas) de Literatura &#8211; Mar del Plata- Argentina.<\/p>\n<p>&nbsp;<\/p>\n","protected":false},"excerpt":{"rendered":"<p>La IV Reuni\u00f3n General del ND Literatura, Imaginarios, Est\u00e9tica y Cultura se desarrollar\u00e1 entre los d\u00edas 5 y 8 de noviembre de 2017, en el&#8230;<\/p>\n","protected":false},"author":1,"featured_media":0,"comment_status":"open","ping_status":"closed","sticky":false,"template":"","format":"standard","meta":{"footnotes":""},"categories":[1],"tags":[],"class_list":["post-71","post","type-post","status-publish","format-standard","hentry","category-sin-categoria"],"_links":{"self":[{"href":"https:\/\/grupomontevideo.org\/ndca\/ndliteratura\/index.php?rest_route=\/wp\/v2\/posts\/71","targetHints":{"allow":["GET"]}}],"collection":[{"href":"https:\/\/grupomontevideo.org\/ndca\/ndliteratura\/index.php?rest_route=\/wp\/v2\/posts"}],"about":[{"href":"https:\/\/grupomontevideo.org\/ndca\/ndliteratura\/index.php?rest_route=\/wp\/v2\/types\/post"}],"author":[{"embeddable":true,"href":"https:\/\/grupomontevideo.org\/ndca\/ndliteratura\/index.php?rest_route=\/wp\/v2\/users\/1"}],"replies":[{"embeddable":true,"href":"https:\/\/grupomontevideo.org\/ndca\/ndliteratura\/index.php?rest_route=%2Fwp%2Fv2%2Fcomments&post=71"}],"version-history":[{"count":3,"href":"https:\/\/grupomontevideo.org\/ndca\/ndliteratura\/index.php?rest_route=\/wp\/v2\/posts\/71\/revisions"}],"predecessor-version":[{"id":185,"href":"https:\/\/grupomontevideo.org\/ndca\/ndliteratura\/index.php?rest_route=\/wp\/v2\/posts\/71\/revisions\/185"}],"wp:attachment":[{"href":"https:\/\/grupomontevideo.org\/ndca\/ndliteratura\/index.php?rest_route=%2Fwp%2Fv2%2Fmedia&parent=71"}],"wp:term":[{"taxonomy":"category","embeddable":true,"href":"https:\/\/grupomontevideo.org\/ndca\/ndliteratura\/index.php?rest_route=%2Fwp%2Fv2%2Fcategories&post=71"},{"taxonomy":"post_tag","embeddable":true,"href":"https:\/\/grupomontevideo.org\/ndca\/ndliteratura\/index.php?rest_route=%2Fwp%2Fv2%2Ftags&post=71"}],"curies":[{"name":"wp","href":"https:\/\/api.w.org\/{rel}","templated":true}]}}