{"id":203,"date":"2025-10-01T15:25:32","date_gmt":"2025-10-01T15:25:32","guid":{"rendered":"https:\/\/grupomontevideo.org\/ndca\/ndliteratura\/?p=203"},"modified":"2025-10-01T15:26:17","modified_gmt":"2025-10-01T15:26:17","slug":"viii-congreso-internacional-celehis-de-literatura-espanola-latinoamericana-argentina-22-23-24-y-25-de-octubre-de-2025","status":"publish","type":"post","link":"https:\/\/grupomontevideo.org\/ndca\/ndliteratura\/?p=203","title":{"rendered":"VIII CONGRESO INTERNACIONAL CELEHIS DE LITERATURA ESPA\u00d1OLA\/LATINOAMERICANA\/ARGENTINA 22, 23, 24 y 25 de octubre de 2025"},"content":{"rendered":"<p>Los d\u00edas 22, 23, 24 y 25 de octubre de 2025 en la Universidad Nacional de Mar del Plata &#8211; Facultad de Humanidades Se realizara el Simposio 9. Imaginarios de lo contempor\u00e1neo: literatura y artes de la imagen en Latinoam\u00e9rica.<\/p>\n<p>El N\u00facleo Disciplinario tendr\u00e1 su reuni\u00f3n en este marco y participara de esta actividad.<\/p>\n<p><a href=\"https:\/\/grupomontevideo.org\/ndca\/ndliteratura\/wp-content\/uploads\/2025\/10\/Orden-Simposio-9-CELEHIS-2025ND-Literatura-Imaginarios-Estetica-y-Culutra-1.pdf\" target=\"_blank\" rel=\"noopener\">Acceda al programa<\/a><\/p>\n<p>Web del evento: <a href=\"https:\/\/humanidades.mdp.edu.ar\/congreso-celehis-2025\/\">https:\/\/humanidades.mdp.edu.ar\/congreso-celehis-2025\/<\/a><\/p>\n","protected":false},"excerpt":{"rendered":"<p>Los d\u00edas 22, 23, 24 y 25 de octubre de 2025 en la Universidad Nacional de Mar del Plata &#8211; Facultad de Humanidades Se realizara&#8230;<\/p>\n","protected":false},"author":1,"featured_media":0,"comment_status":"open","ping_status":"closed","sticky":false,"template":"","format":"standard","meta":{"footnotes":""},"categories":[1],"tags":[],"class_list":["post-203","post","type-post","status-publish","format-standard","hentry","category-sin-categoria"],"_links":{"self":[{"href":"https:\/\/grupomontevideo.org\/ndca\/ndliteratura\/index.php?rest_route=\/wp\/v2\/posts\/203","targetHints":{"allow":["GET"]}}],"collection":[{"href":"https:\/\/grupomontevideo.org\/ndca\/ndliteratura\/index.php?rest_route=\/wp\/v2\/posts"}],"about":[{"href":"https:\/\/grupomontevideo.org\/ndca\/ndliteratura\/index.php?rest_route=\/wp\/v2\/types\/post"}],"author":[{"embeddable":true,"href":"https:\/\/grupomontevideo.org\/ndca\/ndliteratura\/index.php?rest_route=\/wp\/v2\/users\/1"}],"replies":[{"embeddable":true,"href":"https:\/\/grupomontevideo.org\/ndca\/ndliteratura\/index.php?rest_route=%2Fwp%2Fv2%2Fcomments&post=203"}],"version-history":[{"count":3,"href":"https:\/\/grupomontevideo.org\/ndca\/ndliteratura\/index.php?rest_route=\/wp\/v2\/posts\/203\/revisions"}],"predecessor-version":[{"id":207,"href":"https:\/\/grupomontevideo.org\/ndca\/ndliteratura\/index.php?rest_route=\/wp\/v2\/posts\/203\/revisions\/207"}],"wp:attachment":[{"href":"https:\/\/grupomontevideo.org\/ndca\/ndliteratura\/index.php?rest_route=%2Fwp%2Fv2%2Fmedia&parent=203"}],"wp:term":[{"taxonomy":"category","embeddable":true,"href":"https:\/\/grupomontevideo.org\/ndca\/ndliteratura\/index.php?rest_route=%2Fwp%2Fv2%2Fcategories&post=203"},{"taxonomy":"post_tag","embeddable":true,"href":"https:\/\/grupomontevideo.org\/ndca\/ndliteratura\/index.php?rest_route=%2Fwp%2Fv2%2Ftags&post=203"}],"curies":[{"name":"wp","href":"https:\/\/api.w.org\/{rel}","templated":true}]}}