{"id":169,"date":"2024-04-23T20:07:15","date_gmt":"2024-04-23T20:07:15","guid":{"rendered":"http:\/\/grupomontevideo.org\/ndca\/ndliteratura\/?p=169"},"modified":"2024-04-23T20:07:15","modified_gmt":"2024-04-23T20:07:15","slug":"pronunciamiento-ante-la-situacion-del-sistema-universitario-argentino","status":"publish","type":"post","link":"https:\/\/grupomontevideo.org\/ndca\/ndliteratura\/?p=169","title":{"rendered":"Pronunciamiento ante la situaci\u00f3n del sistema universitario argentino"},"content":{"rendered":"<p><span style=\"font-size: medium;\"><span lang=\"ES-CL\">Desde el N\u00facleo Disciplinario\u00a0<i>Literatura, Imaginarios, Est\u00e9tica y Cultura<\/i>\u00a0de la Asociaci\u00f3n de Universidades Grupo Montevideo (AUGM) queremos expresar nuestra profunda preocupaci\u00f3n por la\u00a0<span class=\"il\">situaci\u00f3n<\/span>\u00a0que est\u00e1n atravesando el sistema universitario p\u00fablico y la producci\u00f3n cient\u00edfica en\u00a0<span class=\"il\">Argentina<\/span>.<\/span><\/span><\/p>\n<p><span lang=\"ES-CL\"><span style=\"font-size: medium;\">El desfinanciamiento programado y constante de la ciencia y educaci\u00f3n p\u00fablica de nivel superior, manifiesto en el no env\u00edo de partidas presupuestarias a las Universidades p\u00fablicas e Institutos pertenecientes al CONICET para su funcionamiento, como tambi\u00e9n la disminuci\u00f3n de becas, despidos y cesant\u00edas de personal de apoyo y de carrera, la no efectivizaci\u00f3n de Ingresos a Carrera de CONICET (luego de haber pasado por un Concurso p\u00fablico) y la falta de fondos para el desarrollo de proyectos de investigaci\u00f3n ponen en jaque a la comunidad cient\u00edfico-acad\u00e9mica\u00a0<span class=\"il\">argentina<\/span>, desestructura grupos de investigaci\u00f3n consolidados -la mayor\u00eda de ellos en redes internacionales- y genera un campo propicio para la expulsi\u00f3n de j\u00f3venes formados en la\u00a0<span class=\"il\">Argentina<\/span>\u00a0que constituyen la apuesta para el futuro.<\/span><\/span><\/p>\n<p><span lang=\"ES-CL\"><span style=\"font-size: medium;\">La extrema\u00a0<span class=\"il\">situaci\u00f3n<\/span>\u00a0ante la que se expone la\u00a0<span class=\"il\">Argentina<\/span>\u00a0con el avance de discursos negacionistas y el avasallamiento de los derechos humanos llevados adelante por un gobierno elegido democr\u00e1ticamente, ponen en riesgo la convivencia democr\u00e1tica y nos deja vislumbrar un futuro en que nuestros sue\u00f1os de soberan\u00eda, desarrollo y equidad social ser\u00e1n irrealizables.<\/span><\/span><\/p>\n<p><span lang=\"ES-CL\">Desde nuestro N\u00facleo Disciplinario reafirmamos la necesidad de\u00a0<\/span><span lang=\"ES-CL\">investigar, ense\u00f1ar, informar, hacer cine, audiovisual y desarrollar pr\u00e1cticas art\u00edstico-culturales diversas con sensibilidad y compromiso social y nos manifestamos en favor de los derechos sociales y en contra de todo tipo de represi\u00f3n y persecuci\u00f3n pol\u00edtica e\u00a0\u00a0ideol\u00f3gica.<\/span><\/p>\n","protected":false},"excerpt":{"rendered":"<p>Desde el N\u00facleo Disciplinario\u00a0Literatura, Imaginarios, Est\u00e9tica y Cultura\u00a0de la Asociaci\u00f3n de Universidades Grupo Montevideo (AUGM) queremos expresar nuestra profunda preocupaci\u00f3n por la\u00a0situaci\u00f3n\u00a0que est\u00e1n atravesando el&#8230;<\/p>\n","protected":false},"author":1,"featured_media":0,"comment_status":"open","ping_status":"closed","sticky":false,"template":"","format":"standard","meta":{"footnotes":""},"categories":[1],"tags":[],"class_list":["post-169","post","type-post","status-publish","format-standard","hentry","category-sin-categoria"],"_links":{"self":[{"href":"https:\/\/grupomontevideo.org\/ndca\/ndliteratura\/index.php?rest_route=\/wp\/v2\/posts\/169","targetHints":{"allow":["GET"]}}],"collection":[{"href":"https:\/\/grupomontevideo.org\/ndca\/ndliteratura\/index.php?rest_route=\/wp\/v2\/posts"}],"about":[{"href":"https:\/\/grupomontevideo.org\/ndca\/ndliteratura\/index.php?rest_route=\/wp\/v2\/types\/post"}],"author":[{"embeddable":true,"href":"https:\/\/grupomontevideo.org\/ndca\/ndliteratura\/index.php?rest_route=\/wp\/v2\/users\/1"}],"replies":[{"embeddable":true,"href":"https:\/\/grupomontevideo.org\/ndca\/ndliteratura\/index.php?rest_route=%2Fwp%2Fv2%2Fcomments&post=169"}],"version-history":[{"count":1,"href":"https:\/\/grupomontevideo.org\/ndca\/ndliteratura\/index.php?rest_route=\/wp\/v2\/posts\/169\/revisions"}],"predecessor-version":[{"id":170,"href":"https:\/\/grupomontevideo.org\/ndca\/ndliteratura\/index.php?rest_route=\/wp\/v2\/posts\/169\/revisions\/170"}],"wp:attachment":[{"href":"https:\/\/grupomontevideo.org\/ndca\/ndliteratura\/index.php?rest_route=%2Fwp%2Fv2%2Fmedia&parent=169"}],"wp:term":[{"taxonomy":"category","embeddable":true,"href":"https:\/\/grupomontevideo.org\/ndca\/ndliteratura\/index.php?rest_route=%2Fwp%2Fv2%2Fcategories&post=169"},{"taxonomy":"post_tag","embeddable":true,"href":"https:\/\/grupomontevideo.org\/ndca\/ndliteratura\/index.php?rest_route=%2Fwp%2Fv2%2Ftags&post=169"}],"curies":[{"name":"wp","href":"https:\/\/api.w.org\/{rel}","templated":true}]}}