{"id":106,"date":"2019-11-01T16:06:18","date_gmt":"2019-11-01T16:06:18","guid":{"rendered":"http:\/\/grupomontevideo.org\/ndca\/ndliteratura\/?p=106"},"modified":"2019-11-13T16:18:48","modified_gmt":"2019-11-13T16:18:48","slug":"ii-simposio-internacional-de-literatura-imaginarios-estetica-y-cultura","status":"publish","type":"post","link":"https:\/\/grupomontevideo.org\/ndca\/ndliteratura\/?p=106","title":{"rendered":"II Simposio Internacional: Am\u00e9rica Latina y sus bordes interculturales: literatura, imaginarios, est\u00e9tica y cultura"},"content":{"rendered":"<p style=\"text-align: justify;\"><span style=\"font-weight: 400;\">Para pensar interculturalmente y a escala continental en la investigaci\u00f3n, en los objetos de la literatura y del arte, en las expresiones de la memoria, de los derechos y humanos y de la historia, el <strong>N\u00facleo Disciplinario Literatura, Imaginarios, Est\u00e9tica y Cultura de la Asociaci\u00f3n de Universidades del Grupo Montevideo (AUGM) llevar\u00e1 adelante su II Simposio Internacional<\/strong> en el Centro de Investigaciones en Estudios Culturales, Educativos, Hist\u00f3ricos y Comunicacionales (CIECEHC) de la Facultad de Humanidades y Ciencias, Universidad Nacional del Litoral (UNL), Santa Fe, Argentina. <\/span><\/p>\n<p style=\"text-align: justify;\">Este encuentro que se llevar\u00e1 a cabo el <strong>11 y 12 de noviembre, tiene como objetivo principal reunir a investigadores argentinos, brasileros, uruguayos, paraguayos y chilenos en mesas de debate<\/strong> organizadas en torno a seis ejes tem\u00e1ticos que permiten el abordaje de producciones te\u00f3ricas y art\u00edsticas y el an\u00e1lisis cr\u00edtico de temas, problemas y discusiones sobre las dimensiones interculturales de Am\u00e9rica Latina.<\/p>\n<p style=\"text-align: justify;\"><span style=\"font-weight: 400;\">De esta manera, <strong>los investigadores intercambiar\u00e1n sobre<\/strong> manifestaciones culturales y escalas transnacionales; imaginarios y manifestaciones est\u00e9ticas en desplazamiento; formas de testimonio, memoria e historia; diversidades regionales y desaf\u00edos de la identidad cultural; discurso hegem\u00f3nico y diversidad social; y multiculturalidad y pluralismo discursivo.<\/span><\/p>\n<p style=\"text-align: justify;\"><strong>Hasta el 30 de agosto se pueden enviar res\u00famenes de ponencias y los seleccionados ser\u00e1n comunicados el 10 de septiembre. La fecha l\u00edmite para el env\u00edo de ponencias es el 15 de octubre.<\/strong><\/p>\n<p style=\"text-align: justify;\">El resumen constar\u00e1 de no m\u00e1s de 250 palabras con formato a un espacio y medio, documento Word, fuente Georgia 11. El documento se denominar\u00e1 con el n\u00famero del eje tem\u00e1tico m\u00e1s el apellido del autor o del primer autor mencionado (ejemplo: Eje1-Gonz\u00e1lez). El resumen deber\u00e1, adem\u00e1s, dar cuenta del problema original a tratar y de sus lineamientos te\u00f3ricos, enunciar palabras clave.<strong> El env\u00edo se har\u00e1 a trav\u00e9s de la plataforma web disponible en <a href=\"http:\/\/www.fhuc.unl.edu.ar\/inscripciones\">www.fhuc.unl.edu.ar\/inscripciones<\/a> y al correo electr\u00f3nico marinenicola@yahoo.com.ar<\/strong><\/p>\n<p style=\"text-align: justify;\">La actividad es sin costo ni aranceles y la inscripci\u00f3n de asistentes y expositores se realizar\u00e1 a trav\u00e9s del sitio <a href=\"http:\/\/www.fhuc.unl.edu.ar\/inscripciones\">www.fhuc.unl.edu.ar\/inscripciones<\/a> hasta el ocho de noviembre de 2019.<\/p>\n<p><strong>Ver <a href=\"https:\/\/grupomontevideo.org\/ndca\/ndliteratura\/wp-content\/uploads\/2019\/11\/AUGM_II-Simposio-2019_Programa-General.pdf\" target=\"_blank\" rel=\"noopener noreferrer\">Programa General del Simposio<\/a><\/strong><\/p>\n<p style=\"text-align: justify;\"><span style=\"font-weight: 400;\">Participar\u00e1n la Universidad Nacional del Litoral (UNL-Argentina), Universidad Nacional de Mar del Plata (UNMdP-Argentina),\u00a0 Universidad Nacional de Cuyo, (UNCuyo-Argentina), Universidad Nacional del Nordeste (UNE-Argentina), Universidad Nacional de Tucum\u00e1n (UNT-Argentina), Universidad Nacional de La Plata (UNLP-Argentina), Universidad Federal de Santa Mar\u00eda (UFSM-Brasil), Universidad Federal de Minas Gerais (UFMG-Brasil), Universidade Federal de Santa Catarina (UFSC-Brasil), Universidade Estadual de Campinas (UNICAMP-Brasil), Universidad Nacional de Asunci\u00f3n (UNA-Paraguay), Universidad de Chile (UChile-Chile), Universidad de Playa Ancha (UPLA-Chile); Universidad Nacional de C\u00f3rdoba (UNC-Argentina)y Universidad Nacional de Rosario (UNR-Argentina).<\/span><\/p>\n","protected":false},"excerpt":{"rendered":"<p>Para pensar interculturalmente y a escala continental en la investigaci\u00f3n, en los objetos de la literatura y del arte, en las expresiones de la memoria,&#8230;<\/p>\n","protected":false},"author":1,"featured_media":0,"comment_status":"open","ping_status":"closed","sticky":false,"template":"","format":"standard","meta":{"footnotes":""},"categories":[1],"tags":[],"class_list":["post-106","post","type-post","status-publish","format-standard","hentry","category-sin-categoria"],"_links":{"self":[{"href":"https:\/\/grupomontevideo.org\/ndca\/ndliteratura\/index.php?rest_route=\/wp\/v2\/posts\/106","targetHints":{"allow":["GET"]}}],"collection":[{"href":"https:\/\/grupomontevideo.org\/ndca\/ndliteratura\/index.php?rest_route=\/wp\/v2\/posts"}],"about":[{"href":"https:\/\/grupomontevideo.org\/ndca\/ndliteratura\/index.php?rest_route=\/wp\/v2\/types\/post"}],"author":[{"embeddable":true,"href":"https:\/\/grupomontevideo.org\/ndca\/ndliteratura\/index.php?rest_route=\/wp\/v2\/users\/1"}],"replies":[{"embeddable":true,"href":"https:\/\/grupomontevideo.org\/ndca\/ndliteratura\/index.php?rest_route=%2Fwp%2Fv2%2Fcomments&post=106"}],"version-history":[{"count":5,"href":"https:\/\/grupomontevideo.org\/ndca\/ndliteratura\/index.php?rest_route=\/wp\/v2\/posts\/106\/revisions"}],"predecessor-version":[{"id":112,"href":"https:\/\/grupomontevideo.org\/ndca\/ndliteratura\/index.php?rest_route=\/wp\/v2\/posts\/106\/revisions\/112"}],"wp:attachment":[{"href":"https:\/\/grupomontevideo.org\/ndca\/ndliteratura\/index.php?rest_route=%2Fwp%2Fv2%2Fmedia&parent=106"}],"wp:term":[{"taxonomy":"category","embeddable":true,"href":"https:\/\/grupomontevideo.org\/ndca\/ndliteratura\/index.php?rest_route=%2Fwp%2Fv2%2Fcategories&post=106"},{"taxonomy":"post_tag","embeddable":true,"href":"https:\/\/grupomontevideo.org\/ndca\/ndliteratura\/index.php?rest_route=%2Fwp%2Fv2%2Ftags&post=106"}],"curies":[{"name":"wp","href":"https:\/\/api.w.org\/{rel}","templated":true}]}}