{"id":286,"date":"2016-09-09T16:10:11","date_gmt":"2016-09-09T16:10:11","guid":{"rendered":"https:\/\/grupomontevideo.org\/ndca\/ndevaluacioninst\/?p=286"},"modified":"2026-04-09T16:10:53","modified_gmt":"2026-04-09T16:10:53","slug":"v-encuentro-regional-del-nucleo-de-evaluacion-institucional-planeamiento-estrategico-y-gestion-universitaria-de-augm","status":"publish","type":"post","link":"https:\/\/grupomontevideo.org\/ndca\/ndevaluacioninstitucional\/?p=286","title":{"rendered":"V Encuentro Regional del N\u00facleo de Evaluaci\u00f3n Institucional, Planeamiento Estrat\u00e9gico y Gesti\u00f3n Universitaria de AUGM"},"content":{"rendered":"<p>Dando continuidad a los eventos que viene realizando el ND, se realizara el V Encuentro Regional del N\u00facleo de Evaluaci\u00f3n Institucional, Planeamiento Estrat\u00e9gico y Gesti\u00f3n Universitaria de AUGM, en el marco del Foro Abierto de Ciencias de Latinoamerica y Caribe CILAC (www.forocilac.org).<br \/>\nEl V encuentro organizado por el ND y con afitrion a la Universidad de la Rep\u00fablica eligio tratar el tema Universidades para el Desarrollo, donde se expondr\u00e1n temas como:<br \/>\n-Aportes de una universidad p\u00fablica a la modernizaci\u00f3n productiva de su zona de influencia<br \/>\n-Universidad P\u00fablica y cambio en la estructura productiva. Desaf\u00edos para una peque\u00f1a econom\u00eda en desarrollo<br \/>\n-El aporte y los mecanismos de vinculaci\u00f3n de la UNCUYO con el desarrollo territorial y el medio<br \/>\n-Desde la perspectiva del Desarrollo Institucional &#8211; Misi\u00f3n y compromisos de Desarrollo hacia el horizonte 2025<br \/>\n-\u00ab\u00bfQu\u00e9 preguntar a los datos desde las pol\u00edticas de investigaci\u00f3n de una universidad para el desarrollo?. Lecciones de la Comisi\u00f3n Sectorial de Investigaci\u00f3n Cient\u00edfica de la Universidad de la Rep\u00fablica<br \/>\n-Formaciones de grado y posgrado: puentes entre academia, estado y producci\u00f3n<br \/>\nEl encuentro tendr\u00e1 lugar en las instalaciones del Laboratorio Tecnol\u00f3gico del Uruguay el d\u00eda 9 de septiembre de 8.30 a 13.15 en la sala Big Bang.<\/p>\n<p><a href=\"https:\/\/grupomontevideo.org\/ndca\/ndevaluacioninstitucional\/v-encuentro-regional-del-nucleo-de-evaluacion-institucional-planeamiento-estrategico-y-gestion-universitaria-de-augm\/programa-v-encuentro\/\" rel=\"attachment wp-att-476\">Programa V encuentro<\/a><\/p>\n","protected":false},"excerpt":{"rendered":"<p>Dando continuidad a los eventos que viene realizando el ND, se realizara el V Encuentro Regional del N\u00facleo de Evaluaci\u00f3n Institucional, Planeamiento Estrat\u00e9gico y Gesti\u00f3n&#8230;<\/p>\n","protected":false},"author":1,"featured_media":0,"comment_status":"open","ping_status":"open","sticky":false,"template":"","format":"standard","meta":{"footnotes":""},"categories":[1],"tags":[],"class_list":["post-286","post","type-post","status-publish","format-standard","hentry","category-sin-categoria"],"_links":{"self":[{"href":"https:\/\/grupomontevideo.org\/ndca\/ndevaluacioninstitucional\/index.php?rest_route=\/wp\/v2\/posts\/286","targetHints":{"allow":["GET"]}}],"collection":[{"href":"https:\/\/grupomontevideo.org\/ndca\/ndevaluacioninstitucional\/index.php?rest_route=\/wp\/v2\/posts"}],"about":[{"href":"https:\/\/grupomontevideo.org\/ndca\/ndevaluacioninstitucional\/index.php?rest_route=\/wp\/v2\/types\/post"}],"author":[{"embeddable":true,"href":"https:\/\/grupomontevideo.org\/ndca\/ndevaluacioninstitucional\/index.php?rest_route=\/wp\/v2\/users\/1"}],"replies":[{"embeddable":true,"href":"https:\/\/grupomontevideo.org\/ndca\/ndevaluacioninstitucional\/index.php?rest_route=%2Fwp%2Fv2%2Fcomments&post=286"}],"version-history":[{"count":2,"href":"https:\/\/grupomontevideo.org\/ndca\/ndevaluacioninstitucional\/index.php?rest_route=\/wp\/v2\/posts\/286\/revisions"}],"predecessor-version":[{"id":288,"href":"https:\/\/grupomontevideo.org\/ndca\/ndevaluacioninstitucional\/index.php?rest_route=\/wp\/v2\/posts\/286\/revisions\/288"}],"wp:attachment":[{"href":"https:\/\/grupomontevideo.org\/ndca\/ndevaluacioninstitucional\/index.php?rest_route=%2Fwp%2Fv2%2Fmedia&parent=286"}],"wp:term":[{"taxonomy":"category","embeddable":true,"href":"https:\/\/grupomontevideo.org\/ndca\/ndevaluacioninstitucional\/index.php?rest_route=%2Fwp%2Fv2%2Fcategories&post=286"},{"taxonomy":"post_tag","embeddable":true,"href":"https:\/\/grupomontevideo.org\/ndca\/ndevaluacioninstitucional\/index.php?rest_route=%2Fwp%2Fv2%2Ftags&post=286"}],"curies":[{"name":"wp","href":"https:\/\/api.w.org\/{rel}","templated":true}]}}