{"id":404,"date":"2020-08-06T14:45:16","date_gmt":"2020-08-06T14:45:16","guid":{"rendered":"http:\/\/grupomontevideo.org\/ndca\/caprocesoscooperativos\/?p=404"},"modified":"2020-08-27T19:27:09","modified_gmt":"2020-08-27T19:27:09","slug":"ciclo-de-webinarios-del-comite-academico-procesos-cooperativos-y-asociativos","status":"publish","type":"post","link":"https:\/\/grupomontevideo.org\/ndca\/caprocesoscooperativos\/?p=404","title":{"rendered":"Ciclo de Webinarios del Comit\u00e9 Acad\u00e9mico Procesos Cooperativos y Asociativos"},"content":{"rendered":"<p style=\"text-align: justify;\">Esta propuesta del Comit\u00e9 Acad\u00e9mico Procesos Cooperativos y Asociativos (Procoas) lleva por t\u00edtulo <em><strong>\u00abContexto de la econom\u00eda social y solidaria en situaci\u00f3n de pandemia. Reflexiones, relatos e intercambios desde la perspectiva universitaria\u00bb\u00a0<\/strong><\/em>y consta de cuatro encuentros que se llevar\u00e1n a cabo en setiembre, octubre y noviembre.<\/p>\n<blockquote>\n<p style=\"text-align: justify;\"><strong>A trav\u00e9s de ellos buscamos generar reflexiones e intercambios sobre temas de inter\u00e9s en el campo de la econom\u00eda social y solidaria en contexto de pandemia, en relaci\u00f3n al papel de las universidades, la educaci\u00f3n y los procesos colectivos, la producci\u00f3n y comercializaci\u00f3n de alimentos, y la tecnolog\u00eda e innovaciones del sector solidario.<\/strong><\/p>\n<\/blockquote>\n<p style=\"text-align: justify;\">A continuaci\u00f3n podr\u00e1 consultar la fecha y tem\u00e1tica de cada conferencia y realizar su inscripci\u00f3n a trav\u00e9s de ZOOM (la participaci\u00f3n en esta plataforma tiene un cupo de 100 personas). Los webinarios tambi\u00e9n podr\u00e1n seguirse a trav\u00e9s de nuestro canal de <a href=\"https:\/\/www.youtube.com\/channel\/UCPsfsC2J64FsbEr7r2gpb7w?view_as=subscriber\"><strong>YouTube: AUGM Oficial<\/strong><\/a> (suscribite).<\/p>\n<p style=\"text-align: justify;\"><em>Todas las instancias se llevar\u00e1n adelante desde las 16.00 a 19.00 horas de Buenos Aires\/Brasilia\/Montevideo y desde las 15.00 a 18.00 horas de La Paz\/Asunci\u00f3n\/Santiago de Chile.\u00a0\u00a0<\/em><\/p>\n<hr \/>\n<p><b>1 de septiembre:<\/b><\/p>\n<p><i><span style=\"font-weight: 400;\">Universidad y econom\u00eda social y solidaria en contexto de pandemia. Intercambio de reflexi\u00f3n y experiencias<\/span><\/i><\/p>\n<p><strong>Los cupos para participar por Zoom a este seminaro ya est\u00e1n completos, pero puede seguir la actividad a trav\u00e9s de nuestro <a href=\"https:\/\/www.youtube.com\/channel\/UCPsfsC2J64FsbEr7r2gpb7w?view_as=subscriber\">canal de YouTube<\/a><\/strong><\/p>\n<p><iframe loading=\"lazy\" src=\"https:\/\/www.youtube.com\/embed\/eA8RQ5wUURg\" width=\"500\" height=\"281\" frameborder=\"0\" allowfullscreen=\"allowfullscreen\"><\/iframe><br \/>\n<iframe loading=\"lazy\" src=\"https:\/\/www.youtube.com\/embed\/HdV4RKy7rwA\" width=\"500\" height=\"281\" frameborder=\"0\" allowfullscreen=\"allowfullscreen\"><span data-mce-type=\"bookmark\" style=\"display: inline-block; width: 0px; overflow: hidden; line-height: 0;\" class=\"mce_SELRES_start\">\ufeff<\/span><\/iframe><\/p>\n<p><iframe loading=\"lazy\" src=\"https:\/\/www.youtube.com\/embed\/gDdoq_4Df9M\" width=\"500\" height=\"281\" frameborder=\"0\" allowfullscreen=\"allowfullscreen\"><\/iframe><\/p>\n<p><iframe loading=\"lazy\" src=\"https:\/\/www.youtube.com\/embed\/x9yRmSbPKm0\" width=\"500\" height=\"281\" frameborder=\"0\" allowfullscreen=\"allowfullscreen\"><\/iframe><\/p>\n<p><iframe loading=\"lazy\" src=\"https:\/\/www.youtube.com\/embed\/Dkfs76q8UzM\" width=\"500\" height=\"281\" frameborder=\"0\" allowfullscreen=\"allowfullscreen\"><span data-mce-type=\"bookmark\" style=\"display: inline-block; width: 0px; overflow: hidden; line-height: 0;\" class=\"mce_SELRES_start\">\ufeff<\/span><\/iframe><\/p>\n<hr \/>\n<p><b>22 de septiembre:\u00a0<\/b><\/p>\n<p><span style=\"font-weight: 400;\">\u00a0<\/span><i><span style=\"font-weight: 400;\">Las fisuras del modelo hegem\u00f3nico de la educaci\u00f3n superior para el desarrollo del campo de la ESS<\/span><\/i><\/p>\n<p>Inscribite por Zoom a este seminario aqu\u00ed (pr\u00f3ximamente)<\/p>\n<hr \/>\n<p><b>27 de octubre:<\/b><span style=\"font-weight: 400;\">\u00a0<\/span><\/p>\n<p><i><span style=\"font-weight: 400;\">Producci\u00f3n, abastecimiento y consumo de alimentos en el contexto de pandemia<\/span><\/i><\/p>\n<p>Inscribite por Zoom a este seminario aqu\u00ed (pr\u00f3ximamente)<\/p>\n<hr \/>\n<p><b>18 de noviembre:\u00a0<\/b><\/p>\n<p><i><span style=\"font-weight: 400;\">Conversatorio de Experiencias Universitarias Comparadas: Tecnolog\u00edas e innovaciones para el desarrollo econ\u00f3mico solidario. Los casos de ITCP (UNICAMP), NIDES (UFRJ) y PUIS (UNQ).<\/span><\/i><\/p>\n<p>Inscribite por Zoom a este seminario aqu\u00ed (pr\u00f3ximamente)<\/p>\n<hr \/>\n<p><img loading=\"lazy\" decoding=\"async\" class=\"aligncenter size-full wp-image-6479\" src=\"http:\/\/grupomontevideo.org\/sitio\/wp-content\/uploads\/2020\/08\/CicloProcoas-.jpeg\" alt=\"\" width=\"1600\" height=\"1590\" \/><\/p>\n","protected":false},"excerpt":{"rendered":"<p>Esta propuesta del Comit\u00e9 Acad\u00e9mico Procesos Cooperativos y Asociativos (Procoas) lleva por t\u00edtulo \u00abContexto de la econom\u00eda social y solidaria en situaci\u00f3n de pandemia. Reflexiones,&#8230;<\/p>\n","protected":false},"author":1,"featured_media":0,"comment_status":"open","ping_status":"closed","sticky":false,"template":"","format":"standard","meta":{"footnotes":""},"categories":[1],"tags":[],"class_list":["post-404","post","type-post","status-publish","format-standard","hentry","category-sin-categoria"],"_links":{"self":[{"href":"https:\/\/grupomontevideo.org\/ndca\/caprocesoscooperativos\/index.php?rest_route=\/wp\/v2\/posts\/404","targetHints":{"allow":["GET"]}}],"collection":[{"href":"https:\/\/grupomontevideo.org\/ndca\/caprocesoscooperativos\/index.php?rest_route=\/wp\/v2\/posts"}],"about":[{"href":"https:\/\/grupomontevideo.org\/ndca\/caprocesoscooperativos\/index.php?rest_route=\/wp\/v2\/types\/post"}],"author":[{"embeddable":true,"href":"https:\/\/grupomontevideo.org\/ndca\/caprocesoscooperativos\/index.php?rest_route=\/wp\/v2\/users\/1"}],"replies":[{"embeddable":true,"href":"https:\/\/grupomontevideo.org\/ndca\/caprocesoscooperativos\/index.php?rest_route=%2Fwp%2Fv2%2Fcomments&post=404"}],"version-history":[{"count":9,"href":"https:\/\/grupomontevideo.org\/ndca\/caprocesoscooperativos\/index.php?rest_route=\/wp\/v2\/posts\/404\/revisions"}],"predecessor-version":[{"id":430,"href":"https:\/\/grupomontevideo.org\/ndca\/caprocesoscooperativos\/index.php?rest_route=\/wp\/v2\/posts\/404\/revisions\/430"}],"wp:attachment":[{"href":"https:\/\/grupomontevideo.org\/ndca\/caprocesoscooperativos\/index.php?rest_route=%2Fwp%2Fv2%2Fmedia&parent=404"}],"wp:term":[{"taxonomy":"category","embeddable":true,"href":"https:\/\/grupomontevideo.org\/ndca\/caprocesoscooperativos\/index.php?rest_route=%2Fwp%2Fv2%2Fcategories&post=404"},{"taxonomy":"post_tag","embeddable":true,"href":"https:\/\/grupomontevideo.org\/ndca\/caprocesoscooperativos\/index.php?rest_route=%2Fwp%2Fv2%2Ftags&post=404"}],"curies":[{"name":"wp","href":"https:\/\/api.w.org\/{rel}","templated":true}]}}