{"id":230,"date":"2018-05-11T15:08:32","date_gmt":"2018-05-11T15:08:32","guid":{"rendered":"http:\/\/grupomontevideo.org\/ndca\/caprocesoscooperativos\/?p=230"},"modified":"2018-11-05T22:50:16","modified_gmt":"2018-11-05T22:50:16","slug":"xiv-seminario-internacional-procoas","status":"publish","type":"post","link":"https:\/\/grupomontevideo.org\/ndca\/caprocesoscooperativos\/?p=230","title":{"rendered":"[:es]XIV SEMINARIO INTERNACIONAL PROCOAS, C\u00f3rdoba 2018. [:]"},"content":{"rendered":"<p>[:es]<\/p>\n<p style=\"text-align: justify;\"><span style=\"font-weight: 400;\">Frente a los nuevos desaf\u00edos que plantea en Am\u00e9rica Latina la \u201c<\/span><i><span style=\"font-weight: 400;\">restauraci\u00f3n conservadora\u201d <\/span><\/i><span style=\"font-weight: 400;\">y en el marco de la conmemoraciones por la Reforma Universitaria de 1918,<\/span> <span style=\"font-weight: 400;\">el <a href=\"https:\/\/grupomontevideo.org\/ndca\/caprocesoscooperativos\/?p=230\">Comit\u00e9 Acad\u00e9mico Procesos Cooperativos y Asociativos<\/a> (CA PROCOAS) de la Asociaci\u00f3n de Universidades Grupo Montevideo (AUGM) llev\u00f3 adelante su <strong>XIV Seminario Internacional \u201c<\/strong><\/span><strong><i>La universidad p\u00fablica y la transici\u00f3n hacia otra econom\u00eda. Debates y desaf\u00edos en el centenario de la Reforma Universitaria<\/i><\/strong><span style=\"font-weight: 400;\"><strong>\u201d<\/strong>.<\/span><\/p>\n<p style=\"text-align: justify;\">Este evento, que se concret\u00f3 el<strong>\u00a017, 18 y 19 de octubre en la Facultad de Ciencias Econ\u00f3micas de la Universidad Nacional de C\u00f3rdoba<\/strong> (UNC, Argentina), se propuso implicarnos en nuestro tiempo como universitarios y latinoamericanos comprometidos con la Econom\u00eda Social y Solidaria desde la reflexi\u00f3n te\u00f3rica, la revalorizaci\u00f3n de los espacios de intervenci\u00f3n y de formaci\u00f3n desde una perspectiva cr\u00edtica.<\/p>\n<p style=\"text-align: justify;\">\u00ab<em>El objetivo principal era dialogar con todo el proceso y lo que representan los 100 a\u00f1os de la Reforma de C\u00f3rdoba, el rol de la universidad con la sociedad y las organizaciones cooperativas-asociativas de econom\u00eda social y solidaria\u00bb,\u00a0<\/em>explic\u00f3 a Comunicaci\u00f3n AUGM Diego Barrios, representante en el Comit\u00e9 por la Universidad de la Rep\u00fablica (Uruguay).<\/p>\n<p style=\"text-align: justify;\">Explic\u00f3 adem\u00e1s que en el Seminario tuvieron lugar una serie diversa de temas que se trabajan habitualmente desde el agrupamiento como la cuesti\u00f3n de g\u00e9nero, el trabajo social, los procesos educativos y de autogesti\u00f3n en c\u00e1rceles, entre otros tantos. \u00ab<em>Hubo una evaluaci\u00f3n muy buena sobre el seminario y un acuerdo generalizado en todo los temas\u00bb<\/em>, inform\u00f3 Barrios respecto a lo que sucedi\u00f3 luego en la reuni\u00f3n anual de PROCOAS.<\/p>\n<p style=\"text-align: justify;\">Respecto a este espacio, \u00ab<em>se pudo avanzar en temas como publicaciones, la evaluaci\u00f3n de la Maestr\u00eda Social de la Universidad Nacional de Rosario (UNR), con la cual tenemos un acuerdo de trabajo<\/em>\u00ab, continu\u00f3 Barrios, y en \u00ab<em>muchos otros temas<\/em>\u00bb como los \u00ab<em>acuerdos de trabajo en el marco del programa ESCALA Docente<\/em>\u00ab. PROCOAS defini\u00f3 tambi\u00e9n la sede de su pr\u00f3xima reuni\u00f3n que ser\u00e1 la Universidad de Plata Ancha en Valpara\u00edso, Chile.<\/p>\n<div id=\"attachment_4191\" style=\"width: 1290px\" class=\"wp-caption aligncenter\"><img loading=\"lazy\" decoding=\"async\" aria-describedby=\"caption-attachment-4191\" class=\"size-full wp-image-4191\" src=\"http:\/\/grupomontevideo.org\/sitio\/wp-content\/uploads\/2018\/05\/WhatsApp-Image-2018-10-21-at-11.31.42.jpeg\" alt=\"\" width=\"1280\" height=\"782\" \/><p id=\"caption-attachment-4191\" class=\"wp-caption-text\">Foto: PROCOAS<\/p><\/div>\n<p style=\"text-align: justify;\"><strong>Vea el cronograma\u00a0\u00a0<a href=\"http:\/\/grupomontevideo.org\/sitio\/wp-content\/uploads\/2018\/05\/Programa-general.pdf\">Programa general<\/a>\u00a0<a href=\"http:\/\/grupomontevideo.org\/sitio\/wp-content\/uploads\/2018\/05\/Programa-general.pdf\">aqu\u00ed<\/a><\/strong><\/p>\n<p><img loading=\"lazy\" decoding=\"async\" class=\"alignleft size-full wp-image-3769\" src=\"http:\/\/grupomontevideo.org\/sitio\/wp-content\/uploads\/2018\/05\/PROCOAS-flyer-1200-627.png\" alt=\"\" width=\"1200\" height=\"627\" \/>[:]<\/p>\n","protected":false},"excerpt":{"rendered":"<p>[:es] Frente a los nuevos desaf\u00edos que plantea en Am\u00e9rica Latina la \u201crestauraci\u00f3n conservadora\u201d y en el marco de la conmemoraciones por la Reforma Universitaria&#8230;<\/p>\n","protected":false},"author":1,"featured_media":0,"comment_status":"open","ping_status":"closed","sticky":false,"template":"","format":"standard","meta":{"footnotes":""},"categories":[1],"tags":[],"class_list":["post-230","post","type-post","status-publish","format-standard","hentry","category-sin-categoria"],"_links":{"self":[{"href":"https:\/\/grupomontevideo.org\/ndca\/caprocesoscooperativos\/index.php?rest_route=\/wp\/v2\/posts\/230","targetHints":{"allow":["GET"]}}],"collection":[{"href":"https:\/\/grupomontevideo.org\/ndca\/caprocesoscooperativos\/index.php?rest_route=\/wp\/v2\/posts"}],"about":[{"href":"https:\/\/grupomontevideo.org\/ndca\/caprocesoscooperativos\/index.php?rest_route=\/wp\/v2\/types\/post"}],"author":[{"embeddable":true,"href":"https:\/\/grupomontevideo.org\/ndca\/caprocesoscooperativos\/index.php?rest_route=\/wp\/v2\/users\/1"}],"replies":[{"embeddable":true,"href":"https:\/\/grupomontevideo.org\/ndca\/caprocesoscooperativos\/index.php?rest_route=%2Fwp%2Fv2%2Fcomments&post=230"}],"version-history":[{"count":11,"href":"https:\/\/grupomontevideo.org\/ndca\/caprocesoscooperativos\/index.php?rest_route=\/wp\/v2\/posts\/230\/revisions"}],"predecessor-version":[{"id":284,"href":"https:\/\/grupomontevideo.org\/ndca\/caprocesoscooperativos\/index.php?rest_route=\/wp\/v2\/posts\/230\/revisions\/284"}],"wp:attachment":[{"href":"https:\/\/grupomontevideo.org\/ndca\/caprocesoscooperativos\/index.php?rest_route=%2Fwp%2Fv2%2Fmedia&parent=230"}],"wp:term":[{"taxonomy":"category","embeddable":true,"href":"https:\/\/grupomontevideo.org\/ndca\/caprocesoscooperativos\/index.php?rest_route=%2Fwp%2Fv2%2Fcategories&post=230"},{"taxonomy":"post_tag","embeddable":true,"href":"https:\/\/grupomontevideo.org\/ndca\/caprocesoscooperativos\/index.php?rest_route=%2Fwp%2Fv2%2Ftags&post=230"}],"curies":[{"name":"wp","href":"https:\/\/api.w.org\/{rel}","templated":true}]}}