{"id":203,"date":"2018-02-28T16:03:51","date_gmt":"2018-02-28T16:03:51","guid":{"rendered":"http:\/\/grupomontevideo.org\/ndca\/caprocesoscooperativos\/?p=203"},"modified":"2025-02-20T18:35:12","modified_gmt":"2025-02-20T18:35:12","slug":"unnese-concreto-la-escuela-de-verano-educacion-y-procesos-asociativos-en-espacios-rurales","status":"publish","type":"post","link":"https:\/\/grupomontevideo.org\/ndca\/caprocesoscooperativos\/?p=203","title":{"rendered":"Se concret\u00f3 la Escuela de Verano \u201cEducaci\u00f3n y procesos asociativos en espacios rurales\u201d"},"content":{"rendered":"<p>&nbsp;<\/p>\n<p style=\"text-align: justify;\">Este 24 de febrero finaliz\u00f3 la <strong>Escuela de Verano \u201cEducaci\u00f3n y procesos asociativos en espacios rurales\u201d<\/strong>, una <strong>iniciativa del Comit\u00e9 Acad\u00e9mico Procesos Cooperativos y Asociativos (Procoas) de la Asociaci\u00f3n de Universidades Grupo Montevideo<\/strong> (AUGM) que se llev\u00f3 adelante en la Universidad Nacional del Nordeste (UNNE, Argentina).<\/p>\n<p><iframe loading=\"lazy\" src=\"https:\/\/www.youtube.com\/embed\/nMNAtI7mIlQ\" width=\"560\" height=\"315\" frameborder=\"0\" allowfullscreen=\"allowfullscreen\"><\/iframe><\/p>\n<p style=\"text-align: justify;\">Esta convocatoria del CA Procoas junto a la Facultad de Humanidades UNNE y la Federaci\u00f3n de Escuelas de la Familia Agr\u00edcola del Taragu\u00ed (Corrientes, Argentina), apunt\u00f3 a promover espacios de discusi\u00f3n y construcci\u00f3n de conocimientos para interrogar y comprender la complejidad de los procesos y pr\u00e1cticas educativas en espacios rurales, as\u00ed como compartir herramientas te\u00f3ricas y pr\u00e1cticas que posibiliten la elaboraci\u00f3n de diagn\u00f3sticos y proyectos de intervenci\u00f3n en torno a los procesos asociativos que se desarrollan en el \u00e1mbito educativo rural.<\/p>\n<p style=\"text-align: justify;\">En diciembre se llev\u00f3 adelante el proceso de inscripciones con la recepci\u00f3n de m\u00e1s de 100 postulaciones, entre quienes se seleccionaron 40 participantes procedentes de Brasil, Chile, Paraguay, Uruguay y Argentina.<\/p>\n<p style=\"text-align: justify;\">\u201c<em>Nos interesa promover un espacio para reflexionar y debatir acerca de la importancia que ha tenido y tiene la educaci\u00f3n escolar en la constituci\u00f3n de los sujetos hist\u00f3ricos rurales en nuestros pa\u00edses. Pero tambi\u00e9n, principalmente, nos interesa indagar en torno a las formas en que se han configurado hist\u00f3ricamente otras pr\u00e1cticas educativas que involucran a familias y comunidades rurales, o experiencias y proyectos educativos actuales con sujetos que recrean identidades colectivas en el marco de procesos asociativos o cooperativos<\/em>\u201d, sintetizan los organizadores.<\/p>\n<p style=\"text-align: justify;\">El cuerpo docente estuvo integrado por Elisa Cragnolino de la Universidad nacional de C\u00f3rdoba (Argentina); Diego Barrios y Gerardo Sarachu Trigo, de la Universidad de la Rep\u00fablica (Montevideo); Sandro Mendes, de la Universidad Federal de Parana (Curitiba); y Cesar Abel Gomez junto a Mart\u00edn Emilio Gonz\u00e1lez por la Universidad Nacional del Nordeste.<\/p>\n<p><iframe loading=\"lazy\" src=\"https:\/\/www.youtube.com\/embed\/nMNAtI7mIlQ\" width=\"560\" height=\"315\" frameborder=\"0\" allowfullscreen=\"allowfullscreen\"><\/iframe><br \/>\n<iframe loading=\"lazy\" src=\"https:\/\/www.youtube.com\/embed\/3QWlkorytCg\" width=\"560\" height=\"315\" frameborder=\"0\" allowfullscreen=\"allowfullscreen\"><\/iframe><br \/>\n<iframe loading=\"lazy\" src=\"https:\/\/www.youtube.com\/embed\/HECqH66zGtc\" width=\"560\" height=\"315\" frameborder=\"0\" allowfullscreen=\"allowfullscreen\"><\/iframe><\/p>\n","protected":false},"excerpt":{"rendered":"<p>&nbsp; Este 24 de febrero finaliz\u00f3 la Escuela de Verano \u201cEducaci\u00f3n y procesos asociativos en espacios rurales\u201d, una iniciativa del Comit\u00e9 Acad\u00e9mico Procesos Cooperativos y&#8230;<\/p>\n","protected":false},"author":1,"featured_media":0,"comment_status":"open","ping_status":"closed","sticky":false,"template":"","format":"standard","meta":{"footnotes":""},"categories":[1],"tags":[],"class_list":["post-203","post","type-post","status-publish","format-standard","hentry","category-sin-categoria"],"_links":{"self":[{"href":"https:\/\/grupomontevideo.org\/ndca\/caprocesoscooperativos\/index.php?rest_route=\/wp\/v2\/posts\/203","targetHints":{"allow":["GET"]}}],"collection":[{"href":"https:\/\/grupomontevideo.org\/ndca\/caprocesoscooperativos\/index.php?rest_route=\/wp\/v2\/posts"}],"about":[{"href":"https:\/\/grupomontevideo.org\/ndca\/caprocesoscooperativos\/index.php?rest_route=\/wp\/v2\/types\/post"}],"author":[{"embeddable":true,"href":"https:\/\/grupomontevideo.org\/ndca\/caprocesoscooperativos\/index.php?rest_route=\/wp\/v2\/users\/1"}],"replies":[{"embeddable":true,"href":"https:\/\/grupomontevideo.org\/ndca\/caprocesoscooperativos\/index.php?rest_route=%2Fwp%2Fv2%2Fcomments&post=203"}],"version-history":[{"count":9,"href":"https:\/\/grupomontevideo.org\/ndca\/caprocesoscooperativos\/index.php?rest_route=\/wp\/v2\/posts\/203\/revisions"}],"predecessor-version":[{"id":689,"href":"https:\/\/grupomontevideo.org\/ndca\/caprocesoscooperativos\/index.php?rest_route=\/wp\/v2\/posts\/203\/revisions\/689"}],"wp:attachment":[{"href":"https:\/\/grupomontevideo.org\/ndca\/caprocesoscooperativos\/index.php?rest_route=%2Fwp%2Fv2%2Fmedia&parent=203"}],"wp:term":[{"taxonomy":"category","embeddable":true,"href":"https:\/\/grupomontevideo.org\/ndca\/caprocesoscooperativos\/index.php?rest_route=%2Fwp%2Fv2%2Fcategories&post=203"},{"taxonomy":"post_tag","embeddable":true,"href":"https:\/\/grupomontevideo.org\/ndca\/caprocesoscooperativos\/index.php?rest_route=%2Fwp%2Fv2%2Ftags&post=203"}],"curies":[{"name":"wp","href":"https:\/\/api.w.org\/{rel}","templated":true}]}}