{"id":325,"date":"2026-03-18T13:18:13","date_gmt":"2026-03-18T13:18:13","guid":{"rendered":"https:\/\/grupomontevideo.org\/ndca\/cahistoriaregionesyfronteras\/?p=325"},"modified":"2026-03-18T13:20:20","modified_gmt":"2026-03-18T13:20:20","slug":"325","status":"publish","type":"post","link":"https:\/\/grupomontevideo.org\/ndca\/cahistoriaregionesyfronteras\/?p=325","title":{"rendered":"Programa de actividades XV Encuentro Internacional HRF"},"content":{"rendered":"<h1>PROGRAMA DE ACTIVIDADES<\/h1>\n<p><strong> <a href=\"https:\/\/grupomontevideo.org\/ndca\/cahistoriaregionesyfronteras\/wp-content\/uploads\/2026\/03\/PROGRAMA-CAHRF-AUGM-Cordoba-2026.pdf\">PROGRAMA CAHRF-AUGM C\u00f3rdoba 2026<\/a><\/strong><\/p>\n<p><strong>\u00a0<\/strong><\/p>\n<p><strong>MI\u00c9RCOLES 08\/04, 12.00 hs.\u00a0 <\/strong><\/p>\n<p><strong>ACTO INAUGURAL &#8211; Palabras de bienvenida y presencia de autoridades\u00a0 <\/strong><\/p>\n<p><strong>CONFERENCIA: \u201cDerechas latinoamericanas: conexiones y redes transfronterizas\u201d <\/strong><\/p>\n<p>Conferencista Hern\u00e1n Ram\u00edrez (UNISINOS, Brasil) Auditorio Ch\u00e1vez, Pab.Venezuela.<\/p>\n<p>&nbsp;<\/p>\n<p><strong>MI\u00c9RCOLES 08\/04, 18.00 hs.\u00a0 <\/strong><\/p>\n<p><strong>PANEL: \u201cEntre la t\u00e9cnica y la cr\u00edtica: desaf\u00edos contempor\u00e1neos de la digitalizaci\u00f3n hist\u00f3rica desde la praxis historiogr\u00e1fica sudamericana\u201d <\/strong><\/p>\n<p>Panelistas: Sandra Fern\u00e1ndez (UNR-CONICET, Argentina) y Nicol\u00e1s Quiroga (UNMP-CONICET, Argentina). Modera Cecilia Moreyra (UNC-CONICET) Auditorio Ch\u00e1vez, Pab.Venezuela.<\/p>\n<p><strong>\u00a0<\/strong><\/p>\n<p><strong>JUEVES 09\/04, 12.00 hs.<\/strong><\/p>\n<p><strong>PANEL: \u201cEl trabajo en el capitalismo contempor\u00e1neo: perspectivas desde Am\u00e9rica Latina\u201d <\/strong><\/p>\n<p>Panelistas: Virg\u00ednia Squizani Rodrigues (UFSC, Brasil) y Ver\u00f3nica Casas<\/p>\n<p>(CEIL-CONICET, Argentina). Modera: Lorena Capogrossi (UNC, CIECS-<\/p>\n<p>CONICET, Argentina)<\/p>\n<p>Auditorio Ch\u00e1vez, Pabell\u00f3n Venezuela.<\/p>\n<p>&nbsp;<\/p>\n<p><strong>JUEVES 09\/04, 18.00 hs.<\/strong><\/p>\n<p><strong>Reuni\u00f3n de representantes del Comit\u00e9 Acad\u00e9mico. <\/strong><\/p>\n<p>Sala de Consejo del Centro de Investigaciones, CIFFyH. Pabell\u00f3n Agust\u00edn Tosco, 1er piso.<\/p>\n<p>&nbsp;<\/p>\n<p><strong>VIERNES 10\/04, 14.00 hs <\/strong><\/p>\n<p><strong>Visitas guiadas al Archivo Provincial de la Memoria y al Archivo Hist\u00f3rico de la UNC. <\/strong><\/p>\n<p>Previa inscripci\u00f3n, \u00a0\u00a0\u00a0 con \u00a0\u00a0\u00a0\u00a0 cupo, \u00a0 desde el \u00a0\u00a0\u00a0\u00a0\u00a0\u00a0\u00a0 08\/04\/2026.<\/p>\n<p><a href=\"https:\/\/forms.gle\/oGwSeQmMg7ujQuEz7\">https:\/\/forms.gle\/oGwSeQmMg7ujQuEz7<\/a><\/p>\n<p>&nbsp;<\/p>\n<p>&nbsp;<\/p>\n<p>&nbsp;<\/p>\n<p>&nbsp;<\/p>\n<p>&nbsp;<\/p>\n<p><strong>DETALLE DE FUNCIONAMIENTO DE MESAS TEM\u00c1TICAS<\/strong><\/p>\n<h1>MESA 1.A:<\/h1>\n<h1>PROCESOS DE CONSTRUCCI\u00d3N DEL ESTADO Y LA NACI\u00d3N. ENTRE LAS REFORMAS BORB\u00d3NICAS Y LAS D\u00c9CADAS FINALES DEL SIGLO XIX<\/h1>\n<h1>PROCESSOS DE CONSTRU\u00c7\u00c3O DO ESTADO E DA NA\u00c7\u00c3O. ENTRE AS REFORMAS BOURBON E AS D\u00c9CADAS FINAIS DO S\u00c9CULO XIX<\/h1>\n<p>Coords.: Ana Clarisa Ag\u00fcero (UNC, Argentina), Gabriel Di Meglio (UBA, Argentina) y Pablo Ferreira (UdelaR, Uruguay).<\/p>\n<p>&nbsp;<\/p>\n<p><strong>Sesi\u00f3n 1. Mi\u00e9rcoles 08\/4 (08:30 a 11:45 hs.) &#8211; Aula 5 Pab. Venezuela (1er piso) <\/strong><\/p>\n<p>Caballero, Pedro (Universidad Nacional de Asunci\u00f3n) \u00abDe provincia colonial a rep\u00fablica aut\u00f3noma: la ruptura del orden colonial en Paraguay (1810\u20131814)\u00bb.<\/p>\n<p>Ramos, Mar\u00eda Virginia (Universidad Nacional de C\u00f3rdoba) \u00abLa gobernabilidad en C\u00f3rdoba en los primeros a\u00f1os revolucionarios: cambios, reconfiguraciones y conflictos (1810-1812)\u00bb.<\/p>\n<p>Carre\u00f1o Parada, Camilo (Pontificia Universidad Cat\u00f3lica de Chile) \u00abEntre la libertad y el orden: El papel pol\u00edtico de Hip\u00f3lito Unanue en el gobierno de Sim\u00f3n Bol\u00edvar durante la independencia peruana (1822-1826)\u00bb.<\/p>\n<p>Giletta, Carina y Alberto, Mariana (Universidad Nacional del Litoral) \u00abCrisis de independencias y procesos revolucionarios: Una (re)interpretaci\u00f3n de los proyectos de unidad latinoamericana del siglo XIX desde la propuesta de Juan Ega\u00f1a\u00bb.<\/p>\n<p>Leriche, Rosario (Universidad Aut\u00f3noma de Entre R\u00edos &#8211; CONICET) \u00abEntre anti-porte\u00edstas y porte\u00f1os: el gobierno de Le\u00f3n Sola en Entre R\u00edos en el preludio de la guerra con el Brasil (1824-1826)\u00bb.<\/p>\n<p>Sica, Gabriela (Universidad Nacional de Jujuy &#8211; CONICET) \u00abActores pol\u00edticos ind\u00edgenas en la campa\u00f1a de Jujuy. 1800-1840\u00bb.<\/p>\n<p>Rivero Scirgalea, Sebasti\u00e1n (Universidad de la Rep\u00fablica) \u00abRevisi\u00f3n del caudillismo en la construcci\u00f3n estatal. Estudio comparativo de Soriano y Colonia (Uruguay, 1860-1875)\u00bb.<\/p>\n<p>&nbsp;<\/p>\n<p>&nbsp;<\/p>\n<p><strong>Sesi\u00f3n 2. Mi\u00e9rcoles 08\/4 (14:00 a 17:45 hs) &#8211; Aula 5 Pab. Venezuela (1er piso)<\/strong><\/p>\n<p>Dain, Mariana (Universidad Nacional de C\u00f3rdoba &#8211; CONICET) \u00abEl castigo de muerte en la Constituci\u00f3n Nacional de 1853: algunas notas sobre su art\u00edculo 18\u00bb.<\/p>\n<p>Delgado, Emilia Sol (Universidad Nacional de Formosa \/ Universidad Nacional del Nordeste) \u00abDelegar en altos funcionarios y agentes: aproximaci\u00f3n a la estructuraci\u00f3n de las carteras ministeriales en el Paraguay del siglo XIX (1844-1862)\u00bb.<\/p>\n<p>Gonz\u00e1lez Alvo, Luis (Universidad Nacional de Tucum\u00e1n &#8211; CONICET) \u00abEl trabajo os har\u00e1 libres. Obra p\u00fablica, trabajo forzado y regeneraci\u00f3n en la Penitenciar\u00eda de Tucum\u00e1n (1883-1900)\u00bb.<\/p>\n<p>Polastrelli, Irina (Universidad Nacional de Rosario &#8211; CONICET) \u00abHombres eminentes de probidad y luces. Los jueces del Superior Tribunal de Justicia de Buenos Aires, 1821-1875\u00bb.<\/p>\n<p>Viola, Ariel (Pontif\u00edcia Universidade Cat\u00f3lica do Rio de Janeiro) \u00abLa familia Parre\u00f1o y las luchas afrodescendientes por la emancipaci\u00f3n ante la construcci\u00f3n de un Estado para blancos. Santa Fe, siglo XIX\u00bb.<\/p>\n<p>Yangilevich, Melina (Universidad Nacional del Centro de la Provincia de Buenos Aires &#8211; CONICET) \u00abFuncionarios y agentes en b\u00fasqueda del Estado. Pr\u00e1cticas cotidianas y prisiones en la provincia de Buenos Aires a fines del siglo XIX\u00bb.<\/p>\n<p><strong>Sesi\u00f3n 3. Jueves 09\/04 (08:30 a 11:45 hs.) &#8211; Aula B de Posgrado Pab. Residencial (Planta Baja)<\/strong><\/p>\n<p>Costa da, Matheus Donay (Universidade Federal de Santa Maria) \u00abA na\u00e7\u00e3o vista de baixo: lazer e alteridade na fronteira oeste do Rio Grande do Sul, s\u00e9culo XIX\u00bb.<\/p>\n<p>Farias Pertiez, Laura Ayel\u00e9n (Universidad Nacional de C\u00f3rdoba &#8211; CONICET) \u00abEl caso del ni\u00f1o postill\u00f3n de Barranca Yaco: v\u00ednculos entre hecho pol\u00edtico y fen\u00f3meno cultural\u00bb.<\/p>\n<p>P\u00e9rez, Mariana (Universidad de Buenos Aires &#8211; CONICET) \u00abPr\u00f3cer de la Organizaci\u00f3n Nacional y representante del caudillaje. Representaciones sobre Justo Jos\u00e9 de Urquiza, Entre R\u00edos (18521880)\u00bb.<\/p>\n<p>Quintela Bartel, Guido (Universidad de la Rep\u00fablica) \u00abPrimeros avances del proyecto El exilio antirrosista y la fundaci\u00f3n de la Universidad Mayor de la Rep\u00fablica. Montevideo, 1829-1860\u00bb.<\/p>\n<p>Von Sanden, Clara (Universidad de la Rep\u00fablica &#8211; Museo Hist\u00f3rico Nacional) \u00abCerrando los postigos [&#8230;] quiere hablar. Pr\u00e1cticas de espionaje en la Montevideo sitiada (1843-1851)\u00bb.<\/p>\n<p>Fern\u00e1ndez Roveda, Ulises Agust\u00edn (Universidad Nacional de C\u00f3rdoba &#8211; CONICET) \u00abUn proyecto econ\u00f3mico para la naci\u00f3n: Mariano Fragueiro y la construcci\u00f3n del Estado Nacional (1853-1854)\u00bb.<\/p>\n<p>Reinares, Juan Francisco y Vecari, Silvina (Universidad Nacional del Litoral) \u00abUn nuevo banco, para una provincia en formaci\u00f3n. El banco de cr\u00e9dito territorial agr\u00edcola en Santa Fe a fines del siglo XIX\u00bb. <strong>POSTER <\/strong><\/p>\n<p>Scarantti, Eduarda (Universidade Federal de Santa Maria) \u201cA Constru\u00e7\u00e3o dos Estados Nacionais Sob as Perspectivas Te\u00f3ricas do Passado Hist\u00f3rico e Passado Pr\u00e1tico\u201d.<\/p>\n<p>&nbsp;<\/p>\n<h1>MESA 1.B:<\/h1>\n<h1>NUEVAS PERSPECTIVAS PARA LA HISTORIA POL\u00cdTICA DEL SIGLO XX: ABORDAJES TE\u00d3RICOS, REGIONALES Y NACIONALES EN EL SUR AMERICANO<\/h1>\n<h1>NOVAS PERSPECTIVAS PARA A HIST\u00d3RIA POL\u00cdTICA DO S\u00c9CULO XX: ABORDAGENS TE\u00d3RICAS, REGIONAIS E NACIONAIS NA AM\u00c9RICA DO SUL<\/h1>\n<p>Coord. Javier Moyano (UNC, Argentina), Mar\u00eda del Mar Sol\u00eds Carnicer (UNNE, Argentina), Renata<\/p>\n<p>Bastos (UFRJ) y Hern\u00e1n Ram\u00edrez (Unisinos, Brasil)<\/p>\n<p><strong>Sesi\u00f3n 1. Jueves 9 de abril (8:30 a 11:45) \u2013 Aula 6 Pab. Venezuela <\/strong><\/p>\n<p>Medianeira Padoin, Maria y Pereira dos Santos, Vin\u00edcius Pasa (Universidade Federal de Santa Maria) \u00abManoel Py e Possidonio M. da Cunha Junior: mercado de terras, de infraestrutura urbana (Porto Alegre, BR), financeiro internacional e parcerias via poder executivo e legislativo do Rio Grande do Sul, Brasil (1890-1930)\u00bb.<\/p>\n<p>Labat Iberlucea, Luna Isadora (Universidad Nacional de C\u00f3rdoba) \u00abLa Liga Roja Contra la Tuberculosis (1921-1922): empresa \u00bfreformista y anarco bolchevique?\u00bb.<\/p>\n<p>Sausen, Jo\u00e3o Vitor (Universidade Federal de Santa Maria) \u00abNa\u00e7\u00e3o e nacionaliza\u00e7\u00e3o atrav\u00e9s de festejos p\u00e1trios: um olhar sobre o espa\u00e7o fronteiri\u00e7o platino na primeira metade do s\u00e9culo XX\u00bb.<\/p>\n<p>Monz\u00f3n, Dolores M. (Universidad Nacional del Nordeste &#8211; CONICET) \u00abAbordajes actuales en torno a la \u2018Revoluci\u00f3n Argentina\u2019: coerci\u00f3n y consenso. Una aproximaci\u00f3n al per\u00edodo en la provincia de Corrientes\u00bb.<\/p>\n<p>Pesce, Rosa Vanina (Universidad Nacional del Nordeste) \u00abEl Peronismo de Base: un abordaje desde la provincia del Chaco\u00bb.<\/p>\n<p>Correa Morales, Javier (Universidad de la Rep\u00fablica) \u00abDemocracia en crisis: partidos, representaci\u00f3n y pol\u00edtica. Colonia, primer semestre de 1973\u00bb.<\/p>\n<p>&nbsp;<\/p>\n<p><strong>Sesi\u00f3n 2. Jueves 9 de abril (14:00 a 17:45 hs.) \u2013 Aula Extensi\u00f3n de Casa Verde <\/strong><\/p>\n<p>Azevedo Marinho, Ricardo Jos\u00e9 de, Bastos da Silva, Renata y Becker Tavares, Sandra Maria (Universidade Unyleya \/ Universidade Federal do Rio de Janeiro) \u00abRumo ao s\u00e9culo mais comum e \u00e0 era das transi\u00e7\u00f5es democr\u00e1ticas\u00bb.<\/p>\n<p>Basconzuelo, Celia (Universidad Nacional de R\u00edo Cuarto &#8211; CONICET) \u00abColectivos vecinales y democracia de proximidad. Revisitando el per\u00edodo de transici\u00f3n democr\u00e1tica desde los territorios barriales\u00bb.<\/p>\n<p>Sol\u00eds Carnicer, Mar\u00eda del Mar y Maggio, Mayra (Universidad Nacional del Nordeste &#8211; CONICET) \u00abTradiciones, enfoques y debates en la historia pol\u00edtica del Nordeste Argentino: una lectura a trav\u00e9s de las publicaciones de la UNNE\u00bb.<\/p>\n<p>Fern\u00e1ndez, Guadalupe (Universidad Nacional de C\u00f3rdoba) \u00abSaberes y experiencias regionales en la construcci\u00f3n de una mirada experta sobre el h\u00e1bitat popular en la ciudad de C\u00f3rdoba a finales del S. XX\u00bb.<\/p>\n<p>Vallejos, Mar\u00eda Bel\u00e9n y Va\u00f1ek Aguirre, Ana Claudia (Universidad Nacional del Nordeste &#8211; CONICET) \u00abInventario del patrimonio urbano arquitect\u00f3nico de Santa Luc\u00eda y San Roque de la provincia de Corrientes como herramienta potencial para la normalizaci\u00f3n de la protecci\u00f3n de Cascos Hist\u00f3ricos\u00bb.<\/p>\n<p>\u00c1vila, Gonzalo (Universidad Nacional de C\u00f3rdoba &#8211; Agencia I+D+i) \u00abEconom\u00eda y Pol\u00edtica de la Industria Alimenticia en Argentina (2011-2025). Una aproximaci\u00f3n a la acci\u00f3n colectiva y corporativa de la Coordinadora de las Industrias de Productos Alimenticios (COPAL)\u00bb.<\/p>\n<p><strong>\u00a0<\/strong><\/p>\n<p><strong>Sesi\u00f3n 3. Viernes 10 de abril (8:30 a 11:45 hs) \u2013 Aula 6 Pab. Venezuela <\/strong><\/p>\n<p><strong>POSTER <\/strong><\/p>\n<p>Garcia Ribeiro, Laura y Garcia Xavier, Matheus (Universidade Federal de Santa Maria) \u00ab\u00bfTierra para qui\u00e9n? Din\u00e1micas de especulaci\u00f3n fundiaria en la Cuarta Colonia Imperial (R\u00edo Grande del Sur, 1877\u2013 1889)\u00bb.<\/p>\n<p>Ortiz Bergia, Mar\u00eda Jos\u00e9 (Universidad Nacional de C\u00f3rdoba &#8211; CONICET) \u00abCiudadan\u00eda social en un pa\u00eds desigual: representaciones y derechos en peque\u00f1as ciudades en los a\u00f1os treinta\u00bb.<\/p>\n<p>Nunes Vicente, Nalanda y Schmidt, Vinicius Gabriel (Universidade Federal de Santa Maria) \u00abAs tens\u00f5es pol\u00edticas no primeiro governo Per\u00f3n (1946 &#8211; 1955) atrav\u00e9s da literatura: uma an\u00e1lise do conto La Fiesta del Monstruo de Adolfo Bioy Casares e Jorge Luis Borges\u00bb.<\/p>\n<p>Lhamby, Tom\u00e1s Aymone y Diel, Luana Vanessa (Universidade Federal de Santa Maria) \u00abO Ponto Zero da Percep\u00e7\u00e3o: A Revolu\u00e7\u00e3o Cubana e a Guerra Fria no Di\u00e1rio de Not\u00edcias (1959)\u00bb.<\/p>\n<p>Diel, Luana Vanessa Diel y Lhamby, Tom\u00e1s Aymone (Universidade Federal de Santa Maria) \u00abO advogado do Terceiro Mundo: O Discurso de Salvador Allende na ONU (1972) e sua repercuss\u00e3o no Jornal Opini\u00e3o (RJ)\u00bb.<\/p>\n<p>Alegre, Joel Ignacio y Choquevilca, Carla Arami (Universidad Nacional del Nordeste) \u00abLa Historia Pol\u00edtica del NEA a trav\u00e9s de la Editorial de la Universidad Nacional del Nordeste (EUDENE)\u00bb.<\/p>\n<p>Athayde de, Mariana (Universidad Federal de Santa Mar\u00eda) \u00abA Pr\u00e1xis Arquiv\u00edstica na Forma\u00e7\u00e3o do Estado Contempor\u00e2neo: Relato de Experi\u00eancia na Classifica\u00e7\u00e3o de Documentos do CIMDE\/UFSM e Suas Implica\u00e7\u00f5es para a Hist\u00f3ria Pol\u00edtica do S\u00e9culo XX\u00bb.<\/p>\n<p>Fontana, Paula (Universidade Federal de Santa Maria) \u00abResist\u00eancia e mem\u00f3ria: o cinema como narrativa e fonte hist\u00f3rica em Ainda Estou Aqui\u00bb.<\/p>\n<h1>MESA 1.C:<\/h1>\n<h1>NACIONES Y FRONTERAS EN LARGA DURACI\u00d3N<\/h1>\n<h1>NA\u00c7\u00d5ES E FRONTEIRAS EM UMA PERSPECTIVA DE LONGO PRAZO.<\/h1>\n<p>Coordinaci\u00f3n: Carina Lucaioli (UBA, Argentina), Fabio K\u00fchn (UFRGS, Brasil) y Sonia Tell (UNC)<\/p>\n<p>&nbsp;<\/p>\n<p><strong>Sesi\u00f3n 1.<\/strong> <strong>Jueves 09\/4 (08:30 a 11:45 hs) \u2013 Aula 3, Pab. Venezuela (planta baja) <\/strong><\/p>\n<p>Interacciones ind\u00edgenas en fronteras coloniales y revolucionarias (siglos XVIII \u2013 XIX)<\/p>\n<p>Sosnowski, Daniela (Universidad de Buenos Aires &#8211; CONICET) \u00abGobernadores, cabildos y milicias: tensiones pol\u00edticas en la gobernaci\u00f3n del Tucum\u00e1n durante las campa\u00f1as al Chaco (siglo XVIII)\u00bb.<\/p>\n<p>Enrique, Laura Ayl\u00e9n y Nacuzzi, Lidia R. (Universidad de Buenos Aires &#8211; CONICET) \u00abTerritorialidades mestizas en el \u00e1rea pampeano-patag\u00f3nica durante la segunda mitad del siglo XVIII\u00bb.<\/p>\n<p>Lucaioli, Carina P. (Universidad de Buenos Aires &#8211; CONICET) \u00abCaminar territorios, traspasar fronteras: movilidad y mediaci\u00f3n del cacique Alaykin en el Chaco colonial\u00bb.<\/p>\n<p>Filippi, Francisco (Universidad Nacional de Rosario &#8211; CONICET) \u00ab\u201cAtrevidos, insolentes y enemigos del reposo\u201d: la construcci\u00f3n hist\u00f3rica de un ethos belicoso sobre el pueblo mocov\u00ed\u00bb.<\/p>\n<p>Ferreira, Pablo (Universidad de la Rep\u00fablica) \u00abRevoluci\u00f3n, guerra y emigraci\u00f3n pol\u00edtica en la frontera entre el Estado Oriental y el Imperio del Brasil, 1830\u20131843\u00bb.<\/p>\n<p>&nbsp;<\/p>\n<p><strong>Sesi\u00f3n 2.<\/strong> <strong>Jueves 09\/4 (14:00 a 17:45 hs.) \u2013 Aula CIFFyH (1er piso Pab. Agust\u00edn Tosco, Centro de Investigaciones) <\/strong><\/p>\n<p>Pol\u00edticas estatales en la frontera sur (siglo XIX)<\/p>\n<p>P\u00e9rez Zavala, Graciana (Universidad Nacional de R\u00edo Cuarto &#8211; CONICET) \u00abRanqueles al norte de la Frontera Sur cordobesa (mediados del XIX)\u00bb.<\/p>\n<p>Tamagnini, Marcela (Universidad Nacional de R\u00edo Cuarto) \u00abYanquelen y Carran\u00e9: parentesco y alianzas ranqueles en el marco de las campa\u00f1as de exterminio (1836)\u00bb.<\/p>\n<p>Tosco, Bianca (Universidad Nacional de C\u00f3rdoba &#8211; CONICET) \u00abSecretar\u00edas ind\u00edgenas en la pampa central: circulaci\u00f3n de bienes de escritura en las tolder\u00edas ranqueles (1840\u20131861)\u00bb.<\/p>\n<p>Ferreiro, Constanza (Universidad Nacional de R\u00edo Cuarto) \u00abHeterogeneidades, asimetr\u00edas y presencias ind\u00edgenas en las escuelas de R\u00edo Cuarto (1869\u20131884)\u00bb.<\/p>\n<p>Corte, Victoria (Universidad Nacional del Sur &#8211; CONICET) \u00abLa medicina popular interceptada:<\/p>\n<p>interseccionalidad y medicalizaci\u00f3n del Estado (Carhu\u00e9, 1882\u20131910)\u00bb.<\/p>\n<p>&nbsp;<\/p>\n<p><strong>Sesi\u00f3n 3. Viernes 10\/04 (08:30 a 11:45 hs.) \u2013 Aula 3, Pab. Venezuela (planta baja) <\/strong><\/p>\n<p>Fronteras, representaciones y cultura y fronteras (siglos XIX\u2013XX)<\/p>\n<p>Vera, Mariana y Benitez Reimers, Bernarda Abril (Universidad Nacional del Sur) \u00abLa construcci\u00f3n de la frontera cultural. El caso de Lucio V. Mansilla\u00bb.<\/p>\n<p>Rodrigues Remedi, Jos\u00e9 Martinho (Universidade Federal de Santa Maria) \u00abAlimenta\u00e7\u00e3o, ci\u00eancia e cultura no sul imperial: pr\u00e1ticas e representa\u00e7\u00f5es na obra de Caldre e Fi\u00e3o (s\u00e9culo XIX)\u00bb.<\/p>\n<p>Bessega, Jaqueline (Universidade Federal do Rio Grande do Sul) \u00abTorcer al\u00e9m da fronteira: alian\u00e7as entre barras ga\u00fachas e argentinas\u00bb.<\/p>\n<p>Colmenarez G\u00f3mez, Sabrina; Gianotti, Camila; Febrero, Valentina; Mar\u00edn Su\u00e1rez, Carlos; Luzardo, Kiana; Sotelo, Moira (Universidad de la Rep\u00fablica) \u00abMemorias fronterizas: cartograf\u00edas cr\u00edticas en la regi\u00f3n Uruguay\u2013Brasil\u00bb.<\/p>\n<p>Lima de Andrade, Wesley (Universidade Federal de Goi\u00e1s) \u00abCavalhadas de Santa Cruz de Goi\u00e1s: Identidade, Fronteiras e Forma\u00e7\u00e3o Hist\u00f3rica na Escola\u00bb.<\/p>\n<p>Orbe, Patricia (Universidad Nacional del Sur &#8211; CONICET) \u00abAcerca de proyecciones, circulaciones y fronteras: la cuesti\u00f3n espacial en los estudios hist\u00f3ricos sobre la prensa (Argentina \u2013 Siglo XX)\u00bb.<\/p>\n<p><strong>POSTER<\/strong><\/p>\n<p>Lindner, Vit\u00f3ria (Universidade Federal de Santa Maria) \u00abAlteridade e a constru\u00e7\u00e3o etnoc\u00eantrica do &#8216;Outro&#8217; em literatura de viaje del siglo XVI\u00bb.<\/p>\n<p>Rusch Santos, Miri\u00e3 y Belis\u00e1rio Martins, Sabrina (Universidade Federal de Santa Maria) \u00abA representa\u00e7\u00e3o de Cat\u00f3licos Romanos e Judeus na obra Heroes of the Fiery Cross (1928) de Alma White\u00bb.<\/p>\n<h1>MESA 2:<\/h1>\n<h1>TRABAJO Y MOVIMIENTOS SOCIALES<\/h1>\n<h1>MUNDO DO TRABALHO E MOVIMENTOS SOCIAIS<\/h1>\n<p>Coordinadoras: Florencia Thul (UDELAR, Uruguay); Clarice Gonstarki Speranza\u00a0 (UFRGS, CNPq, Fapergs, Brasil) y Mar\u00eda Lorena Capogrossi (FFyH, UNC y CIECS-CONICET y UNC).<\/p>\n<p><strong>Sesi\u00f3n 1. Mi\u00e9rcoles 08\/4 (8:30 a 11:45hs.) \u2013 Aula 8 Pab. Venezuela (1er piso) <\/strong><\/p>\n<p>Movimentos de resist\u00eancia e conflitos sociais<\/p>\n<p>Andelique, Marcelo (Universidad Nacional del Litoral) y Tonon, Mar\u00eda Cecilia (Universidad Nacional del Litoral) \u00abLa docencia santafesina durante la crisis del 2001: quiebres y continuidades en la contienda pol\u00edtica\u00bb.<\/p>\n<p>Aranda, Nahuel Federico (Universidad Nacional de C\u00f3rdoba) \u00abResistencia, imposici\u00f3n y negociaci\u00f3n: de la coerci\u00f3n al consenso en una planta del grupo ARCOR (1980-2005)\u00bb.<\/p>\n<p>Kanzaki, Ana Paula (Universidade Federal de Santa Catarina) \u00abCombate \u00e0 Fome no Brasil: Um estudo das Cozinhas Solid\u00e1rias do MTST em di\u00e1logo com a experi\u00eancia argentina\u00bb.<\/p>\n<p>Rho, Mar\u00eda Gabriela (Universidad Nacional de C\u00f3rdoba- CONICET ) \u00abLos polos productivos textiles del Movimiento de Trabajadores Excluidos frente a la crisis de la industria textil y el retroceso de pol\u00edticas p\u00fablicas orientadas a la econom\u00eda popular (C\u00f3rdoba, 2023-2025)\u00bb.<\/p>\n<p>Roland, Ernesto (Universidad Nacional de C\u00f3rdoba &#8211; CONICET) \u00abLa normalizaci\u00f3n de la Asociaci\u00f3n Bancaria \u2013 Seccional C\u00f3rdoba durante la reconstrucci\u00f3n democr\u00e1tica de los a\u00f1os ochenta: \u00bfuna democratizaci\u00f3n del gremio bancario?\u00bb.<\/p>\n<p>Schejter, Mariano Rom\u00e1n (Universidad Nacional de C\u00f3rdoba &#8211; Universidad Provincial de C\u00f3rdoba) \u00ab\u201c\u00bfQui\u00e9n dijo que todo est\u00e1 perdido?\u00bb. Pasado &#8211; presente de la organizaci\u00f3n de la econom\u00eda popular y su lucha contra los diferentes neoliberalismos en Argentina\u00bb.<\/p>\n<p>Velez, Juan Gabriel (Universidad Nacional de C\u00f3rdoba) \u00abCampo de estudios de la Econom\u00eda Social y Solidaria en Argentina: Di\u00e1logos entre la producci\u00f3n acad\u00e9mica y las experiencias organizativas (2000-2025)\u00bb.<\/p>\n<p>Skoropad Callodi, Julieta (Universidad Nacional de Catamarca- CONICET) \u00abNi miner\u00eda ni mineros: el trabajo manual en minas del este catamarque\u00f1o durante la segunda mitad del siglo XX\u00bb.<\/p>\n<p>&nbsp;<\/p>\n<p>&nbsp;<\/p>\n<p><strong>Sesi\u00f3n 2. Mi\u00e9rcoles 08\/4 (14 \u2013 17:45 hs.) \u2013 Aula 8 Pab. Venezuela (1er piso) <\/strong>Lutas por direitos em perspectiva hist\u00f3rica<\/p>\n<p>&nbsp;<\/p>\n<p>Britto, Augusto (Universidade Federal de Santa Maria) \u00abO arquivo pessoal de Alberto Pasqualini como fonte para o estudio da ideologia trabalhista no Brasil (1945\u20131964)\u00bb.<\/p>\n<p>Rojas Enriquez, Sebasti\u00e1n (Universidad de Santiago de Chile) \u00abEl proyecto de desarrollo de la industria forestal durante el r\u00e9gimen militar (1973-1990) en Chile. Liberalizaci\u00f3n y precarizaci\u00f3n de la clase obrera forestal\u00bb.<\/p>\n<p>Guedes, Geza Car\u00fa (Universidade Federal de Pelotas) \u00abNa Panela do Candal elas lavavam e brigavam: processos-crime envolvendo lavadeiras na regi\u00e3o da fronteira \u2013 Bag\u00e9 e Jaguar\u00e3o de 1872 a 1890\u00bb.<\/p>\n<p>Machado Lopez, Aristeu Elisandro (Universidade Federal de Pelotas) \u00abOs trabalhadores do Sindicato dos Oper\u00e1rios em F\u00e1bricas de Tecidos de Porto Alegre nas solicita\u00e7\u00f5es de carteira profissional de trabalho, Rio Grande do Sul\/Brasil, 1933-1945\u00bb.<\/p>\n<p>Martins, Cyro Porto (Universidade Federal de Santa Maria) \u00abA constru\u00e7\u00e3o da for\u00e7a expedicion\u00e1ria brasileira e os mundos do trabalho no Rio Grande do Sul\u00bb.<\/p>\n<p>Contreras Carranza, Carlos (Pontificia Universidad Cat\u00f3lica del Per\u00fa) \u00abLa pol\u00e9mica para el establecimiento de la seguridad social en el Per\u00fa en 1936: trabajadores, m\u00e9dicos, empresarios y Estado\u00bb.<\/p>\n<p>Speranza, Clarice Gonstarki (Universidade Federal do Rio Grande do Sul) \u00abCondi\u00e7\u00f5es de trabalho e luta por direitos atrav\u00e9s da an\u00e1lise de processos relacionados \u00e0 primeira lei de acidentes de trabalho no Brasil (1919-1925)\u00bb.<\/p>\n<p>Thul, Florencia (Universidad de la Rep\u00fablica) \u00abInfancias y trabajo dom\u00e9stico en el sistema de colocaciones familiares uruguayo (1934-1950)\u00bb.<\/p>\n<p><strong>POSTER <\/strong><\/p>\n<p>Schmidt, Vinicius y Vicente, Nalanda (Universidade Federal de Santa Maria) \u00abA criminaliza\u00e7\u00e3o da ebriedade p\u00fablica: a constru\u00e7\u00e3o da temperan\u00e7a burguesa na Primeira Rep\u00fablica Brasileira (18891930)\u00bb.<\/p>\n<p>Bandeira, Nat\u00e1lia Beatriz (Universidade Federal de Santa Maria) \u00abRepresenta\u00e7\u00f5es da Popula\u00e7\u00e3o Servil: a Comensalidade Coletiva em Pinturas de Flandres do S\u00e9culo XVI\u00bb.<\/p>\n<p>&nbsp;<\/p>\n<p>&nbsp;<\/p>\n<p><strong>Sesi\u00f3n 3. Jueves\u00a0 09\/4 \u00a0(8:30 a 11:45 hs.) &#8211; Aula 1 Pab. Venezuela (planta baja) <\/strong><\/p>\n<p>&nbsp;<\/p>\n<p>Tecnolog\u00edas y trabajo<\/p>\n<p>Sanchez, H\u00e9ctor (Universidad Nacional de La Pampa &#8211; Universidade Federal do Esp\u00edrito Santo) \u00abImplicancias del pago a destajo en el trabajo en plataformas digitales\u00bb.<\/p>\n<p>Mendoza, Oliverio (Universidad Nacional de C\u00f3rdoba &#8211; CONICET) \u00abEsports-C\u00f3rdoba:<\/p>\n<p>Transformaciones laborales y estatalizaci\u00f3n del trabajo en la escena de los deportes electr\u00f3nicos\u00bb.<\/p>\n<p>Magliano, Mar\u00eda Jos\u00e9 y Capogrossi, Lorena (Universidad Nacional de C\u00f3rdoba &#8211; CONICET) \u00ab\u2019Sin jefes, pero con reloj\u2019: el tiempo como dispositivo de control en los trabajos de plataforma\u00bb.<\/p>\n<p>Rodrigues, Virginia Squizani (Universidade Federal de Santa Catarina) \u00abDesigualdades de g\u00eanero e sofrimento no trabalho: a divis\u00e3o sexual do trabalho no ecossistema de startups de Florian\u00f3polis\u00bb.<\/p>\n<p>&nbsp;<\/p>\n<p>La heterogeneidad del trabajo en el siglo XXI<\/p>\n<p>Casas, Ver\u00f3nica (CONICET) \u00abTrabajadoras con una presencia-invisible: un an\u00e1lisis antropol\u00f3gico sobre la construcci\u00f3n de otredad sobre el sector de servicio dom\u00e9stico en Argentina\u00bb.<\/p>\n<p>Pilatti, Camila (Universidad Nacional de C\u00f3rdoba- CONICET) \u00abTrabajo, migraci\u00f3n y g\u00e9nero en el espacio p\u00fablico: una etnograf\u00eda de la Feria de los Patos (C\u00f3rdoba, 2018\u20132024)\u00bb.<\/p>\n<p>Weber, Regina (Universidade Federal do Rio Grande do Sul) \u00abPequenos produtores e as armadilhas da cadeia do vestu\u00e1rio\u00bb.<\/p>\n<p><strong>\u00a0<\/strong><\/p>\n<p><strong>Sesi\u00f3n 4. Jueves\u00a0 09\/4 (14 a 17:45 hs.) &#8211; Auditorio Hugo Chavez Pab. Venezuela <\/strong><\/p>\n<p>&nbsp;<\/p>\n<p>La heterogeneidad del trabajo en el siglo XXI<\/p>\n<p>Farriol, Natividad (Universidad Nacional de C\u00f3rdoba-CONICET) \u00abSentidos y pol\u00edticas del trabajo de seguridad en C\u00f3rdoba: entre la precariedad laboral y la seguridad p\u00fablica\u00bb.<\/p>\n<p>Vidal D\u00fcsing, Julieta (Universidad Nacional de C\u00f3rdoba-CONICET) \u00abQue trabajes con basura, no significa que tengas olor a basura: avances etnogr\u00e1ficos sobre experiencias laborales de barrenderas de la ciudad de C\u00f3rdoba (2025)\u00bb.<\/p>\n<p>Gomez, Guillermo Rosa (Universidade Federal de Santa Maria) \u00abTrabalho acad\u00eamico entre pesos, d\u00f3lares e reais: um antrop\u00f3logo brasileiro na Argentina\u00bb.<\/p>\n<p>Molina, Romina (Universidad Nacional de C\u00f3rdoba-CONICET) \u00abPrimeras aproximaciones y tensiones: el cuidado en el trabajo docente\u00bb.<\/p>\n<p>Zu\u00f1iga, Luciana (Universidad Nacional de R\u00edo Cuarto &#8211; CONICET) \u00abModelos de desarrollo y cuidado de personas mayores en el Siglo XXI\u00bb.<\/p>\n<p>Silva, Poliana Ferreira (Universidade Federal de Minas Gerais) \u00abTrabalho, vulnerabilidade e reprodu\u00e7\u00e3o social na pesca artesanal: pol\u00edticas p\u00fablicas e reconhecimento no norte fluminense (RJ, Brasil)\u00bb.<\/p>\n<p>&nbsp;<\/p>\n<p>&nbsp;<\/p>\n<h1>MESA 3.A:<\/h1>\n<h1>HISTORIAS DE LOS PUEBLOS IND\u00cdGENAS: PROBLEMAS, CONCEPTOS, ARCHIVOS, LUCHAS. BALANCE Y PROYECCIONES<\/h1>\n<h1>HIST\u00d3RIAS DOS POVOS IND\u00cdGENAS: PROBLEMAS, CONCEITOS, ARQUIVOS, LUTAS. AVALIA\u00c7\u00c3O E PROJE\u00c7\u00d5ES<\/h1>\n<p>Coordinaci\u00f3n: Isabel Castro Ola\u00f1eta (UNC, Argentina), Xochitl Inostroza (USACh, Chile) y Lorena Rodr\u00edguez (UBA, Argentina)<\/p>\n<p><strong>Sesi\u00f3n 1. Mi\u00e9rcoles 08\/4\u00a0 (08:30 a 11:45 hs.) &#8211; Aula 4 Pab. Venezuela (primer piso) <\/strong><\/p>\n<p>Jurado, Carolina (Universidad de Buenos Aires &#8211; CONICET) \u00abReflexiones metodol\u00f3gicas acerca de lo individual, lo colectivo y lo menester en las visitas de la tierra de los repartimientos ind\u00edgenas del virreinato del Per\u00fa, a fines del siglo XVI\u00bb.<\/p>\n<p>Gil Montero, Raquel (Universidad de Buenos Aires -CONICET) \u00abLas mitas charque\u00f1as en el siglo XVII\u00bb.<\/p>\n<p>Morrone, Ariel y Vargas, Emanuel (Universidad de Buenos Aires &#8211; CONICET) \u00abLegitimidad impugnada y sucesi\u00f3n intervenida en el cacicazgo de Tiwanaku (Pacajes, Audiencia de Charcas), siglos XVIIXVIII\u00bb.<\/p>\n<p>Nieto Castro, Matilde y Diaz Lizana, Javiera (Universidad de Santiago de Chile) \u00abMujeres andinas en parroquias de indios: Un an\u00e1lisis comparado de las posibilidades de agencia femenina ind\u00edgena en espacios rurales durante el per\u00edodo tardocolonial\u00bb.<\/p>\n<p>Inotroza Ponce, Xochitl (Universidad de Santiago de Chile) \u00abMujeres andinas en la pol\u00edtica cotidiana (Sur andino, 1750-1820)\u00bb.<\/p>\n<p><strong>POSTER<\/strong><\/p>\n<p>Soares, Davi, Pereira da Silva, Gabriela y Oliveira Serafim, Gabriel (Universidade Federal de Santa Maria) \u00abOcultismo como Lente Colonial: A Demonologia Europeia e a Interpreta\u00e7\u00e3o das Pr\u00e1ticas Xam\u00e2nicas na Am\u00e9rica do Sul (S\u00e9cs. XVI-XVII)\u00bb.<\/p>\n<p>&nbsp;<\/p>\n<p><strong>Sesi\u00f3n 2. Mi\u00e9rcoles 08\/4 (14:00 a 17:45 hs.) &#8211; Aula 4 Pab. Venezuela (primer piso) <\/strong><\/p>\n<p>Carmignani, Leticia (Universidad Nacional de C\u00f3rdoba) \u00abOrganizaci\u00f3n y consolidaci\u00f3n de la gobernaci\u00f3n de Tucum\u00e1n: Proyectos, conflictos y dependencia del siglo XVI\u00bb.<\/p>\n<p>Gonz\u00e1lez Navarro, Constanza y Marschoff, Mar\u00eda (Universidad Nacional de C\u00f3rdoba &#8211; CONICET) \u00abMovilidades y agencias ind\u00edgenas en C\u00f3rdoba de la Nueva Andaluc\u00eda en el per\u00edodo prealfariano (1573-1611)\u00bb.<\/p>\n<p>Z\u00e1rate, Suyay (Universidad Nacional de C\u00f3rdoba) \u00abTrabajo y tributo ind\u00edgena en la C\u00f3rdoba colonial. Una revisi\u00f3n de la Visita y padr\u00f3n de los indios de la jurisdicci\u00f3n de C\u00f3rdoba. 1616-1617\u00bb.<\/p>\n<p>Quiroga, Laura (Universidad de Buenos Aires &#8211; CONICET) \u00abLos que no bajaron de los cerros: la resistencia despu\u00e9s de la rebeli\u00f3n en el valle de Londres (1637-1650)\u00bb.<\/p>\n<p>Zelada, Virginia (Universidad Nacional de C\u00f3rdoba) \u00abNegociaciones, conflictos e intereses en el avance y guerra a los indios del Chaco\u00bb.<\/p>\n<p>Gheco, Lucas, Ahets Etcheberry, Eugenia, Gordillo Besal\u00fa, In\u00e9s, Quesada, Marcos N. y Retamero Serralvo, F\u00e9lix (Universidad Nacional de Catamarca &#8211; CONICET) \u00abEl arte rupestre de Tabigasta (El Alto, Catamarca) en los primeros momentos del proceso colonial\u00bb.<\/p>\n<p>Paez, Paula (Universidad Nacional de Catamarca &#8211; CONICET) \u00abPueblos de indios y encomiendas en Catamarca. De Luj\u00e1n de Vargas a las revisitas borb\u00f3nicas\u00bb.<\/p>\n<p>Saavedra, Luc\u00eda (Universidad de Buenos Aires &#8211; CONICET) \u00abTributo y movilidad. Un an\u00e1lisis integral de tres revisitas ind\u00edgenas de la Catamarca borb\u00f3nica\u00bb.<\/p>\n<p>Garc\u00eda, Marisol (Universidad de Buenos Aires &#8211; CONICET) \u00ab\u201cSomos pueblo de indios como consta de los empadronamientos coloniales\u201d: resignificaciones y apropiaciones identitarias de los \u201cindios de Huaco\u201d\u00bb.<\/p>\n<p>&nbsp;<\/p>\n<p><strong>Sesi\u00f3n 3. Jueves 09\/4\u00a0 (08:30 a 11:45 hs.)<\/strong> <strong>\u2013 Aula CIFFyH (primer piso) <\/strong><\/p>\n<p>Blanco, Eliana y Castiglia, Pablo (Direcci\u00f3n General de Educaci\u00f3n Secundaria, Uruguay) \u00abEn busca del cacique Casup\u00e1\u00bb.<\/p>\n<p>Escobar, Morgana Duarte (Universidade Federal de Santa Maria) \u00abEntre Hiatos e Retic\u00eancias &#8211; Invisibilidade ind\u00edgena na Educa\u00e7\u00e3o das rela\u00e7\u00f5es \u00e9tnico raciais\u00bb.<\/p>\n<p>Caretta, Gabriela, Raspi, Emma y Vaca, Andr\u00e9s (Universidad Nacional de Salta) \u00abIm\u00e1genes del Chaco, la construcci\u00f3n fotogr\u00e1fica de los \u201cindios\u201d en las d\u00e9cadas de 1930 a 1950\u00bb.<\/p>\n<p>Luft, Vlademir Jos\u00e9, Souza Ricely, Pinheiro y Martins, Rafaela (Universidade Federal de Vi\u00e7osa \/ Universidade Federal de Minas Gerais) \u00abOcupa\u00e7\u00f5es nativas Puri, Coroado e Corop\u00f3, no Sudeste do Brasil\u00bb.<\/p>\n<p>Quevedo, Cecilia y Almir\u00f3n, Adri\u00e1n (Universidad Nacional de C\u00f3rdoba &#8211; CONICET) \u00abLa construcci\u00f3n estatal del colono ind\u00edgena: discursos y debates en el marco del integracionismo\u00bb.<\/p>\n<p>Vergara Orme\u00f1o, Teresa (Pontificia Universidad Cat\u00f3lica del Per\u00fa) \u00abMujeres shipibas y la construcci\u00f3n de una comunidad ind\u00edgena urbana en Cantagallo, Lima (2000-2025)\u00bb.<\/p>\n<p><strong>POSTER <\/strong><\/p>\n<p>Langortt de Medeiros, Vitoria, Soares, Vargas, Meinen, Santos (Universidade Federal de Santa Maria) \u00abSalvaguarda Institucional e Conserva\u00e7\u00e3o: A Gest\u00e3o do Acervo Goj V\u00easo I e II (RS\/SC) pelo LASCA\/UFSM\u00bb.<\/p>\n<p>&nbsp;<\/p>\n<h1>MESA 3.B:<\/h1>\n<h1>HISTORIAS DE AFRODESCENDIENTES: PROBLEMAS, CONCEPTOS, DEBATES<\/h1>\n<h1>HIST\u00d3RIAS DE AFRODESCENDENTES: QUEST\u00d5ES, CONCEITOS, DEBATES<\/h1>\n<p>Coordinaci\u00f3n: Fernando Blanco (UNC, Argentina), Fernanda Oliveira (UFRGS, Brasil) y Magdalena Candiotti\u00a0 (UNL y UBA, Argentina)<\/p>\n<p>&nbsp;<\/p>\n<p><strong>Sesi\u00f3n 1. Viernes 10\/04 (9.30 a 13.00 hs.)- Aula 1 Pab. Venezuela (planta baja) <\/strong><\/p>\n<p>Borges Silva, Murilo (Universidade Federal de Jata\u00ed) \u00abEntre interdi\u00e7\u00f5es e resist\u00eancias: maternidade de mulheres negras escravizadas em Goi\u00e1s no final do s\u00e9culo XIX\u00bb.<\/p>\n<p>Candioti, Magdalena (Universidad Nacional del Litoral &#8211; CONICET) \u00abEl desorden del hogar. Disputas de mujeres esclavizadas sobre sus cuerpos, libertad y familia en Tucum\u00e1n, siglo XIX\u00bb.<\/p>\n<p>Pedrotti, Clarisa (Universidad Nacional de C\u00f3rdoba) \u00abIndicios para una construcci\u00f3n biogr\u00e1fica: trayectoria vital de esclavizados afrodescendientes m\u00fasicos\u00bb.<\/p>\n<p>Quiroga, Cristian (Universidad Nacional del Comahue) \u00abAn\u00e1lisis sobre las representaciones de africanos, africanas y afrodescendientes en Pampa y Norpatagonia entre los siglos XVII y XIX\u00bb.<\/p>\n<p>Richard, Alejandro y Ceruti, Carlos Natalio (CONICET \/ Museo Antonio Serrano) \u00abHumo y di\u00e1spora africana en el Litoral rioplatense (1573-1660)\u00bb.<\/p>\n<p>Rittiner Basaez, M. Florencia (Universidad Nacional de Rosario) \u00abLa representaci\u00f3n de mujeres trabajadoras en la fotograf\u00eda en Santa Fe, Entre R\u00edos y Corrientes (ca. 1880-1910)\u00bb.<\/p>\n<p>Rolim, Agatha y Aguilhera, Ana Carolina (Universidade Federal do Rio Grande do Sul) \u00abEduca\u00e7\u00e3o Patrimonial e Clubes Sociais Negros\u00bb.<\/p>\n<p>Oliveira, Fernanda (Universidade Federal do Rio Grande do Sul) \u00abO P\u00f3s-Aboli\u00e7\u00e3o do Rio Grande do Sul no Carnaval do Rio de Janeiro\u00bb.<\/p>\n<p>Duarte dois Reis Farias, Priscila y Silva, Jenifer St\u00e9fani da (Universidade do Estado do Rio de Janeiro) \u00abA Lei como Instrumento de Reinven\u00e7\u00e3o do Racismo e o Funk enquanto Resist\u00eancia \u00e0 Necropol\u00edtica\u00bb.<\/p>\n<p>Gonz\u00e1lez Vald\u00e9z, Micaela (Universidad Nacional de C\u00f3rdoba) \u00abNegritud, afrodescendencia y extranjer\u00eda en Argentina\u00bb.<\/p>\n<p>&nbsp;<\/p>\n<h1>MESA 4:<\/h1>\n<h1>G\u00c9NERO, FEMINISMOS E HISTORIA<\/h1>\n<h1>G\u00caNERO, FEMINISMOS E HIST\u00d3RIA<\/h1>\n<p>Coords: Ana Noguera (UNC, Argentina), Sandra Fern\u00e1ndez (UNR, Argentina) e Isidora Salinas Urrejola (UPLA, Chile)<\/p>\n<p>&nbsp;<\/p>\n<p><strong>Sesi\u00f3n 1. Jueves 09\/04 (8.30 a 11.45 hs.)- Aula 2 Pab. Venezuela (planta baja)<\/strong><\/p>\n<p>Agostini, Luisima (Universidad Nacional de Rosario &#8211; CONICET) \u00abEl trabajo ferroviario femenino en Talleres Rosario, Santa Fe, Argentina (1970-1990)\u00bb.<\/p>\n<p>Arriaga, Ana Elisa (Universidad Nacional de C\u00f3rdoba &#8211; CONICET) \u00abLos sindicatos frente a la feminizaci\u00f3n del mercado laboral: la experiencia del FOCAI 1\u00bb.<\/p>\n<p>Pasquali, Laura (Universidad Nacional de Rosario) \u00abEl partido hacia las mujeres rurales: las comunistas en el sur santafesino\u00bb.<\/p>\n<p>Salinas Urrejola, Isidora (Universidad de Playa Ancha) \u00abSocorro mutuo e instrucci\u00f3n: genealog\u00edas pol\u00edticas de las trabajadoras urbanas (Chile, 1887-1913)\u00bb.<\/p>\n<p>Acevedo Arriaza, Nicolas (Universidad de Santiago de Chile) \u00ab\u201cComo hombres nos entendemos\u201d.<\/p>\n<p>Masculinidades en la relaci\u00f3n de apristas y socialistas (Per\u00fa &#8211; Chile, 1930-1958)\u00bb.<\/p>\n<p>Pellegrini Malpiedi, Micaela (Universidad Nacional de Rosario &#8211; CONICET) \u00abDel taller propio al espacio p\u00fablico: agencia, actividades e incidencia p\u00fablica de la logia de adopci\u00f3n \u201cHijas de la Uni\u00f3n N\u00b0 17\u201d de Rosario\u00bb.<\/p>\n<p><strong>POSTER<\/strong><\/p>\n<p>Martins, Sabrina y Rusch Santos, Miri\u00e3\u00a0 \u00a0\u00a0\u00a0\u00a0\u00a0 (Universidade Federal de Santa Maria) \u00a0\u00a0\u00a0\u00a0\u00a0\u00a0 \u201cA representa\u00e7\u00e3o da mucama na revista Careta (1912-1957)\u201d<\/p>\n<p><strong>\u00a0<\/strong><\/p>\n<p><strong>Sesi\u00f3n 2. Jueves 09\/04 (14 a 17.45 hs.) Sala de lectura, biblioteca de la Facultad de Filosof\u00eda y Humanidades<\/strong><\/p>\n<p>Dal Sasso Freitas, Renata (Universidade Federal do Pampa) \u00abFeminismos e Hist\u00f3ria na literatura latino-americana do s\u00e9culo XXI\u00bb.<\/p>\n<p>Motta Klein, Mariana (Universidade Federal do Rio Grande do Sul) \u00abTessituras de liberdade: narrativas e pr\u00e1ticas liter\u00e1rias feministas do coletivo Yo No Fui\u00bb.<\/p>\n<p>Valdebenito Carrasco, Yocelyn (Archivo Nacional, Chile) \u00abCuerpos de barro: la experiencia sensible de la cer\u00e1mica en la construcci\u00f3n de una pol\u00edtica de los afectos en la obra de Carmen Saco Arenas\u00bb.<\/p>\n<p>Backes Barth, Luana Maiara (Universidade Federal do Rio Grande do Sul) \u00abOs tra\u00e7os da mem\u00f3ria: reconfigura\u00e7\u00e3o da identidade mo\u00e7ambicana nas narrativas de Paulina Chiziane\u00bb.<\/p>\n<p>Reyna Berrotar\u00e1n, Denise (Universidad Nacional de C\u00f3rdoba) \u00abEntre archivos y silencios: los primeros rastros de las historiadoras cordobesas en la Facultad de Filosof\u00eda y Humanidades de la Universidad Nacional de C\u00f3rdoba\u00bb.<\/p>\n<p>Silva, Ana L\u00facia da (Universidade Estadual de Ponta Grossa) \u00abDa Margem ao C\u00e2none: Prosopografia e Redes de G\u00eanero na Constru\u00e7\u00e3o da Carreira das Historiadoras no Brasil (1930-1990)\u00bb.<\/p>\n<p><strong>POSTER<\/strong><strong> \u00a0\u00a0\u00a0\u00a0\u00a0\u00a0\u00a0\u00a0\u00a0 <\/strong><\/p>\n<p>Orozco Masarotti, Victoria (Universidad Nacional de C\u00f3rdoba) \u00abDe \u201cla emancipaci\u00f3n de las reinas\u201d a \u201cmujeres griegas y violencia sexual\u201d: g\u00e9nero e historiograf\u00eda en Grecia antigua (1975\u20132021)\u00bb<\/p>\n<p><strong>Sesi\u00f3n 3. Viernes 10\/04 (8.30\u00a0 a 13 hs.)- Aula 2 Pab. Venezuela (planta baja)<\/strong><\/p>\n<p>Rivero, Maria Dolores y Rodriguez, Maria Laura (Universidad Nacional de C\u00f3rdoba &#8211; CONICET) \u00abLos roles de las mujeres y la construcci\u00f3n de lo femenino en el discurso adventista\u00bb.<\/p>\n<p>Sedran, Paula (Universidad Nacional de Rosario &#8211; Universidad Aut\u00f3noma de Entre R\u00edos &#8211; CONICET) \u00abBorracheras, placeres y violencias. El imaginario del alcohol vinculado a mujeres en el diario El Orden\u00bb.<\/p>\n<p>Moreyra, Cecilia y Tedesco, Graciela (Universidad Nacional de C\u00f3rdoba &#8211; CONICET) \u00abTerritorio, cuerpos y solidaridades. Las mujeres de un barrio popular en C\u00f3rdoba\u00bb.<\/p>\n<p>Ortiz, Yael Sol (Universidad Nacional de C\u00f3rdoba) \u00abAborto \u201cm\u00e9dico\u201d en la Medicina Legal y en la codificaci\u00f3n penal (Argentina, 1885-1921)\u00bb.<\/p>\n<p>Dias Fagundes, Marluce (Universidade Federal do Rio Grande do Sul) \u00abFeminismos entre ondas: o debate sobre a condi\u00e7\u00e3o civil das mulheres na Am\u00e9rica Latina (1949-1962)\u00bb.<\/p>\n<p>Santos Vieira, Zoraide y Radl &#8211; Phillip, Rita (Universidade do Estado da Bahia) \u00abFeminic\u00eddio: Quando ser mulher \u00e9 perigoso\u00bb.<\/p>\n<p><strong>POSTER<\/strong><strong> \u00a0\u00a0\u00a0\u00a0\u00a0\u00a0\u00a0\u00a0\u00a0 <\/strong><\/p>\n<p>Corr\u00eaa Rodrigues, Gabriel (Universidade Federal de Santa Maria) \u00abO Paradoxo de Sun\u00fc: Limites da<\/p>\n<p>Teoria de G\u00eanero Ocidental na An\u00e1lise do Sunujing (\u7d20\u5973\u7d93) na Dinastia Han (206 AEC &#8211; 220 EC)\u00bb<\/p>\n<p>&nbsp;<\/p>\n<h1>MESA 5:<\/h1>\n<h1>HISTORIA AMBIENTAL: NATURALEZA, SOCIEDAD Y SABERES EN DEBATE<\/h1>\n<h1>HIST\u00d3RIA AMBIENTAL: NATUREZA, SOCIEDADE E CONHECIMENTO EM DEBATE<\/h1>\n<p>Coordinaci\u00f3n: Cecilia Gallero (UNaM, Argentina) y Carolina Piazzi (UNR, Argentina)<\/p>\n<p><strong>\u00a0<\/strong><\/p>\n<p><strong>Sesi\u00f3n 1. Mi\u00e9rcoles 08\/04 (8.30 a 11.45 hs.) &#8211; Aula 6 Pab. Venezuela (planta baja) <\/strong><\/p>\n<p>K\u00fchn, F\u00e1bio (Universidade Federal do Rio Grande do Sul) \u00abA enchente do rio Jacu\u00ed de 1754 &#8211; Natureza, guerra e fronteira na implementa\u00e7\u00e3o do Tratado de Madri\u00bb.<\/p>\n<p>R\u00edgano, Mariela (Universidad Nacional del Sur) \u00abEl extractivismo de la mirada: cuerpo, naturaleza y espect\u00e1culo en la modernidad europea\u00bb.<\/p>\n<p>Rocha Ustarez, Carmen Liliana (Universidad de Santiago de Chile) \u00abLa contaminaci\u00f3n del agua en ciudad de La Paz-Bolivia, (1900-1935)\u00bb.<\/p>\n<p>Gallero, M. Cecilia, Zang, Laura y Maciel, Jonat\u00e1n (Universidad Nacional de Misiones &#8211; CONICET) \u00abConservar y explotar: pol\u00edticas ambientales duales en el Nordeste de Misiones\u00bb.<\/p>\n<p>Rey, Nicol\u00e1s Fern\u00e1n (Universidad de Buenos Aires) \u00abLa guerra, los animales y los ni\u00f1os: pedagog\u00eda proteccionista en la revista El Zo\u00f3filo Argentino\u00bb.<\/p>\n<p>Miraglia, Marina (Universidad Nacional de General Sarmiento) \u00abUn repaso por algunos lineamientos te\u00f3rico metodol\u00f3gicos aplicados en estudios ambientales\u00bb.<\/p>\n<p>&nbsp;<\/p>\n<p><strong>Sesi\u00f3n 2. Mi\u00e9rcoles 8\/4 (14 a 17.45 hs.) &#8211; Aula 6 Pab. Venezuela (planta baja) <\/strong><\/p>\n<p>Azevedo de, Carolina Helena (Universidade Federal da Integra\u00e7\u00e3o Latino-Americana) \u00abEntre zonas de sacrif\u00edcio e resist\u00eancias: a viol\u00eancia lenta da Braskem em Macei\u00f3 e as lutas por justi\u00e7a socioambiental\u00bb.<\/p>\n<p>Ortiz Montenegro, Graciela Paz (Universidad de Santiago de Chile) \u00abPoder empresarial y captura del Estado: El conflicto de CELCO y la contaminaci\u00f3n del R\u00edo Cruces en Valdivia, Chile\u00bb.<\/p>\n<p>Piazzi, Carolina (Universidad Nacional de Rosario &#8211; CONICET) \u00abAdministrar la fauna silvestre: organismos p\u00fablicos y saberes disciplinarios (1960-1980)\u00bb.<\/p>\n<p>Sola \u00c1lvarez, Marian (Universidad Nacional de General Sarmiento) \u00abUna mirada hacia las militancias y tradiciones que confluyeron en el campo ambiental al regreso de la democracia en Argentina\u00bb.<\/p>\n<p>Rausch, Gisela (Universidad Nacional del Litoral -CONICET) \u00abContribuci\u00f3n a una Caracterizaci\u00f3n de los Movimientos Ecologistas en Am\u00e9rica Latina\u00bb.<\/p>\n<p>Gelmi, Eda, Romero, Gustavo y Zancov, Tatiana (Universidad Nacional de C\u00f3rdoba) \u00abMilitando la ley de educaci\u00f3n ambiental 27621\/21. Una praxis ecopedag\u00f3gica\u00bb.<\/p>\n<p>Barrionuevo, D\u00e9bora Vanesa (Universidad de Buenos Aires) \u00abLuchas socioambientales docentes en escuelas fumigadas de la provincia de Buenos Aires (2016-2024)\u00bb.<\/p>\n<p>Pasquali, Laura (Universidad Nacional de Rosario &#8211; CONICET) \u00abLa crisis del COVID-19 sobre las productoras familiares agroecol\u00f3gicas\u00bb.<\/p>\n<p>&nbsp;<\/p>\n<p>&nbsp;<\/p>\n","protected":false},"excerpt":{"rendered":"<p>PROGRAMA DE ACTIVIDADES PROGRAMA CAHRF-AUGM C\u00f3rdoba 2026 \u00a0 MI\u00c9RCOLES 08\/04, 12.00 hs.\u00a0 ACTO INAUGURAL &#8211; Palabras de bienvenida y presencia de autoridades\u00a0 CONFERENCIA: \u201cDerechas latinoamericanas:&#8230;<\/p>\n","protected":false},"author":1,"featured_media":0,"comment_status":"open","ping_status":"closed","sticky":false,"template":"","format":"standard","meta":{"footnotes":""},"categories":[1],"tags":[],"class_list":["post-325","post","type-post","status-publish","format-standard","hentry","category-sin-categoria"],"_links":{"self":[{"href":"https:\/\/grupomontevideo.org\/ndca\/cahistoriaregionesyfronteras\/index.php?rest_route=\/wp\/v2\/posts\/325","targetHints":{"allow":["GET"]}}],"collection":[{"href":"https:\/\/grupomontevideo.org\/ndca\/cahistoriaregionesyfronteras\/index.php?rest_route=\/wp\/v2\/posts"}],"about":[{"href":"https:\/\/grupomontevideo.org\/ndca\/cahistoriaregionesyfronteras\/index.php?rest_route=\/wp\/v2\/types\/post"}],"author":[{"embeddable":true,"href":"https:\/\/grupomontevideo.org\/ndca\/cahistoriaregionesyfronteras\/index.php?rest_route=\/wp\/v2\/users\/1"}],"replies":[{"embeddable":true,"href":"https:\/\/grupomontevideo.org\/ndca\/cahistoriaregionesyfronteras\/index.php?rest_route=%2Fwp%2Fv2%2Fcomments&post=325"}],"version-history":[{"count":4,"href":"https:\/\/grupomontevideo.org\/ndca\/cahistoriaregionesyfronteras\/index.php?rest_route=\/wp\/v2\/posts\/325\/revisions"}],"predecessor-version":[{"id":330,"href":"https:\/\/grupomontevideo.org\/ndca\/cahistoriaregionesyfronteras\/index.php?rest_route=\/wp\/v2\/posts\/325\/revisions\/330"}],"wp:attachment":[{"href":"https:\/\/grupomontevideo.org\/ndca\/cahistoriaregionesyfronteras\/index.php?rest_route=%2Fwp%2Fv2%2Fmedia&parent=325"}],"wp:term":[{"taxonomy":"category","embeddable":true,"href":"https:\/\/grupomontevideo.org\/ndca\/cahistoriaregionesyfronteras\/index.php?rest_route=%2Fwp%2Fv2%2Fcategories&post=325"},{"taxonomy":"post_tag","embeddable":true,"href":"https:\/\/grupomontevideo.org\/ndca\/cahistoriaregionesyfronteras\/index.php?rest_route=%2Fwp%2Fv2%2Ftags&post=325"}],"curies":[{"name":"wp","href":"https:\/\/api.w.org\/{rel}","templated":true}]}}