{"id":51,"date":"2012-10-08T20:13:19","date_gmt":"2012-10-08T20:13:19","guid":{"rendered":"http:\/\/grupomontevideo.org\/ndca\/caenergia\/?p=51"},"modified":"2025-02-20T15:21:14","modified_gmt":"2025-02-20T15:21:14","slug":"xii-reunion-del-comite-academico-de-energia-y-seminario-internacional-de-energia-de-augm","status":"publish","type":"post","link":"https:\/\/grupomontevideo.org\/ndca\/caenergia\/?p=51","title":{"rendered":"XII REUNI\u00d3N DEL COMIT\u00c9 ACAD\u00c9MICO DE ENERG\u00cdA Y SEMINARIO INTERNACIONAL DE ENERG\u00cdA DE AUGM"},"content":{"rendered":"<p>La XII reuni\u00f3n del Comit\u00e9 Acad\u00e9mico de Energ\u00eda de la AUGM se realiz\u00f3 el 22 de Octubre de 2012 en la Universidad Federal de Santa Mar\u00eda (UFSM), Brasil. Al d\u00eda siguiente, 23 de Octubre, se desarr\u00f3 el ya tradicional Seminario Internacional de Energ\u00eda, con participaci\u00f3n de miembros del CAE y acad\u00e9micos e Investigadores de la UFSM.<\/p>\n<p>Ver\u00a0<a href=\"https:\/\/grupomontevideo.org\/ndca\/caenergia\/wp-content\/uploads\/2012\/10\/Orden-del-d%C3%ADa-reunion-22-Octubre-UFSM.pdf\" target=\"_blank\" rel=\"noopener\">Orden del d\u00eda de la XII reuni\u00f3n del CAE<\/a><\/p>\n<p>Ver\u00a0<a href=\"https:\/\/grupomontevideo.org\/ndca\/caenergia\/wp-content\/uploads\/2012\/10\/Poster-para-divulgaci%C3%B3n-Semin%C3%A1rio-Internacional-de-Energia.pdf\" target=\"_blank\" rel=\"noopener\">Poster para divulgaci\u00f3n Seminario Internacional de Energ\u00eda<\/a><\/p>\n<p><strong>Presentaciones del Seminario:<\/strong><\/p>\n<ol>\n<li>Ney Pippi &#8211;\u00a0<a href=\"https:\/\/grupomontevideo.org\/ndca\/caenergia\/wp-content\/uploads\/2012\/10\/1-Ney-Pippi-Oportunidades-para-Mobilidade-Acad%C3%AAmica.pdf\" target=\"_blank\" rel=\"noopener\">Oportunidades para Mobilidade Acad\u00eamica<\/a><\/li>\n<li>Miguel Arias &#8211;\u00a0<a href=\"https:\/\/grupomontevideo.org\/ndca\/caenergia\/wp-content\/uploads\/2012\/10\/2-Miguel-Arias-Presentaci%C3%B3n-Comit%C3%A9-de-Energ%C3%ADa.pdf\" target=\"_blank\" rel=\"noopener\">Presentaci\u00f3n Comit\u00e9 de Energ\u00eda<\/a><\/li>\n<li>Patricia Arnera &#8211;\u00a0<a href=\"https:\/\/grupomontevideo.org\/ndca\/caenergia\/wp-content\/uploads\/2012\/10\/3-Patricia-Arnera-Sistemas-El%C3%A9ctricos.pdf\" target=\"_blank\" rel=\"noopener\">Sistemas El\u00e9ctrico: Estrat\u00e9gicos para el Desarrollo<\/a><\/li>\n<li>Miguel Arias &#8211;\u00a0<a href=\"https:\/\/grupomontevideo.org\/ndca\/caenergia\/wp-content\/uploads\/2012\/10\/4-Miguel-Arias-Redes-de-distribuci%C3%B3n-desaf%C3%ADos-y-tendencias.pdf\" target=\"_blank\" rel=\"noopener\">Redes de Distribuci\u00f3n \u2013 Desaf\u00edos y Tendencias<\/a><\/li>\n<li>Luciano Schuch &#8211;\u00a0<a href=\"https:\/\/grupomontevideo.org\/ndca\/caenergia\/wp-content\/uploads\/2012\/10\/5-Luciano-Schuch-Energia-Solar-Fotovoltaica.pdf\" target=\"_blank\" rel=\"noopener\">Energia Solar Fotovoltaica: Oportunidades e Desafios<\/a><\/li>\n<li>Adriane Petry &#8211;\u00a0<a href=\"https:\/\/grupomontevideo.org\/ndca\/caenergia\/wp-content\/uploads\/2012\/10\/6-Adriane-Petry-Energia-E%C3%B3lica.pdf\" target=\"_blank\" rel=\"noopener\">Energia E\u00f3lica<\/a><\/li>\n<li>Alejandro Guti\u00e9rrez:\u00a0<a href=\"https:\/\/grupomontevideo.org\/ndca\/caenergia\/wp-content\/uploads\/2012\/10\/7-Alejandro-Guti%C3%A9rrez-E%C3%B3lica-UdelaR.pdf\" target=\"_blank\" rel=\"noopener\">Avances en la Tem\u00e1tica Energ\u00e9tica-UdelaR<\/a><\/li>\n<li>Mario Martins:\u00a0<a href=\"https:\/\/grupomontevideo.org\/ndca\/caenergia\/wp-content\/uploads\/2012\/10\/8-Mario-Martins-Combust%C3%ADveis-Renov%C3%A1veis-e-Energia.pdf\">Combust\u00edveis Renov\u00e1veis e Energia<\/a><\/li>\n<li>Nina Salau:\u00a0<a href=\"https:\/\/grupomontevideo.org\/ndca\/caenergia\/wp-content\/uploads\/2012\/10\/9-Nina-Salau-Perspectivas-para-Demanda-e-Produ%C3%A7%C3%A3o-de-Etanol.pdf\" target=\"_blank\" rel=\"noopener\">Perspectivas para a Demanda e Produ\u00e7\u00e3o de Etanol<\/a><\/li>\n<li>Edson M\u00fcller:\u00a0<a href=\"https:\/\/grupomontevideo.org\/ndca\/caenergia\/wp-content\/uploads\/2012\/10\/10-Edson-Muller-Microondas-e-Ultrassom.pdf\">Utiliza\u00e7\u00e3o das Microondas e Ultrassom na Melhora da Qulidade do Petr\u00f3leo e Derivdados<\/a><\/li>\n<li>Elvo Burini:\u00a0<a href=\"https:\/\/grupomontevideo.org\/ndca\/caenergia\/wp-content\/uploads\/2012\/10\/11-Elvo-Burini-Ilumina%C3%A7%C3%A3o.pdf\" target=\"_blank\" rel=\"noopener\">Efici\u00eancia Energ\u00e9tica no Uso Final Da Ilumina\u00e7\u00e3o<\/a><\/li>\n<li>Paulo Pinheiro:\u00a0<a href=\"https:\/\/grupomontevideo.org\/ndca\/caenergia\/wp-content\/uploads\/2012\/10\/12-Paulo-Pinheiro-Chuveiro-El%C3%A9trico.pdf\" target=\"_blank\" rel=\"noopener\">An\u00e1lise do Uso do Cuveiro El\u00e9trico para Aquecimento de \u00c1gua Residencial<\/a><\/li>\n<\/ol>\n<p>&nbsp;<\/p>\n","protected":false},"excerpt":{"rendered":"<p>La XII reuni\u00f3n del Comit\u00e9 Acad\u00e9mico de Energ\u00eda de la AUGM se realiz\u00f3 el 22 de Octubre de 2012 en la Universidad Federal de Santa&#8230;<\/p>\n","protected":false},"author":1,"featured_media":0,"comment_status":"open","ping_status":"closed","sticky":false,"template":"","format":"standard","meta":{"footnotes":""},"categories":[1],"tags":[],"class_list":["post-51","post","type-post","status-publish","format-standard","hentry","category-sin-categoria"],"_links":{"self":[{"href":"https:\/\/grupomontevideo.org\/ndca\/caenergia\/index.php?rest_route=\/wp\/v2\/posts\/51","targetHints":{"allow":["GET"]}}],"collection":[{"href":"https:\/\/grupomontevideo.org\/ndca\/caenergia\/index.php?rest_route=\/wp\/v2\/posts"}],"about":[{"href":"https:\/\/grupomontevideo.org\/ndca\/caenergia\/index.php?rest_route=\/wp\/v2\/types\/post"}],"author":[{"embeddable":true,"href":"https:\/\/grupomontevideo.org\/ndca\/caenergia\/index.php?rest_route=\/wp\/v2\/users\/1"}],"replies":[{"embeddable":true,"href":"https:\/\/grupomontevideo.org\/ndca\/caenergia\/index.php?rest_route=%2Fwp%2Fv2%2Fcomments&post=51"}],"version-history":[{"count":3,"href":"https:\/\/grupomontevideo.org\/ndca\/caenergia\/index.php?rest_route=\/wp\/v2\/posts\/51\/revisions"}],"predecessor-version":[{"id":256,"href":"https:\/\/grupomontevideo.org\/ndca\/caenergia\/index.php?rest_route=\/wp\/v2\/posts\/51\/revisions\/256"}],"wp:attachment":[{"href":"https:\/\/grupomontevideo.org\/ndca\/caenergia\/index.php?rest_route=%2Fwp%2Fv2%2Fmedia&parent=51"}],"wp:term":[{"taxonomy":"category","embeddable":true,"href":"https:\/\/grupomontevideo.org\/ndca\/caenergia\/index.php?rest_route=%2Fwp%2Fv2%2Fcategories&post=51"},{"taxonomy":"post_tag","embeddable":true,"href":"https:\/\/grupomontevideo.org\/ndca\/caenergia\/index.php?rest_route=%2Fwp%2Fv2%2Ftags&post=51"}],"curies":[{"name":"wp","href":"https:\/\/api.w.org\/{rel}","templated":true}]}}