{"id":89,"date":"2017-08-01T14:15:02","date_gmt":"2017-08-01T14:15:02","guid":{"rendered":"http:\/\/grupomontevideo.org\/ndca\/cacienciaspoliticasysociales\/?p=89"},"modified":"2025-02-20T15:13:36","modified_gmt":"2025-02-20T15:13:36","slug":"convocatoria-a-reunion-del-comite-academico-2017","status":"publish","type":"post","link":"https:\/\/grupomontevideo.org\/ndca\/cacienciaspoliticasysociales\/?p=89","title":{"rendered":"Convocatoria a reuni\u00f3n del Comit\u00e9 Acad\u00e9mico 2017"},"content":{"rendered":"<p>La pr\u00f3xima reuni\u00f3n ser\u00e1 los d\u00edas 20 y 21 de noviembre de 2017,<br \/>\nen la sede de la Universidad Nacional del Este (UNE), Ciudad del Este, Paraguay.<\/p>\n<p>La reuni\u00f3n tendr\u00e1 tres puntos principales:<br \/>\n1) Balance y Perspectivas del Comit\u00e9<br \/>\n2) Aprobaci\u00f3n del nuevo Plan Bi-anual<br \/>\n3) Elecci\u00f3n de la Coordinaci\u00f3n del Comit\u00e9<\/p>\n<p><a href=\"https:\/\/grupomontevideo.org\/ndca\/cacienciaspoliticasysociales\/wp-content\/uploads\/2017\/08\/Convocatoria-Reuniao-Comite-2017.pdf\">Ver Convocatoria<\/a><\/p>\n<p>&nbsp;<\/p>\n","protected":false},"excerpt":{"rendered":"<p>La pr\u00f3xima reuni\u00f3n ser\u00e1 los d\u00edas 20 y 21 de noviembre de 2017, en la sede de la Universidad Nacional del Este (UNE), Ciudad del&#8230;<\/p>\n","protected":false},"author":1,"featured_media":0,"comment_status":"open","ping_status":"closed","sticky":false,"template":"","format":"standard","meta":{"footnotes":""},"categories":[1],"tags":[],"class_list":["post-89","post","type-post","status-publish","format-standard","hentry","category-sin-categoria"],"_links":{"self":[{"href":"https:\/\/grupomontevideo.org\/ndca\/cacienciaspoliticasysociales\/index.php?rest_route=\/wp\/v2\/posts\/89","targetHints":{"allow":["GET"]}}],"collection":[{"href":"https:\/\/grupomontevideo.org\/ndca\/cacienciaspoliticasysociales\/index.php?rest_route=\/wp\/v2\/posts"}],"about":[{"href":"https:\/\/grupomontevideo.org\/ndca\/cacienciaspoliticasysociales\/index.php?rest_route=\/wp\/v2\/types\/post"}],"author":[{"embeddable":true,"href":"https:\/\/grupomontevideo.org\/ndca\/cacienciaspoliticasysociales\/index.php?rest_route=\/wp\/v2\/users\/1"}],"replies":[{"embeddable":true,"href":"https:\/\/grupomontevideo.org\/ndca\/cacienciaspoliticasysociales\/index.php?rest_route=%2Fwp%2Fv2%2Fcomments&post=89"}],"version-history":[{"count":2,"href":"https:\/\/grupomontevideo.org\/ndca\/cacienciaspoliticasysociales\/index.php?rest_route=\/wp\/v2\/posts\/89\/revisions"}],"predecessor-version":[{"id":232,"href":"https:\/\/grupomontevideo.org\/ndca\/cacienciaspoliticasysociales\/index.php?rest_route=\/wp\/v2\/posts\/89\/revisions\/232"}],"wp:attachment":[{"href":"https:\/\/grupomontevideo.org\/ndca\/cacienciaspoliticasysociales\/index.php?rest_route=%2Fwp%2Fv2%2Fmedia&parent=89"}],"wp:term":[{"taxonomy":"category","embeddable":true,"href":"https:\/\/grupomontevideo.org\/ndca\/cacienciaspoliticasysociales\/index.php?rest_route=%2Fwp%2Fv2%2Fcategories&post=89"},{"taxonomy":"post_tag","embeddable":true,"href":"https:\/\/grupomontevideo.org\/ndca\/cacienciaspoliticasysociales\/index.php?rest_route=%2Fwp%2Fv2%2Ftags&post=89"}],"curies":[{"name":"wp","href":"https:\/\/api.w.org\/{rel}","templated":true}]}}