{"id":52,"date":"2015-04-07T22:18:37","date_gmt":"2015-04-07T22:18:37","guid":{"rendered":"http:\/\/grupomontevideo.org\/ndca\/cacienciaspoliticasysociales\/?p=52"},"modified":"2025-02-20T15:13:59","modified_gmt":"2025-02-20T15:13:59","slug":"reunion-del-comite-academico-ciencias-politicas-y-sociales","status":"publish","type":"post","link":"https:\/\/grupomontevideo.org\/ndca\/cacienciaspoliticasysociales\/?p=52","title":{"rendered":"Reuni\u00f3n del Comit\u00e9 Acad\u00e9mico Ciencias Pol\u00edticas y Sociales"},"content":{"rendered":"<p>En los d\u00edas 15 y 16 de abril se reunir\u00e1 el Comit\u00e9 Acad\u00e9mico de Ciencias Pol\u00edticas y Sociales de AUGM en la Universidad Federal de Rio Grande do Sul, ciudad de Porto Alegre, Brasil.<\/p>\n<p>Inscripci\u00f3n previa <a href=\"http:\/\/goo.gl\/forms\/o4RTmfFUlY\">aqu\u00ed<\/a><\/p>\n<p>M\u00e1s <a href=\"http:\/\/goo.gl\/i0BAW6\">informaciones<\/a><\/p>\n","protected":false},"excerpt":{"rendered":"<p>En los d\u00edas 15 y 16 de abril se reunir\u00e1 el Comit\u00e9 Acad\u00e9mico de Ciencias Pol\u00edticas y Sociales de AUGM en la Universidad Federal de&#8230;<\/p>\n","protected":false},"author":1,"featured_media":0,"comment_status":"open","ping_status":"closed","sticky":false,"template":"","format":"standard","meta":{"footnotes":""},"categories":[1],"tags":[],"class_list":["post-52","post","type-post","status-publish","format-standard","hentry","category-sin-categoria"],"_links":{"self":[{"href":"https:\/\/grupomontevideo.org\/ndca\/cacienciaspoliticasysociales\/index.php?rest_route=\/wp\/v2\/posts\/52","targetHints":{"allow":["GET"]}}],"collection":[{"href":"https:\/\/grupomontevideo.org\/ndca\/cacienciaspoliticasysociales\/index.php?rest_route=\/wp\/v2\/posts"}],"about":[{"href":"https:\/\/grupomontevideo.org\/ndca\/cacienciaspoliticasysociales\/index.php?rest_route=\/wp\/v2\/types\/post"}],"author":[{"embeddable":true,"href":"https:\/\/grupomontevideo.org\/ndca\/cacienciaspoliticasysociales\/index.php?rest_route=\/wp\/v2\/users\/1"}],"replies":[{"embeddable":true,"href":"https:\/\/grupomontevideo.org\/ndca\/cacienciaspoliticasysociales\/index.php?rest_route=%2Fwp%2Fv2%2Fcomments&post=52"}],"version-history":[{"count":2,"href":"https:\/\/grupomontevideo.org\/ndca\/cacienciaspoliticasysociales\/index.php?rest_route=\/wp\/v2\/posts\/52\/revisions"}],"predecessor-version":[{"id":234,"href":"https:\/\/grupomontevideo.org\/ndca\/cacienciaspoliticasysociales\/index.php?rest_route=\/wp\/v2\/posts\/52\/revisions\/234"}],"wp:attachment":[{"href":"https:\/\/grupomontevideo.org\/ndca\/cacienciaspoliticasysociales\/index.php?rest_route=%2Fwp%2Fv2%2Fmedia&parent=52"}],"wp:term":[{"taxonomy":"category","embeddable":true,"href":"https:\/\/grupomontevideo.org\/ndca\/cacienciaspoliticasysociales\/index.php?rest_route=%2Fwp%2Fv2%2Fcategories&post=52"},{"taxonomy":"post_tag","embeddable":true,"href":"https:\/\/grupomontevideo.org\/ndca\/cacienciaspoliticasysociales\/index.php?rest_route=%2Fwp%2Fv2%2Ftags&post=52"}],"curies":[{"name":"wp","href":"https:\/\/api.w.org\/{rel}","templated":true}]}}