{"id":279,"date":"2017-06-01T14:55:56","date_gmt":"2017-06-01T14:55:56","guid":{"rendered":"http:\/\/grupomontevideo.org\/ndca\/caaguas\/?p=279"},"modified":"2025-02-20T14:47:51","modified_gmt":"2025-02-20T14:47:51","slug":"escuela-de-invierno-augm-hacia-una-gestion-sostenible-del-agua-y-el-ambiente","status":"publish","type":"post","link":"https:\/\/grupomontevideo.org\/ndca\/caaguas\/?p=279","title":{"rendered":"ESCUELA DE INVIERNO \u2013 AUGM  HACIA UNA GESTI\u00d3N SOSTENIBLE DEL AGUA Y EL AMBIENTE"},"content":{"rendered":"<p>&nbsp;<\/p>\n<div class=\"_2cuy _3dgx\" data-block=\"true\" data-editor=\"4d21r\" data-offset-key=\"6br43-0-0\">\n<div class=\"_1mf _1mj\" data-offset-key=\"6br43-0-0\"><span data-offset-key=\"6br43-0-0\"><a href=\"https:\/\/grupomontevideo.org\/ndca\/caaguas\/wp-content\/uploads\/2017\/06\/flyer-gesti\u00f3n-sostenible-del-agua-600px.png\"><img loading=\"lazy\" decoding=\"async\" class=\"wp-image-281 alignleft\" src=\"https:\/\/grupomontevideo.org\/ndca\/caaguas\/wp-content\/uploads\/2017\/06\/flyer-gesti\u00f3n-sostenible-del-agua-600px.png\" alt=\"\" width=\"281\" height=\"282\" \/><\/a>Esta abierta la convocatoria para la Escuela de Invierno del Comit\u00e9 Acad\u00e9mico de Aguas de AUGM \u201cHACIA UNA GESTI\u00d3N SOSTENIBLE DEL AGUA Y EL AMBIENTE\u201d .<\/span><\/div>\n<\/div>\n<div class=\"_2cuy _3dgx\" data-block=\"true\" data-editor=\"4d21r\" data-offset-key=\"5rjag-0-0\">\n<div class=\"_1mf _1mj\" data-offset-key=\"5rjag-0-0\"><span data-offset-key=\"5rjag-0-0\">Con sede en la Facultad de Veterinaria, UBA, Bs.As., Argentina, la actividad se realizara entre los d\u00edas 8 y 11 de agosto.Tendr\u00e1 como destinatarios a graduados universitarios de todas las carreras.<\/span><\/div>\n<\/div>\n<div class=\"_2cuy _3dgx\" data-block=\"true\" data-editor=\"4d21r\" data-offset-key=\"2h6ma-0-0\">\n<div class=\"_1mf _1mj\" data-offset-key=\"2h6ma-0-0\"><span data-offset-key=\"2h6ma-0-0\">Objetivo General: <\/span><span data-offset-key=\"2h6ma-0-1\">introducir a los estudiantes en los conceptos de la Gesti\u00f3n del agua. <\/span><\/div>\n<\/div>\n<div class=\"_2cuy _3dgx\" data-block=\"true\" data-editor=\"4d21r\" data-offset-key=\"fskk7-0-0\">\n<div class=\"_1mf _1mj\" data-offset-key=\"fskk7-0-0\"><span data-offset-key=\"fskk7-0-0\">Objetivos espec\u00edficos:<\/span><\/div>\n<\/div>\n<div class=\"_2cuy _3dgx\" data-block=\"true\" data-editor=\"4d21r\" data-offset-key=\"edapd-0-0\">\n<div class=\"_1mf _1mj\" data-offset-key=\"edapd-0-0\"><span data-offset-key=\"edapd-0-0\">* Brindar conocimientos de los impactos del ciclo hidrol\u00f3gico en los recursos naturales y en particular el agua.<\/span><\/div>\n<\/div>\n<div class=\"_2cuy _3dgx\" data-block=\"true\" data-editor=\"4d21r\" data-offset-key=\"7qcks-0-0\">\n<div class=\"_1mf _1mj\" data-offset-key=\"7qcks-0-0\"><span data-offset-key=\"7qcks-0-0\">* Introducir en los conceptos de cambio global y cambio clim\u00e1tico.<\/span><\/div>\n<\/div>\n<div class=\"_2cuy _3dgx\" data-block=\"true\" data-editor=\"4d21r\" data-offset-key=\"2f140-0-0\">\n<div class=\"_1mf _1mj\" data-offset-key=\"2f140-0-0\"><span data-offset-key=\"2f140-0-0\">* Proporcionar lineamientos acerca de la gesti\u00f3n Integrada de los Recursos H\u00eddricos, sus etapas, sus actores y sus instrumentos de aplicaci\u00f3n.<\/span><\/div>\n<\/div>\n<div class=\"_2cuy _3dgx\" data-block=\"true\" data-editor=\"4d21r\" data-offset-key=\"4e6m6-0-0\">\n<div class=\"_1mf _1mj\" data-offset-key=\"4e6m6-0-0\"><span data-offset-key=\"4e6m6-0-0\">* Presentar casos de estudios exitosos de Gesti\u00f3n del agua en Am\u00e9rica Latina<\/span><\/div>\n<\/div>\n<div class=\"_2cuy _3dgx\" data-block=\"true\" data-editor=\"4d21r\" data-offset-key=\"a2236-0-0\">\n<div class=\"_1mf _1mj\" data-offset-key=\"a2236-0-0\"><a href=\"https:\/\/grupomontevideo.org\/ndca\/caaguas\/wp-content\/uploads\/2017\/06\/Folleto-CURSo_EVI_Aguas_2017.pdf\">Programa<\/a><\/div>\n<\/div>\n<p>&nbsp;<\/p>\n","protected":false},"excerpt":{"rendered":"<p>&nbsp; Esta abierta la convocatoria para la Escuela de Invierno del Comit\u00e9 Acad\u00e9mico de Aguas de AUGM \u201cHACIA UNA GESTI\u00d3N SOSTENIBLE DEL AGUA Y EL&#8230;<\/p>\n","protected":false},"author":1,"featured_media":0,"comment_status":"open","ping_status":"closed","sticky":false,"template":"","format":"standard","meta":{"footnotes":""},"categories":[1],"tags":[],"class_list":["post-279","post","type-post","status-publish","format-standard","hentry","category-sin-categoria"],"_links":{"self":[{"href":"https:\/\/grupomontevideo.org\/ndca\/caaguas\/index.php?rest_route=\/wp\/v2\/posts\/279","targetHints":{"allow":["GET"]}}],"collection":[{"href":"https:\/\/grupomontevideo.org\/ndca\/caaguas\/index.php?rest_route=\/wp\/v2\/posts"}],"about":[{"href":"https:\/\/grupomontevideo.org\/ndca\/caaguas\/index.php?rest_route=\/wp\/v2\/types\/post"}],"author":[{"embeddable":true,"href":"https:\/\/grupomontevideo.org\/ndca\/caaguas\/index.php?rest_route=\/wp\/v2\/users\/1"}],"replies":[{"embeddable":true,"href":"https:\/\/grupomontevideo.org\/ndca\/caaguas\/index.php?rest_route=%2Fwp%2Fv2%2Fcomments&post=279"}],"version-history":[{"count":7,"href":"https:\/\/grupomontevideo.org\/ndca\/caaguas\/index.php?rest_route=\/wp\/v2\/posts\/279\/revisions"}],"predecessor-version":[{"id":795,"href":"https:\/\/grupomontevideo.org\/ndca\/caaguas\/index.php?rest_route=\/wp\/v2\/posts\/279\/revisions\/795"}],"wp:attachment":[{"href":"https:\/\/grupomontevideo.org\/ndca\/caaguas\/index.php?rest_route=%2Fwp%2Fv2%2Fmedia&parent=279"}],"wp:term":[{"taxonomy":"category","embeddable":true,"href":"https:\/\/grupomontevideo.org\/ndca\/caaguas\/index.php?rest_route=%2Fwp%2Fv2%2Fcategories&post=279"},{"taxonomy":"post_tag","embeddable":true,"href":"https:\/\/grupomontevideo.org\/ndca\/caaguas\/index.php?rest_route=%2Fwp%2Fv2%2Ftags&post=279"}],"curies":[{"name":"wp","href":"https:\/\/api.w.org\/{rel}","templated":true}]}}