{"id":384,"date":"2024-11-26T20:04:55","date_gmt":"2024-11-26T20:04:55","guid":{"rendered":"https:\/\/grupomontevideo.org\/ndca\/caaccesibilidad\/?p=384"},"modified":"2024-11-27T13:55:44","modified_gmt":"2024-11-27T13:55:44","slug":"comite-accesibilidad-y-discapacidad-eligio-nueva-coordinacion","status":"publish","type":"post","link":"https:\/\/grupomontevideo.org\/ndca\/caaccesibilidad\/?p=384","title":{"rendered":"Comit\u00e9 Accesibilidad y Discapacidad eligi\u00f3 nueva coordinaci\u00f3n"},"content":{"rendered":"<p>El <strong>d\u00eda 13 y 14 de noviembre del corriente se llev\u00f3 adelante la 3er reuni\u00f3n anual del Comit\u00e9 Acad\u00e9mico de accesibilidad y Discapacidad de AUGM en la Universidad Nacional de Mar del Plata<\/strong>.<br \/>\nFue un espacio de concreciones de metas en el marco del Plan Operativo Anual, y el cambio de coordinaci\u00f3n, coordinaci\u00f3n adjunta ay equipo asesor.<\/p>\n<p>La coordinaci\u00f3n y coordinaci\u00f3n adjunta dada por Argentina y Brasil (2023-2024)<br \/>\nLic. en TO Pamela Bord\u00f3n (Universidad Nacional del Litoral, Argentina)<br \/>\nDra. Sandra Eli S. Oliveira Martins (Universidade Estadual Paulista. S\u00e3o Paulo. Brasil)<br \/>\nProf. FabianeTobetto Costas (Universidad Federal Santa Mar\u00eda, Brasil)<\/p>\n<p><strong>Equipo Asesor<\/strong><br \/>\nAnabella Morcillo \u2013 UNL\/Argentina<br \/>\nMaria da Concei\u00e7\u00e3o dos Santos \u2013 UNIFESP\/Brasil<br \/>\nM\u00f4nica Pereira dos Santos \u2013 UFRJ\/ Brasil<\/p>\n<p><strong>2025-2026<\/strong><br \/>\nNueva coordinaci\u00f3n y coordinaci\u00f3n adjunta<br \/>\nProf. Patricio Bustamante Vea. Universidad de Chile<br \/>\nProf. Carla Saad Universidad Nacional de C\u00f3rdoba (Argentina)<\/p>\n<p>Equipo Asesor<br \/>\nProf, Mar\u00eda Belen Pirola (Universidad Nacional de San Luis, Argentina)<br \/>\nProf Laura Ceretta Moreira (Universidad Federal de Paran\u00e1, Brasil)<br \/>\nDario A. Mamani (Univeridad Nacional de Tucum\u00e1n, Argentina)<\/p>\n<p><a href=\"https:\/\/grupomontevideo.org\/ndca\/caaccesibilidad\/wp-content\/uploads\/2024\/11\/WhatsApp-Image-2024-11-21-at-09.53.30.jpeg\"><img loading=\"lazy\" decoding=\"async\" class=\"aligncenter size-medium wp-image-386\" src=\"https:\/\/grupomontevideo.org\/ndca\/caaccesibilidad\/wp-content\/uploads\/2024\/11\/WhatsApp-Image-2024-11-21-at-09.53.30-300x227.jpeg\" alt=\"\" width=\"300\" height=\"227\" srcset=\"https:\/\/grupomontevideo.org\/ndca\/caaccesibilidad\/wp-content\/uploads\/2024\/11\/WhatsApp-Image-2024-11-21-at-09.53.30-300x227.jpeg 300w, https:\/\/grupomontevideo.org\/ndca\/caaccesibilidad\/wp-content\/uploads\/2024\/11\/WhatsApp-Image-2024-11-21-at-09.53.30-1024x774.jpeg 1024w, https:\/\/grupomontevideo.org\/ndca\/caaccesibilidad\/wp-content\/uploads\/2024\/11\/WhatsApp-Image-2024-11-21-at-09.53.30-768x580.jpeg 768w, https:\/\/grupomontevideo.org\/ndca\/caaccesibilidad\/wp-content\/uploads\/2024\/11\/WhatsApp-Image-2024-11-21-at-09.53.30.jpeg 1125w\" sizes=\"auto, (max-width: 300px) 100vw, 300px\" \/><\/a><\/p>\n<p><a href=\"https:\/\/grupomontevideo.org\/ndca\/caaccesibilidad\/wp-content\/uploads\/2024\/11\/WhatsApp-Image-2024-11-25-at-14.06.25.jpeg\"><img loading=\"lazy\" decoding=\"async\" class=\"aligncenter size-medium wp-image-387\" src=\"https:\/\/grupomontevideo.org\/ndca\/caaccesibilidad\/wp-content\/uploads\/2024\/11\/WhatsApp-Image-2024-11-25-at-14.06.25-300x135.jpeg\" alt=\"\" width=\"300\" height=\"135\" srcset=\"https:\/\/grupomontevideo.org\/ndca\/caaccesibilidad\/wp-content\/uploads\/2024\/11\/WhatsApp-Image-2024-11-25-at-14.06.25-300x135.jpeg 300w, https:\/\/grupomontevideo.org\/ndca\/caaccesibilidad\/wp-content\/uploads\/2024\/11\/WhatsApp-Image-2024-11-25-at-14.06.25-1024x461.jpeg 1024w, https:\/\/grupomontevideo.org\/ndca\/caaccesibilidad\/wp-content\/uploads\/2024\/11\/WhatsApp-Image-2024-11-25-at-14.06.25-768x346.jpeg 768w, https:\/\/grupomontevideo.org\/ndca\/caaccesibilidad\/wp-content\/uploads\/2024\/11\/WhatsApp-Image-2024-11-25-at-14.06.25-1536x691.jpeg 1536w, https:\/\/grupomontevideo.org\/ndca\/caaccesibilidad\/wp-content\/uploads\/2024\/11\/WhatsApp-Image-2024-11-25-at-14.06.25.jpeg 1600w\" sizes=\"auto, (max-width: 300px) 100vw, 300px\" \/><\/a><\/p>\n<p>&nbsp;<\/p>\n","protected":false},"excerpt":{"rendered":"<p>El d\u00eda 13 y 14 de noviembre del corriente se llev\u00f3 adelante la 3er reuni\u00f3n anual del Comit\u00e9 Acad\u00e9mico de accesibilidad y Discapacidad de AUGM&#8230;<\/p>\n","protected":false},"author":1,"featured_media":0,"comment_status":"closed","ping_status":"closed","sticky":false,"template":"","format":"standard","meta":{"footnotes":""},"categories":[1],"tags":[],"class_list":["post-384","post","type-post","status-publish","format-standard","hentry","category-sin-categoria"],"_links":{"self":[{"href":"https:\/\/grupomontevideo.org\/ndca\/caaccesibilidad\/index.php?rest_route=\/wp\/v2\/posts\/384","targetHints":{"allow":["GET"]}}],"collection":[{"href":"https:\/\/grupomontevideo.org\/ndca\/caaccesibilidad\/index.php?rest_route=\/wp\/v2\/posts"}],"about":[{"href":"https:\/\/grupomontevideo.org\/ndca\/caaccesibilidad\/index.php?rest_route=\/wp\/v2\/types\/post"}],"author":[{"embeddable":true,"href":"https:\/\/grupomontevideo.org\/ndca\/caaccesibilidad\/index.php?rest_route=\/wp\/v2\/users\/1"}],"replies":[{"embeddable":true,"href":"https:\/\/grupomontevideo.org\/ndca\/caaccesibilidad\/index.php?rest_route=%2Fwp%2Fv2%2Fcomments&post=384"}],"version-history":[{"count":2,"href":"https:\/\/grupomontevideo.org\/ndca\/caaccesibilidad\/index.php?rest_route=\/wp\/v2\/posts\/384\/revisions"}],"predecessor-version":[{"id":390,"href":"https:\/\/grupomontevideo.org\/ndca\/caaccesibilidad\/index.php?rest_route=\/wp\/v2\/posts\/384\/revisions\/390"}],"wp:attachment":[{"href":"https:\/\/grupomontevideo.org\/ndca\/caaccesibilidad\/index.php?rest_route=%2Fwp%2Fv2%2Fmedia&parent=384"}],"wp:term":[{"taxonomy":"category","embeddable":true,"href":"https:\/\/grupomontevideo.org\/ndca\/caaccesibilidad\/index.php?rest_route=%2Fwp%2Fv2%2Fcategories&post=384"},{"taxonomy":"post_tag","embeddable":true,"href":"https:\/\/grupomontevideo.org\/ndca\/caaccesibilidad\/index.php?rest_route=%2Fwp%2Fv2%2Ftags&post=384"}],"curies":[{"name":"wp","href":"https:\/\/api.w.org\/{rel}","templated":true}]}}