{"id":352,"date":"2023-07-05T16:58:08","date_gmt":"2023-07-05T16:58:08","guid":{"rendered":"http:\/\/grupomontevideo.org\/ndca\/caaccesibilidad\/?p=352"},"modified":"2024-08-15T20:17:52","modified_gmt":"2024-08-15T20:17:52","slug":"entrevistas-concedidas-al-programa-educando-para-a-diversidade-unesp-brasil","status":"publish","type":"post","link":"https:\/\/grupomontevideo.org\/ndca\/caaccesibilidad\/?p=352","title":{"rendered":"Entrevistas concedidas al Programa Educando para a Diversidade &#8211; UNESP\/Brasil"},"content":{"rendered":"<p>Tras la actividad acad\u00e9mica realizada por el Comit\u00e9 Acad\u00e9mico surgieron una serie de entrevistas que ten\u00edan como objetivo divulgar de forma accesible el trabajo que viene realizando el grupo buscando tener mayor alcance y comprometer a las instituciones a trabajar el tema de Accesibilidad y Discapacidad a nivel universitario.<\/p>\n<p>https:\/\/www.acessibilidade.unesp.br\/<\/p>\n<p>https:\/\/www.youtube.com\/@REPADI-oz1wz<\/p>\n<p><iframe loading=\"lazy\" title=\"Unesp sedia evento Comit\u00ea Acad\u00eamico de Acessibilidade e Defici\u00eancia da AUGM\" width=\"470\" height=\"264\" src=\"https:\/\/www.youtube.com\/embed\/yHCx62HY8g0?list=PL8S4cEqhG5fc_MoxeYZw_9VVSK731emFR\" frameborder=\"0\" allow=\"accelerometer; autoplay; clipboard-write; encrypted-media; gyroscope; picture-in-picture; web-share\" referrerpolicy=\"strict-origin-when-cross-origin\" allowfullscreen><\/iframe><\/p>\n<p><iframe loading=\"lazy\" title=\"Entrevista - Anabella Morcillo (Argentina)\" width=\"470\" height=\"264\" src=\"https:\/\/www.youtube.com\/embed\/dttHYaF6aOk?list=PL8S4cEqhG5fc_MoxeYZw_9VVSK731emFR\" frameborder=\"0\" allow=\"accelerometer; autoplay; clipboard-write; encrypted-media; gyroscope; picture-in-picture; web-share\" referrerpolicy=\"strict-origin-when-cross-origin\" allowfullscreen><\/iframe><\/p>\n<p>https:\/\/www.youtube.com\/watch?v=0qPZKDl9JNY&#038;list=PL8S4cEqhG5fc_MoxeYZw_9VVSK731emFR&#038;index=3<\/p>\n<p><iframe loading=\"lazy\" title=\"Entrevista - Pamela Bordon  (Argentina)\" width=\"470\" height=\"264\" src=\"https:\/\/www.youtube.com\/embed\/RxYEVg6gz4k?list=PL8S4cEqhG5fc_MoxeYZw_9VVSK731emFR\" frameborder=\"0\" allow=\"accelerometer; autoplay; clipboard-write; encrypted-media; gyroscope; picture-in-picture; web-share\" referrerpolicy=\"strict-origin-when-cross-origin\" allowfullscreen><\/iframe><\/p>\n<p><iframe loading=\"lazy\" title=\"Entrevista - Patr\u00edcio Bustamante (Chile)\" width=\"470\" height=\"264\" src=\"https:\/\/www.youtube.com\/embed\/ps6ZeqyL55I?list=PL8S4cEqhG5fc_MoxeYZw_9VVSK731emFR\" frameborder=\"0\" allow=\"accelerometer; autoplay; clipboard-write; encrypted-media; gyroscope; picture-in-picture; web-share\" referrerpolicy=\"strict-origin-when-cross-origin\" allowfullscreen><\/iframe><\/p>\n<p><iframe loading=\"lazy\" title=\"Entrevista - Sandra Eli Martins (Brasil)\" width=\"470\" height=\"264\" src=\"https:\/\/www.youtube.com\/embed\/glntypGnbis?list=PL8S4cEqhG5fc_MoxeYZw_9VVSK731emFR\" frameborder=\"0\" allow=\"accelerometer; autoplay; clipboard-write; encrypted-media; gyroscope; picture-in-picture; web-share\" referrerpolicy=\"strict-origin-when-cross-origin\" allowfullscreen><\/iframe><\/p>\n<p><iframe loading=\"lazy\" title=\"Entrevista - Sinara Polom Zardo (Brasil)\" width=\"470\" height=\"264\" src=\"https:\/\/www.youtube.com\/embed\/mjAhqogW60w?list=PL8S4cEqhG5fc_MoxeYZw_9VVSK731emFR\" frameborder=\"0\" allow=\"accelerometer; autoplay; clipboard-write; encrypted-media; gyroscope; picture-in-picture; web-share\" referrerpolicy=\"strict-origin-when-cross-origin\" allowfullscreen><\/iframe><\/p>\n<p><iframe loading=\"lazy\" title=\"Entrevista - CAAyD\/AUGM\" width=\"470\" height=\"264\" src=\"https:\/\/www.youtube.com\/embed\/videoseries?list=PL8S4cEqhG5fc_MoxeYZw_9VVSK731emFR\" frameborder=\"0\" allow=\"accelerometer; autoplay; clipboard-write; encrypted-media; gyroscope; picture-in-picture; web-share\" referrerpolicy=\"strict-origin-when-cross-origin\" allowfullscreen><\/iframe><\/p>\n<p><iframe loading=\"lazy\" title=\"Entrevista - Vera Capellini (Brasil)\" width=\"470\" height=\"264\" src=\"https:\/\/www.youtube.com\/embed\/mtHNW9BSS1Y?list=PL8S4cEqhG5fc_MoxeYZw_9VVSK731emFR\" frameborder=\"0\" allow=\"accelerometer; autoplay; clipboard-write; encrypted-media; gyroscope; picture-in-picture; web-share\" referrerpolicy=\"strict-origin-when-cross-origin\" allowfullscreen><\/iframe><\/p>\n<p><iframe loading=\"lazy\" title=\"Entrevista - Tarcis\u00edo Paciulo Castilho (Brasil)\" width=\"470\" height=\"264\" src=\"https:\/\/www.youtube.com\/embed\/PM_0IkBapt0?list=PL8S4cEqhG5fc_MoxeYZw_9VVSK731emFR\" frameborder=\"0\" allow=\"accelerometer; autoplay; clipboard-write; encrypted-media; gyroscope; picture-in-picture; web-share\" referrerpolicy=\"strict-origin-when-cross-origin\" allowfullscreen><\/iframe><\/p>\n<p><iframe loading=\"lazy\" title=\"Entrevista -  Fabiane Adela Tonetto Costas (Brasil)\" width=\"470\" height=\"264\" src=\"https:\/\/www.youtube.com\/embed\/CUEUqM3imvk?list=PL8S4cEqhG5fc_MoxeYZw_9VVSK731emFR\" frameborder=\"0\" allow=\"accelerometer; autoplay; clipboard-write; encrypted-media; gyroscope; picture-in-picture; web-share\" referrerpolicy=\"strict-origin-when-cross-origin\" allowfullscreen><\/iframe><\/p>\n<p><iframe loading=\"lazy\" title=\"Entrevista -  Maria da Concei\u00e7\u00e3o dos Santos (Brasil)\" width=\"470\" height=\"264\" src=\"https:\/\/www.youtube.com\/embed\/KAbm0M7urE8?list=PL8S4cEqhG5fc_MoxeYZw_9VVSK731emFR\" frameborder=\"0\" allow=\"accelerometer; autoplay; clipboard-write; encrypted-media; gyroscope; picture-in-picture; web-share\" referrerpolicy=\"strict-origin-when-cross-origin\" allowfullscreen><\/iframe><\/p>\n<p>https:\/\/www.youtube.com\/watch?v=OJ8esxjr9aw&#038;list=PL8S4cEqhG5fc_MoxeYZw_9VVSK731emFR&#038;index=13<\/p>\n<p><iframe loading=\"lazy\" title=\"Entrevista - Naira Rodrigues (Brasil)\" width=\"470\" height=\"264\" src=\"https:\/\/www.youtube.com\/embed\/Yj_zgpejYyg?list=PL8S4cEqhG5fc_MoxeYZw_9VVSK731emFR\" frameborder=\"0\" allow=\"accelerometer; autoplay; clipboard-write; encrypted-media; gyroscope; picture-in-picture; web-share\" referrerpolicy=\"strict-origin-when-cross-origin\" allowfullscreen><\/iframe><\/p>\n<p><iframe loading=\"lazy\" title=\"Entrevista - Ros\u00e1rio Gonz\u00e1les Torrico  (Bol\u00edvia)\" width=\"470\" height=\"264\" src=\"https:\/\/www.youtube.com\/embed\/jI6Pax1JHQQ?list=PL8S4cEqhG5fc_MoxeYZw_9VVSK731emFR\" frameborder=\"0\" allow=\"accelerometer; autoplay; clipboard-write; encrypted-media; gyroscope; picture-in-picture; web-share\" referrerpolicy=\"strict-origin-when-cross-origin\" allowfullscreen><\/iframe><\/p>\n<p>&nbsp;<\/p>\n","protected":false},"excerpt":{"rendered":"<p>Tras la actividad acad\u00e9mica realizada por el Comit\u00e9 Acad\u00e9mico surgieron una serie de entrevistas que ten\u00edan como objetivo divulgar de forma accesible el trabajo que&#8230;<\/p>\n","protected":false},"author":1,"featured_media":376,"comment_status":"closed","ping_status":"closed","sticky":false,"template":"","format":"standard","meta":{"footnotes":""},"categories":[1],"tags":[],"class_list":["post-352","post","type-post","status-publish","format-standard","has-post-thumbnail","hentry","category-sin-categoria"],"_links":{"self":[{"href":"https:\/\/grupomontevideo.org\/ndca\/caaccesibilidad\/index.php?rest_route=\/wp\/v2\/posts\/352","targetHints":{"allow":["GET"]}}],"collection":[{"href":"https:\/\/grupomontevideo.org\/ndca\/caaccesibilidad\/index.php?rest_route=\/wp\/v2\/posts"}],"about":[{"href":"https:\/\/grupomontevideo.org\/ndca\/caaccesibilidad\/index.php?rest_route=\/wp\/v2\/types\/post"}],"author":[{"embeddable":true,"href":"https:\/\/grupomontevideo.org\/ndca\/caaccesibilidad\/index.php?rest_route=\/wp\/v2\/users\/1"}],"replies":[{"embeddable":true,"href":"https:\/\/grupomontevideo.org\/ndca\/caaccesibilidad\/index.php?rest_route=%2Fwp%2Fv2%2Fcomments&post=352"}],"version-history":[{"count":1,"href":"https:\/\/grupomontevideo.org\/ndca\/caaccesibilidad\/index.php?rest_route=\/wp\/v2\/posts\/352\/revisions"}],"predecessor-version":[{"id":354,"href":"https:\/\/grupomontevideo.org\/ndca\/caaccesibilidad\/index.php?rest_route=\/wp\/v2\/posts\/352\/revisions\/354"}],"wp:featuredmedia":[{"embeddable":true,"href":"https:\/\/grupomontevideo.org\/ndca\/caaccesibilidad\/index.php?rest_route=\/wp\/v2\/media\/376"}],"wp:attachment":[{"href":"https:\/\/grupomontevideo.org\/ndca\/caaccesibilidad\/index.php?rest_route=%2Fwp%2Fv2%2Fmedia&parent=352"}],"wp:term":[{"taxonomy":"category","embeddable":true,"href":"https:\/\/grupomontevideo.org\/ndca\/caaccesibilidad\/index.php?rest_route=%2Fwp%2Fv2%2Fcategories&post=352"},{"taxonomy":"post_tag","embeddable":true,"href":"https:\/\/grupomontevideo.org\/ndca\/caaccesibilidad\/index.php?rest_route=%2Fwp%2Fv2%2Ftags&post=352"}],"curies":[{"name":"wp","href":"https:\/\/api.w.org\/{rel}","templated":true}]}}