{"id":330,"date":"2022-08-09T18:43:34","date_gmt":"2022-08-09T18:43:34","guid":{"rendered":"http:\/\/grupomontevideo.org\/ndca\/caaccesibilidad\/?p=330"},"modified":"2024-08-15T20:18:01","modified_gmt":"2024-08-15T20:18:01","slug":"augm-presenta-publicacion-sobre-politicas-inclusivas","status":"publish","type":"post","link":"https:\/\/grupomontevideo.org\/ndca\/caaccesibilidad\/?p=330","title":{"rendered":"AUGM presenta publicaci\u00f3n sobre pol\u00edticas inclusivas"},"content":{"rendered":"<div id=\"cabeza_single\">\n<p>El pr\u00f3ximo viernes 12 a las 10.30 horas (-3 GMT) por YouTube<\/p>\n<\/div>\n<article id=\"post-15150\" class=\"intro post-15150 noticias type-noticias status-publish has-post-thumbnail hentry categorias_noticias-agenda categorias_noticias-portada_caminador\">\n<header class=\"entry-header\"><\/header>\n<div class=\"entry-content\">\n<p>La presentaci\u00f3n oficial de la publicaci\u00f3n \u201c<em><strong>Pol\u00edticas Inclusivas de Educaci\u00f3n Superior: contribuciones del Comit\u00e9 Acad\u00e9mico de Accesibilidad y Discapacidad de la Asociaci\u00f3n de Universidades del Grupo Montevideo (AUGM)<\/strong><\/em>\u00ab, se concretar\u00e1 el pr\u00f3ximo<strong>\u00a0viernes 12 de agosto a las 10.30 horas (hora de Argentina, -3 GMT).<\/strong><\/p>\n<p>El evento ser\u00e1 virtual y transmitido por el\u00a0<a href=\"https:\/\/www.youtube.com\/user\/UNLvideos\"><strong>canal de YouTube de la Universidad Nacional del Litoral<\/strong><\/a>. La presentaci\u00f3n de esta primera publicaci\u00f3n del Comit\u00e9 Acad\u00e9mico estar\u00e1 a cargo del rector de la Universidad Nacional del Litoral (UNL), Enrique Mammarella, y contar\u00e1 con la presencia de autoridades invitadas de AUGM. Al finalizar, se dar\u00e1 inicio a la conferencia \u201c<em><strong>Pol\u00edticas de inclusi\u00f3n superior: aportes desde el dise\u00f1o universal de aprendizaje<\/strong><\/em>\u201d, a cargo de Silvana Corso.<\/p>\n<p><strong>Sobre la publicaci\u00f3n<\/strong><\/p>\n<p>La misma, cuenta con el sello de Ediciones UNL y\u00a0<strong>re\u00fane 19 art\u00edculos con importantes aportes de especialistas universitarios de diferentes universidades en el marco de pol\u00edticas inclusivas en el nivel superior<\/strong>. Los ejes centrales de la publicaci\u00f3n son las experiencias de gesti\u00f3n en la tem\u00e1tica, las investigaciones y las pr\u00e1cticas pedag\u00f3gicas inclusivas\u00a0 llevadas a cabo en pandemia.<\/p>\n<p>El principal objetivo de las universidades que formaron parte de este trabajo es que se socialicen experiencias de gesti\u00f3n en la tem\u00e1tica de accesibilidad, reflexionar sobre la inclusi\u00f3n educativa en las universidades, generar acciones acad\u00e9micas, que se pueda contribuir al conocimiento cient\u00edfico y, sobre todo, de poder propiciar la consolidaci\u00f3n de la vinculaci\u00f3n de las universidades y las organizaciones de la sociedad que vienen abordando la tem\u00e1tica.<\/p>\n<p>Este arduo trabajo permite no solo divulgar el conocimiento, sino que propone consolidar un espacio pol\u00edtico-acad\u00e9mico con una visi\u00f3n de la accesibilidad y la discapacidad desde una perspectiva de derechos humanos.<\/p>\n<p>Las universidades que son parte de esta publicaci\u00f3n son: de Argentina la Universidad Nacional de Cuyo, Universidad Nacional de Mar del Plata y Universidad Nacional del Litoral; de Brasil UNIFESP Campus Baixada Santista Sao Pablo, Universidade Federal do Paran\u00e1-UFPR y Universidade Estadual Paulista \u201cJ\u00falio de Mesquita Filho\u201d Unesp\/Mar\u00edlia) y de Uruguay la Universidad de la Rep\u00fablica (UDELAR).<\/p>\n<\/div>\n<p><iframe loading=\"lazy\" title=\"Presentaci\u00f3n de la publicaci\u00f3n \u201cPol\u00edticas Inclusivas de Educaci\u00f3nSuperior\u201d\" width=\"470\" height=\"264\" src=\"https:\/\/www.youtube.com\/embed\/lY5SVhZDVaQ?feature=oembed\" frameborder=\"0\" allow=\"accelerometer; autoplay; clipboard-write; encrypted-media; gyroscope; picture-in-picture; web-share\" referrerpolicy=\"strict-origin-when-cross-origin\" allowfullscreen><\/iframe><\/p>\n<\/article>\n","protected":false},"excerpt":{"rendered":"<p>El pr\u00f3ximo viernes 12 a las 10.30 horas (-3 GMT) por YouTube La presentaci\u00f3n oficial de la publicaci\u00f3n \u201cPol\u00edticas Inclusivas de Educaci\u00f3n Superior: contribuciones del&#8230;<\/p>\n","protected":false},"author":1,"featured_media":376,"comment_status":"open","ping_status":"closed","sticky":false,"template":"","format":"standard","meta":{"footnotes":""},"categories":[1],"tags":[],"class_list":["post-330","post","type-post","status-publish","format-standard","has-post-thumbnail","hentry","category-sin-categoria"],"_links":{"self":[{"href":"https:\/\/grupomontevideo.org\/ndca\/caaccesibilidad\/index.php?rest_route=\/wp\/v2\/posts\/330","targetHints":{"allow":["GET"]}}],"collection":[{"href":"https:\/\/grupomontevideo.org\/ndca\/caaccesibilidad\/index.php?rest_route=\/wp\/v2\/posts"}],"about":[{"href":"https:\/\/grupomontevideo.org\/ndca\/caaccesibilidad\/index.php?rest_route=\/wp\/v2\/types\/post"}],"author":[{"embeddable":true,"href":"https:\/\/grupomontevideo.org\/ndca\/caaccesibilidad\/index.php?rest_route=\/wp\/v2\/users\/1"}],"replies":[{"embeddable":true,"href":"https:\/\/grupomontevideo.org\/ndca\/caaccesibilidad\/index.php?rest_route=%2Fwp%2Fv2%2Fcomments&post=330"}],"version-history":[{"count":1,"href":"https:\/\/grupomontevideo.org\/ndca\/caaccesibilidad\/index.php?rest_route=\/wp\/v2\/posts\/330\/revisions"}],"predecessor-version":[{"id":331,"href":"https:\/\/grupomontevideo.org\/ndca\/caaccesibilidad\/index.php?rest_route=\/wp\/v2\/posts\/330\/revisions\/331"}],"wp:featuredmedia":[{"embeddable":true,"href":"https:\/\/grupomontevideo.org\/ndca\/caaccesibilidad\/index.php?rest_route=\/wp\/v2\/media\/376"}],"wp:attachment":[{"href":"https:\/\/grupomontevideo.org\/ndca\/caaccesibilidad\/index.php?rest_route=%2Fwp%2Fv2%2Fmedia&parent=330"}],"wp:term":[{"taxonomy":"category","embeddable":true,"href":"https:\/\/grupomontevideo.org\/ndca\/caaccesibilidad\/index.php?rest_route=%2Fwp%2Fv2%2Fcategories&post=330"},{"taxonomy":"post_tag","embeddable":true,"href":"https:\/\/grupomontevideo.org\/ndca\/caaccesibilidad\/index.php?rest_route=%2Fwp%2Fv2%2Ftags&post=330"}],"curies":[{"name":"wp","href":"https:\/\/api.w.org\/{rel}","templated":true}]}}