{"id":205,"date":"2020-03-09T18:28:34","date_gmt":"2020-03-09T18:28:34","guid":{"rendered":"http:\/\/grupomontevideo.org\/ndca\/caaccesibilidad\/?p=205"},"modified":"2020-03-16T18:36:02","modified_gmt":"2020-03-16T18:36:02","slug":"reunion-2020","status":"publish","type":"post","link":"https:\/\/grupomontevideo.org\/ndca\/caaccesibilidad\/?p=205","title":{"rendered":"Suspendida la Escuela de Verano sobre g\u00e9nero y  la reuni\u00f3n del Comit\u00e9 Acad\u00e9mico Accesibilidad y Discapacidad"},"content":{"rendered":"<p style=\"text-align: justify;\">Fue suspendida hasta nuevo aviso la <a href=\"http:\/\/grupomontevideo.org\/sitio\/noticias\/convocatoria-escuela-de-verano-genero-diversidad-y-politicas-publicas\/\">Escuela de Verano sobre g\u00e9nero, diversidad y pol\u00edticas p\u00fablicas<\/a> que la Asociaci\u00f3n de Universidades Grupo Montevideo (AUGM) llevar\u00eda adelante en la Universidad Nacional de Cuyo (UNCuyo) del 20 al 24 de abril.<\/p>\n<p style=\"text-align: justify;\"><span style=\"font-weight: 400;\">Seg\u00fan comunic\u00f3 la instituci\u00f3n sede, la decisi\u00f3n se sustenta en\u00a0 las medidas preventivas activadas por el<strong><a href=\"http:\/\/www.unidiversidad.com.ar\/la-uncuyo-elaboro-el-protocolo-por-coronavirus\"> Protocolo de Prevenci\u00f3n Epidemiol\u00f3gica<\/a> creado por la Facultad de Ciencias M\u00e9dicas UNCuyo<\/strong> para evitar la propagaci\u00f3n del COVID-19.<\/span><\/p>\n<p style=\"text-align: justify;\"><span style=\"font-weight: 400;\">La Escuela est\u00e1 dirigida a estudiantes de grado, posgrado y\/o docentes que no conozcan la perspectiva, y busca abordar asuntos de g\u00e9nero, diversidad y pol\u00edticas p\u00fablicas en un espacio de encuentro e intercambio horizontal en el marco de diferentes talleres.<\/span><\/p>\n<p style=\"text-align: justify;\"><span style=\"font-weight: 400;\">Tambi\u00e9n fue suspendida de forma presencial la<a href=\"http:\/\/grupomontevideo.org\/sitio\/noticias\/reunion-del-comite-academico-accesibilidad-y-discapacidad-2\/\"> reuni\u00f3n del Comit\u00e9 Acad\u00e9mico Accesibilidad y Discapacidad<\/a> fijado para el 21 y 22 de mayo en la UNCuyo.<\/span><\/p>\n","protected":false},"excerpt":{"rendered":"<p>Fue suspendida hasta nuevo aviso la Escuela de Verano sobre g\u00e9nero, diversidad y pol\u00edticas p\u00fablicas que la Asociaci\u00f3n de Universidades Grupo Montevideo (AUGM) llevar\u00eda adelante&#8230;<\/p>\n","protected":false},"author":1,"featured_media":206,"comment_status":"open","ping_status":"closed","sticky":false,"template":"","format":"standard","meta":{"footnotes":""},"categories":[1],"tags":[],"class_list":["post-205","post","type-post","status-publish","format-standard","has-post-thumbnail","hentry","category-sin-categoria"],"_links":{"self":[{"href":"https:\/\/grupomontevideo.org\/ndca\/caaccesibilidad\/index.php?rest_route=\/wp\/v2\/posts\/205","targetHints":{"allow":["GET"]}}],"collection":[{"href":"https:\/\/grupomontevideo.org\/ndca\/caaccesibilidad\/index.php?rest_route=\/wp\/v2\/posts"}],"about":[{"href":"https:\/\/grupomontevideo.org\/ndca\/caaccesibilidad\/index.php?rest_route=\/wp\/v2\/types\/post"}],"author":[{"embeddable":true,"href":"https:\/\/grupomontevideo.org\/ndca\/caaccesibilidad\/index.php?rest_route=\/wp\/v2\/users\/1"}],"replies":[{"embeddable":true,"href":"https:\/\/grupomontevideo.org\/ndca\/caaccesibilidad\/index.php?rest_route=%2Fwp%2Fv2%2Fcomments&post=205"}],"version-history":[{"count":2,"href":"https:\/\/grupomontevideo.org\/ndca\/caaccesibilidad\/index.php?rest_route=\/wp\/v2\/posts\/205\/revisions"}],"predecessor-version":[{"id":208,"href":"https:\/\/grupomontevideo.org\/ndca\/caaccesibilidad\/index.php?rest_route=\/wp\/v2\/posts\/205\/revisions\/208"}],"wp:featuredmedia":[{"embeddable":true,"href":"https:\/\/grupomontevideo.org\/ndca\/caaccesibilidad\/index.php?rest_route=\/wp\/v2\/media\/206"}],"wp:attachment":[{"href":"https:\/\/grupomontevideo.org\/ndca\/caaccesibilidad\/index.php?rest_route=%2Fwp%2Fv2%2Fmedia&parent=205"}],"wp:term":[{"taxonomy":"category","embeddable":true,"href":"https:\/\/grupomontevideo.org\/ndca\/caaccesibilidad\/index.php?rest_route=%2Fwp%2Fv2%2Fcategories&post=205"},{"taxonomy":"post_tag","embeddable":true,"href":"https:\/\/grupomontevideo.org\/ndca\/caaccesibilidad\/index.php?rest_route=%2Fwp%2Fv2%2Ftags&post=205"}],"curies":[{"name":"wp","href":"https:\/\/api.w.org\/{rel}","templated":true}]}}