{"id":185,"date":"2019-09-06T16:38:27","date_gmt":"2019-09-06T16:38:27","guid":{"rendered":"http:\/\/grupomontevideo.org\/ndca\/caaccesibilidad\/?p=185"},"modified":"2019-10-11T15:15:32","modified_gmt":"2019-10-11T15:15:32","slug":"reunion-del-comite-academico-2019","status":"publish","type":"post","link":"https:\/\/grupomontevideo.org\/ndca\/caaccesibilidad\/?p=185","title":{"rendered":"Reuni\u00f3n del Comit\u00e9 Acad\u00e9mico 2019"},"content":{"rendered":"<p align=\"justify\">La pr\u00f3xima reuni\u00f3n del Comit\u00e9 Acad\u00e9mico Accesibilidad y Discapacidad se realizar\u00e1 <strong>entre los d\u00edas 30 de octubre y 1 de noviembre<\/strong>, a las 10.00hs, en el Rectorado de la <strong>Universidad Nacional del Litoral<\/strong>, Santa Fe, Argentina (BV Pellegrini 2750, sal\u00f3n Ateneo). el Rectorado Dicha reuni\u00f3n se realizar\u00e1 conjuntamente con la \u00ab1\u00b0 Jornada internacional desde una perspectiva inclusiva: la mirada de la Universidad del centenario\u00bb, organizada por el \u00c1rea de Inclusi\u00f3n de la Secretar\u00eda de Bienestar, Salud y Calidad de Vida de la Universidad Nacional del Litoral. La misma contar\u00e1 con la participaci\u00f3n de especialistas de reconocimiento nacional e internacional en la tem\u00e1tica de inclusi\u00f3n educativa y est\u00e1 organizada en paneles, debates, workshop y conferencias centrales.<\/p>\n<p align=\"justify\">M\u00e1s informaci\u00f3n <a href=\"https:\/\/www.unl.edu.ar\/agenda\/index.php?act=showEvento&amp;id=22887&amp;fbclid=IwAR0DeJFYNyOhxLWzp9Mxyu0ML3-AQjNj4zrQwmC9M8lopeD0-GDvweSbXNc\">aqu\u00ed<\/a><\/p>\n<p align=\"justify\">Orden del d\u00eda preliminar de la reuni\u00f3n del CA:<\/p>\n<p>&#8211; Puesta a punto de Investigaciones sobre inclusi\u00f3n educativa Universitaria.<br \/>\n&#8211; Intercambio de sugerencias sobre criterios de accesibilidad a las convocatorias de AUGM.<br \/>\n&#8211; Avances de la publicaci\u00f3n\/compilado de universidades participantes y de sus experiencias de inclusi\u00f3n y accesibilidad<\/p>\n<p>&nbsp;<\/p>\n<p>&nbsp;<\/p>\n","protected":false},"excerpt":{"rendered":"<p>La pr\u00f3xima reuni\u00f3n del Comit\u00e9 Acad\u00e9mico Accesibilidad y Discapacidad se realizar\u00e1 entre los d\u00edas 30 de octubre y 1 de noviembre, a las 10.00hs, en&#8230;<\/p>\n","protected":false},"author":1,"featured_media":189,"comment_status":"open","ping_status":"closed","sticky":false,"template":"","format":"standard","meta":{"footnotes":""},"categories":[1],"tags":[],"class_list":["post-185","post","type-post","status-publish","format-standard","has-post-thumbnail","hentry","category-sin-categoria"],"_links":{"self":[{"href":"https:\/\/grupomontevideo.org\/ndca\/caaccesibilidad\/index.php?rest_route=\/wp\/v2\/posts\/185","targetHints":{"allow":["GET"]}}],"collection":[{"href":"https:\/\/grupomontevideo.org\/ndca\/caaccesibilidad\/index.php?rest_route=\/wp\/v2\/posts"}],"about":[{"href":"https:\/\/grupomontevideo.org\/ndca\/caaccesibilidad\/index.php?rest_route=\/wp\/v2\/types\/post"}],"author":[{"embeddable":true,"href":"https:\/\/grupomontevideo.org\/ndca\/caaccesibilidad\/index.php?rest_route=\/wp\/v2\/users\/1"}],"replies":[{"embeddable":true,"href":"https:\/\/grupomontevideo.org\/ndca\/caaccesibilidad\/index.php?rest_route=%2Fwp%2Fv2%2Fcomments&post=185"}],"version-history":[{"count":5,"href":"https:\/\/grupomontevideo.org\/ndca\/caaccesibilidad\/index.php?rest_route=\/wp\/v2\/posts\/185\/revisions"}],"predecessor-version":[{"id":196,"href":"https:\/\/grupomontevideo.org\/ndca\/caaccesibilidad\/index.php?rest_route=\/wp\/v2\/posts\/185\/revisions\/196"}],"wp:featuredmedia":[{"embeddable":true,"href":"https:\/\/grupomontevideo.org\/ndca\/caaccesibilidad\/index.php?rest_route=\/wp\/v2\/media\/189"}],"wp:attachment":[{"href":"https:\/\/grupomontevideo.org\/ndca\/caaccesibilidad\/index.php?rest_route=%2Fwp%2Fv2%2Fmedia&parent=185"}],"wp:term":[{"taxonomy":"category","embeddable":true,"href":"https:\/\/grupomontevideo.org\/ndca\/caaccesibilidad\/index.php?rest_route=%2Fwp%2Fv2%2Fcategories&post=185"},{"taxonomy":"post_tag","embeddable":true,"href":"https:\/\/grupomontevideo.org\/ndca\/caaccesibilidad\/index.php?rest_route=%2Fwp%2Fv2%2Ftags&post=185"}],"curies":[{"name":"wp","href":"https:\/\/api.w.org\/{rel}","templated":true}]}}