{"id":124,"date":"2018-05-23T18:23:11","date_gmt":"2018-05-23T18:23:11","guid":{"rendered":"http:\/\/grupomontevideo.org\/ndca\/caaccesibilidad\/?p=124"},"modified":"2025-02-20T14:22:35","modified_gmt":"2025-02-20T14:22:35","slug":"reunion-de-trabajo-del-comite-academico","status":"publish","type":"post","link":"https:\/\/grupomontevideo.org\/ndca\/caaccesibilidad\/?p=124","title":{"rendered":"Reuni\u00f3n de Trabajo del Comit\u00e9 Acad\u00e9mico"},"content":{"rendered":"<p>Se realizar\u00e1 el Jueves 14 de junio de 9.30 a 12.30hs en el Hall de la Pro-Secretar\u00eda de Relaciones Internacionales (PRI), Universidad Nacional de C\u00f3rdoba (UNC).<br \/>\nPabell\u00f3n Argentina. Av. Haya de la Torre s\/n Ciudad Universitaria.<br \/>\nCiudad de C\u00f3rdoba. Argentina.<\/p>\n<p>Reuni\u00f3n Preparatoria (abierta y no obligatoria). Martes 12 de junio de 16.30 a 19.00hs.<br \/>\nSal\u00f3n de Usos M\u00faltiples (SUM) de la Secretar\u00eda de Asuntos Estudiantiles.<br \/>\nUniversidad Nacional de C\u00f3rdoba (UNC).<br \/>\nAv. Filloy s\/n. 1er. Piso.<br \/>\nCiudad Universitaria. Ciudad de C\u00f3rdoba. Argentina.<\/p>\n","protected":false},"excerpt":{"rendered":"<p>Se realizar\u00e1 el Jueves 14 de junio de 9.30 a 12.30hs en el Hall de la Pro-Secretar\u00eda de Relaciones Internacionales (PRI), Universidad Nacional de C\u00f3rdoba&#8230;<\/p>\n","protected":false},"author":1,"featured_media":126,"comment_status":"open","ping_status":"closed","sticky":false,"template":"","format":"standard","meta":{"footnotes":""},"categories":[1],"tags":[],"class_list":["post-124","post","type-post","status-publish","format-standard","has-post-thumbnail","hentry","category-sin-categoria"],"_links":{"self":[{"href":"https:\/\/grupomontevideo.org\/ndca\/caaccesibilidad\/index.php?rest_route=\/wp\/v2\/posts\/124","targetHints":{"allow":["GET"]}}],"collection":[{"href":"https:\/\/grupomontevideo.org\/ndca\/caaccesibilidad\/index.php?rest_route=\/wp\/v2\/posts"}],"about":[{"href":"https:\/\/grupomontevideo.org\/ndca\/caaccesibilidad\/index.php?rest_route=\/wp\/v2\/types\/post"}],"author":[{"embeddable":true,"href":"https:\/\/grupomontevideo.org\/ndca\/caaccesibilidad\/index.php?rest_route=\/wp\/v2\/users\/1"}],"replies":[{"embeddable":true,"href":"https:\/\/grupomontevideo.org\/ndca\/caaccesibilidad\/index.php?rest_route=%2Fwp%2Fv2%2Fcomments&post=124"}],"version-history":[{"count":2,"href":"https:\/\/grupomontevideo.org\/ndca\/caaccesibilidad\/index.php?rest_route=\/wp\/v2\/posts\/124\/revisions"}],"predecessor-version":[{"id":399,"href":"https:\/\/grupomontevideo.org\/ndca\/caaccesibilidad\/index.php?rest_route=\/wp\/v2\/posts\/124\/revisions\/399"}],"wp:featuredmedia":[{"embeddable":true,"href":"https:\/\/grupomontevideo.org\/ndca\/caaccesibilidad\/index.php?rest_route=\/wp\/v2\/media\/126"}],"wp:attachment":[{"href":"https:\/\/grupomontevideo.org\/ndca\/caaccesibilidad\/index.php?rest_route=%2Fwp%2Fv2%2Fmedia&parent=124"}],"wp:term":[{"taxonomy":"category","embeddable":true,"href":"https:\/\/grupomontevideo.org\/ndca\/caaccesibilidad\/index.php?rest_route=%2Fwp%2Fv2%2Fcategories&post=124"},{"taxonomy":"post_tag","embeddable":true,"href":"https:\/\/grupomontevideo.org\/ndca\/caaccesibilidad\/index.php?rest_route=%2Fwp%2Fv2%2Ftags&post=124"}],"curies":[{"name":"wp","href":"https:\/\/api.w.org\/{rel}","templated":true}]}}