{"id":1368,"date":"2022-06-08T13:54:23","date_gmt":"2022-06-08T13:54:23","guid":{"rendered":"http:\/\/grupomontevideo.org\/espo\/?p=1368"},"modified":"2022-06-29T18:01:08","modified_gmt":"2022-06-29T18:01:08","slug":"ca-una","status":"publish","type":"post","link":"https:\/\/grupomontevideo.org\/espo\/ca-una\/","title":{"rendered":"UNA &#8211; CIENCIAS APLICADAS"},"content":{"rendered":"\n<p><strong>CIENCIAS EXACTAS Y NATURALES<\/strong><\/p>\n\n\n\n<figure class=\"wp-block-table\"><table><tbody><tr><td><a href=\"http:\/\/grupomontevideo.org\/espo\/wp-content\/uploads\/2022\/06\/1409569-Andrea-Weiler-Gustafson-.pdf\">Andrea Weiler Gustafson<\/a><\/td><\/tr><tr><td><a href=\"http:\/\/grupomontevideo.org\/espo\/wp-content\/uploads\/2022\/06\/1201621-Karina-Beatriz-Nunez-Goralewski.pdf\">Karina Beatriz N\u00fa\u00f1ez Goralewski<\/a><\/td><\/tr><tr><td><a href=\"http:\/\/grupomontevideo.org\/espo\/wp-content\/uploads\/2022\/06\/1.593.459-Angel-Basilio-Ibanez-Mendoza-.pdf\">\u00c1ngel Basilio Iba\u00f1ez &nbsp;Mendoza<\/a><\/td><\/tr><tr><td><a href=\"http:\/\/grupomontevideo.org\/espo\/wp-content\/uploads\/2022\/06\/3436031-Liz-Agripina-Pena-Franco-.pdf\">Liz Agripina Pe\u00f1a Franco<\/a><\/td><\/tr><tr><td><a href=\"http:\/\/grupomontevideo.org\/espo\/wp-content\/uploads\/2022\/06\/2614587-Fernando-Jose-Mendez-Gaona.pdf\">Fernando Jos\u00e9 M\u00e9ndez Gaona<\/a><\/td><\/tr><tr><td><a href=\"http:\/\/grupomontevideo.org\/espo\/wp-content\/uploads\/2022\/06\/381420-Tomas-Alberto-Rolon-Cabrera-.pdf\">Tom\u00e1s Alberto Rol\u00f3n Cabrera &nbsp;<\/a><\/td><\/tr><tr><td><a href=\"http:\/\/grupomontevideo.org\/espo\/wp-content\/uploads\/2022\/06\/3554349-Gustavo-Adolfo-Gonzalez-Armoa.pdf\">Gustavo Adolfo Gonz\u00e1lez Armoa &nbsp;<\/a><\/td><\/tr><tr><td><a href=\"http:\/\/grupomontevideo.org\/espo\/wp-content\/uploads\/2022\/06\/3409974-Tomas-Rodrigo-Lopez-Arias.pdf\">Tom\u00e1s Rodrigo L\u00f3pez Arias &nbsp;<\/a><\/td><\/tr><tr><td><a href=\"http:\/\/grupomontevideo.org\/espo\/wp-content\/uploads\/2022\/06\/1973878-Andrea-Alejandra-Arrua-Widmer-.pdf\">Andrea Arr\u00faa &nbsp;<\/a><\/td><\/tr><tr><td><a href=\"http:\/\/grupomontevideo.org\/espo\/wp-content\/uploads\/2022\/06\/3847185-Cinthia-Carolina-Cazal-Martinez-.pdf\">Cinthia Carolina Cazal Mart\u00ednez<\/a><\/td><\/tr><tr><td><a href=\"http:\/\/grupomontevideo.org\/espo\/wp-content\/uploads\/2022\/06\/3761383-Silverio-Andres-Quintana-Arrua-.pdf\">Silverio Andr\u00e9s Quintana Arr\u00faa<\/a><\/td><\/tr><tr><td><a href=\"http:\/\/grupomontevideo.org\/espo\/wp-content\/uploads\/2022\/06\/2955172-Gilberto-Antonio-Benitez-Rodas-.pdf\">Gilberto Antonio Ben\u00edtez Rodas <\/a>&nbsp;<\/td><\/tr><tr><td><a href=\"http:\/\/grupomontevideo.org\/espo\/wp-content\/uploads\/2022\/06\/1696130-Danilo-Fernandez-Rios-.pdf\">Danilo Fern\u00e1ndez R\u00edos<\/a><\/td><\/tr><tr><td><a href=\"http:\/\/grupomontevideo.org\/espo\/wp-content\/uploads\/2022\/06\/3711354-Walter-J.-Sandoval-Espinola-.pdf\">Walter Sandoval Esp\u00ednola<\/a> &nbsp;<\/td><\/tr><tr><td><a href=\"http:\/\/grupomontevideo.org\/espo\/wp-content\/uploads\/2022\/06\/2425172-Ramona-Florencia-del-Puerto-Rodas-.pdf\">Ramona Florencia Del Puerto Rodas &nbsp;<\/a><\/td><\/tr><tr><td><a href=\"http:\/\/grupomontevideo.org\/espo\/wp-content\/uploads\/2022\/06\/3861563-Julio-Cesar-Barrios-Leiva.pdf\">Julio C\u00e9sar Barrios Leiva &nbsp;<\/a><\/td><\/tr><tr><td><a href=\"http:\/\/grupomontevideo.org\/espo\/wp-content\/uploads\/2022\/06\/2181156-Vicente-Javier-Martinez-Bruyn.pdf\">Vicente Javier Mart\u00ednez Bruyn &nbsp;<\/a><\/td><\/tr><tr><td><a href=\"http:\/\/grupomontevideo.org\/espo\/wp-content\/uploads\/2022\/06\/2927933-Sonia-Mabel-Molinas-Ruiz-Diaz.pdf\">Sonia Mabel Molinas Ruiz D\u00edaz<\/a><\/td><\/tr><tr><td><a href=\"http:\/\/grupomontevideo.org\/espo\/wp-content\/uploads\/2022\/06\/988907-Alfredo-Ramon-Leguizamon-Ortiz-.pdf\">Alfredo Ram\u00f3n Leguizam\u00f3n Ortiz<\/a><\/td><\/tr><tr><td><a href=\"http:\/\/grupomontevideo.org\/espo\/wp-content\/uploads\/2022\/06\/2900110-Francisco-Paulo-Ferreira-Benitez-.pdf\">Francisco Paulo Ferreira Ben\u00edtez<\/a><\/td><\/tr><tr><td><a href=\"http:\/\/grupomontevideo.org\/espo\/wp-content\/uploads\/2022\/06\/3618227-Sergio-Gabriel-Rodriguez-Bonet-.pdf\">Sergio Rodr\u00edguez Bonet<\/a><\/td><\/tr><tr><td><a href=\"http:\/\/grupomontevideo.org\/espo\/wp-content\/uploads\/2022\/06\/2893123-Rossana-Victoria-Benitez-Franco.pdf\">Rossana Victoria Ben\u00edtez Franco<\/a><\/td><\/tr><tr><td><a href=\"http:\/\/grupomontevideo.org\/espo\/wp-content\/uploads\/2022\/06\/3249199-Julio-Cesar-Benitez-Villalba.pdf\">Julio C\u00e9sar Ben\u00edtez Villalba<\/a><\/td><\/tr><\/tbody><\/table><\/figure>\n\n\n\n<p><strong>CIENCIAS AGRARIAS<\/strong><\/p>\n\n\n\n<p><a href=\"http:\/\/grupomontevideo.org\/espo\/wp-content\/uploads\/2022\/06\/2105699-Stella-Mary-Amarilla-Rodriguez.pdf\">Stella Mary Amarilla Rodr\u00edguez<\/a><\/p>\n\n\n\n<p><a href=\"http:\/\/grupomontevideo.org\/espo\/wp-content\/uploads\/2022\/06\/3495423-Marcela-Beatriz-Ayala-Benitez-.pdf\">Marcela Beatriz Ayala Ben\u00edtez<\/a><\/p>\n\n\n\n<p><\/p>\n\n\n\n<p><strong>CIENCIAS QU\u00cdMICAS<\/strong><\/p>\n\n\n\n<p><a href=\"http:\/\/grupomontevideo.org\/espo\/wp-content\/uploads\/2022\/06\/1707883-Michel-Osvaldo-Galeano-Espinola.pdf\">Michel Osvaldo Galeano Esp\u00ednola<\/a><\/p>\n\n\n\n<p><a href=\"http:\/\/grupomontevideo.org\/espo\/wp-content\/uploads\/2022\/06\/Aguilar-Rabito-Ana-Carolina.pdf\">Ana Carolina Aguilar Rabito<\/a><\/p>\n\n\n\n<p><a href=\"http:\/\/grupomontevideo.org\/espo\/wp-content\/uploads\/2022\/06\/CV-Prof-Nora-Gimenez.pdf\">Nora Gim\u00e9nez<\/a><\/p>\n\n\n\n<p><a href=\"http:\/\/grupomontevideo.org\/espo\/wp-content\/uploads\/2022\/06\/CVPY-Gladys-Lugo_FCQ_UNA.pdf\">Gladys Lugo<\/a><\/p>\n\n\n\n<p><\/p>\n\n\n\n<p><strong>POLIT\u00c9CNICA<\/strong><\/p>\n\n\n\n<p><a href=\"http:\/\/grupomontevideo.org\/espo\/wp-content\/uploads\/2022\/06\/01-Emilce-Sena.pdf\">Emilce Sena<\/a><\/p>\n\n\n\n<p><a href=\"http:\/\/grupomontevideo.org\/espo\/wp-content\/uploads\/2022\/06\/02-Jose-Riveros.pdf\">Jos\u00e9 Riveros<\/a><\/p>\n\n\n\n<p><a href=\"http:\/\/grupomontevideo.org\/espo\/wp-content\/uploads\/2022\/06\/03-Cesar-Yegros.pdf\">C\u00e9sar Yegros<\/a><\/p>\n\n\n\n<p><a href=\"http:\/\/grupomontevideo.org\/espo\/wp-content\/uploads\/2022\/06\/04-Mariana-Caceres.pdf\">Mariana C\u00e1ceres<\/a><\/p>\n","protected":false},"excerpt":{"rendered":"<p>CIENCIAS EXACTAS Y NATURALES Andrea Weiler Gustafson Karina Beatriz N\u00fa\u00f1ez Goralewski \u00c1ngel Basilio Iba\u00f1ez &nbsp;Mendoza Liz Agripina Pe\u00f1a Franco Fernando Jos\u00e9 M\u00e9ndez Gaona Tom\u00e1s Alberto Rol\u00f3n Cabrera &nbsp; Gustavo Adolfo Gonz\u00e1lez Armoa &nbsp; Tom\u00e1s Rodrigo L\u00f3pez Arias &nbsp; Andrea Arr\u00faa &nbsp; Cinthia Carolina Cazal Mart\u00ednez Silverio Andr\u00e9s Quintana Arr\u00faa Gilberto Antonio Ben\u00edtez Rodas &nbsp; Danilo [&hellip;]<\/p>\n","protected":false},"author":39,"featured_media":0,"comment_status":"closed","ping_status":"closed","sticky":false,"template":"","format":"standard","meta":{"footnotes":""},"categories":[1],"tags":[],"class_list":["post-1368","post","type-post","status-publish","format-standard","hentry","category-sin-categoria"],"_links":{"self":[{"href":"https:\/\/grupomontevideo.org\/espo\/wp-json\/wp\/v2\/posts\/1368","targetHints":{"allow":["GET"]}}],"collection":[{"href":"https:\/\/grupomontevideo.org\/espo\/wp-json\/wp\/v2\/posts"}],"about":[{"href":"https:\/\/grupomontevideo.org\/espo\/wp-json\/wp\/v2\/types\/post"}],"author":[{"embeddable":true,"href":"https:\/\/grupomontevideo.org\/espo\/wp-json\/wp\/v2\/users\/39"}],"replies":[{"embeddable":true,"href":"https:\/\/grupomontevideo.org\/espo\/wp-json\/wp\/v2\/comments?post=1368"}],"version-history":[{"count":15,"href":"https:\/\/grupomontevideo.org\/espo\/wp-json\/wp\/v2\/posts\/1368\/revisions"}],"predecessor-version":[{"id":1536,"href":"https:\/\/grupomontevideo.org\/espo\/wp-json\/wp\/v2\/posts\/1368\/revisions\/1536"}],"wp:attachment":[{"href":"https:\/\/grupomontevideo.org\/espo\/wp-json\/wp\/v2\/media?parent=1368"}],"wp:term":[{"taxonomy":"category","embeddable":true,"href":"https:\/\/grupomontevideo.org\/espo\/wp-json\/wp\/v2\/categories?post=1368"},{"taxonomy":"post_tag","embeddable":true,"href":"https:\/\/grupomontevideo.org\/espo\/wp-json\/wp\/v2\/tags?post=1368"}],"curies":[{"name":"wp","href":"https:\/\/api.w.org\/{rel}","templated":true}]}}