{"id":1262,"date":"2022-03-28T11:57:39","date_gmt":"2022-03-28T11:57:39","guid":{"rendered":"http:\/\/grupomontevideo.org\/espo\/?page_id=1262"},"modified":"2023-08-31T14:09:28","modified_gmt":"2023-08-31T14:09:28","slug":"ca-unsl","status":"publish","type":"post","link":"https:\/\/grupomontevideo.org\/espo\/ca-unsl\/","title":{"rendered":"UNSL &#8211; CIENCIAS APLICADAS"},"content":{"rendered":"\n<ul class=\"wp-block-list\"><li><a href=\"http:\/\/grupomontevideo.org\/espo\/wp-content\/uploads\/2023\/08\/BEPg-ANDRADA-UNSL.pdf\">Nora Andrada<\/a><\/li><li><a href=\"http:\/\/grupomontevideo.org\/espo\/wp-content\/uploads\/2023\/08\/BEPg-ARANDA-UNSL.pdf\">Jael Aranda<\/a><\/li><li><a href=\"http:\/\/grupomontevideo.org\/espo\/wp-content\/uploads\/2023\/08\/BEPg-AVILA-UNSL.pdf\">Mar\u00eda Cecilia \u00c1vila<\/a><\/li><li><a href=\"http:\/\/grupomontevideo.org\/espo\/wp-content\/uploads\/2023\/08\/BEPg-CAMPDERROS-UNSL.pdf\">Mercedes Campderros<\/a><\/li><li><a href=\"http:\/\/grupomontevideo.org\/espo\/wp-content\/uploads\/2023\/08\/BEPg-BAIGORRIA-FERNANDEZ-UNSL.pdf\">Lorena Baigorria Fern\u00e1ndez<\/a><\/li><li><a href=\"http:\/\/grupomontevideo.org\/espo\/wp-content\/uploads\/2023\/08\/BEPg-BARBOSA-UNSL.pdf\">Osvaldo Andres Barbosa<\/a><\/li><li><a href=\"http:\/\/grupomontevideo.org\/espo\/wp-content\/uploads\/2023\/08\/BEPg-BORGO-UNSL.pdf\">Mari\u00e1ngeles Borgo<\/a><\/li><li><a href=\"http:\/\/grupomontevideo.org\/espo\/wp-content\/uploads\/2023\/08\/BEPg-DEL-VITTO-UNSL.pdf\">Luis Del Vitto<\/a><\/li><li><a href=\"http:\/\/grupomontevideo.org\/espo\/wp-content\/uploads\/2023\/08\/BEPg-FERNANDEZ-BELMONTE-UNSL.pdf\">Mar\u00eda C. Fern\u00e1ndez Belmonte<\/a><\/li><li><a href=\"http:\/\/grupomontevideo.org\/espo\/wp-content\/uploads\/2023\/08\/BEPg-GARBERO-UNSL.pdf\">Marisa Garbero<\/a><\/li><li><a href=\"http:\/\/grupomontevideo.org\/espo\/wp-content\/uploads\/2023\/08\/BEPg-GARIS-UNSL.pdf\">Ana Garis<\/a><\/li><li><a href=\"http:\/\/grupomontevideo.org\/espo\/wp-content\/uploads\/2023\/08\/BEPg-GIL-COSTA-UNSL.pdf\">G. Ver\u00f3nica Gil-Costa<\/a><\/li><li><a href=\"http:\/\/grupomontevideo.org\/espo\/wp-content\/uploads\/2023\/08\/BEPg-HELLMERS-UNSL.pdf\">Mar\u00eda M. Hellmers<\/a><\/li><li><a href=\"http:\/\/grupomontevideo.org\/espo\/wp-content\/uploads\/2023\/08\/BEPg-HERRERA-UNSL.pdf\">Norma Herrera<\/a><\/li><li><a href=\"http:\/\/grupomontevideo.org\/espo\/wp-content\/uploads\/2023\/08\/BEPg-IRIARTE-UNSL.pdf\">Mar\u00eda E. Iriarte<\/a><\/li><li><a href=\"http:\/\/grupomontevideo.org\/espo\/wp-content\/uploads\/2023\/08\/BEPg-LEPORATI-UNSL.pdf\">Jorge Leporati<\/a><\/li><li><a href=\"http:\/\/grupomontevideo.org\/espo\/wp-content\/uploads\/2023\/08\/BEPg-MERINO-UNSL.pdf\">Nora Andrea Merino<\/a><\/li><li><a href=\"http:\/\/grupomontevideo.org\/espo\/wp-content\/uploads\/2023\/08\/BEPg-MORALES-UNSL.pdf\">Mar\u00eda Roxana Morales<\/a><\/li><li><a href=\"http:\/\/grupomontevideo.org\/espo\/wp-content\/uploads\/2023\/08\/BEPg-OCAN\u0303O-UNSL.pdf\">Sonia Fabiana Oca\u00f1o<\/a><\/li><li><a href=\"http:\/\/grupomontevideo.org\/espo\/wp-content\/uploads\/2023\/08\/BEPg-PAEZ-UNSL.pdf\">M\u00f3nica P\u00e1ez<\/a><\/li><li><a href=\"http:\/\/grupomontevideo.org\/espo\/wp-content\/uploads\/2023\/08\/BEPg-PEREPELIZIN-UNSL.pdf\">Pablo Perepelizin<\/a><\/li><li><a href=\"http:\/\/grupomontevideo.org\/espo\/wp-content\/uploads\/2023\/08\/BEPg-PETENATTI-UNSL.pdf\">Elisa Petenatti<\/a><\/li><li><a href=\"http:\/\/grupomontevideo.org\/espo\/wp-content\/uploads\/2023\/08\/BEPg-PICCOLI-UNSL.pdf\">Mar\u00eda F. Piccoli<\/a><\/li><li><a href=\"http:\/\/grupomontevideo.org\/espo\/wp-content\/uploads\/2023\/08\/BEPg-E-QUIROGA-UNSL.pdf\">Evelina Quiroga<\/a><\/li><li><a href=\"http:\/\/grupomontevideo.org\/espo\/wp-content\/uploads\/2023\/08\/BEPg-REYES-UNSL.pdf\">Nora Reyes<\/a><\/li><li><a href=\"http:\/\/grupomontevideo.org\/espo\/wp-content\/uploads\/2023\/08\/BEPg-SOSA-UNSL.pdf\">Laura Raquel Sosa<\/a><\/li><li><a href=\"http:\/\/grupomontevideo.org\/espo\/wp-content\/uploads\/2023\/08\/BEPg-TEVES-UNSL.pdf\">Mauricio Teves<\/a><\/li><li><a href=\"http:\/\/grupomontevideo.org\/espo\/wp-content\/uploads\/2023\/08\/BEPg-VASQUEZ-UNSL.pdf\">Miriam V\u00e1squez G\u00f3mez<\/a><\/li><li><a href=\"http:\/\/grupomontevideo.org\/espo\/wp-content\/uploads\/2023\/08\/BEPg-VERDES-UNSL.pdf\">Patricia Verdes<\/a><\/li><\/ul>\n","protected":false},"excerpt":{"rendered":"<p>Nora Andrada Jael Aranda Mar\u00eda Cecilia \u00c1vila Mercedes Campderros Lorena Baigorria Fern\u00e1ndez Osvaldo Andres Barbosa Mari\u00e1ngeles Borgo Luis Del Vitto Mar\u00eda C. Fern\u00e1ndez Belmonte Marisa Garbero Ana Garis G. Ver\u00f3nica Gil-Costa Mar\u00eda M. Hellmers Norma Herrera Mar\u00eda E. Iriarte Jorge Leporati Nora Andrea Merino Mar\u00eda Roxana Morales Sonia Fabiana Oca\u00f1o M\u00f3nica P\u00e1ez Pablo Perepelizin Elisa [&hellip;]<\/p>\n","protected":false},"author":13,"featured_media":0,"comment_status":"closed","ping_status":"closed","sticky":false,"template":"","format":"standard","meta":{"footnotes":""},"categories":[1],"tags":[],"class_list":["post-1262","post","type-post","status-publish","format-standard","hentry","category-sin-categoria"],"_links":{"self":[{"href":"https:\/\/grupomontevideo.org\/espo\/wp-json\/wp\/v2\/posts\/1262","targetHints":{"allow":["GET"]}}],"collection":[{"href":"https:\/\/grupomontevideo.org\/espo\/wp-json\/wp\/v2\/posts"}],"about":[{"href":"https:\/\/grupomontevideo.org\/espo\/wp-json\/wp\/v2\/types\/post"}],"author":[{"embeddable":true,"href":"https:\/\/grupomontevideo.org\/espo\/wp-json\/wp\/v2\/users\/13"}],"replies":[{"embeddable":true,"href":"https:\/\/grupomontevideo.org\/espo\/wp-json\/wp\/v2\/comments?post=1262"}],"version-history":[{"count":8,"href":"https:\/\/grupomontevideo.org\/espo\/wp-json\/wp\/v2\/posts\/1262\/revisions"}],"predecessor-version":[{"id":3662,"href":"https:\/\/grupomontevideo.org\/espo\/wp-json\/wp\/v2\/posts\/1262\/revisions\/3662"}],"wp:attachment":[{"href":"https:\/\/grupomontevideo.org\/espo\/wp-json\/wp\/v2\/media?parent=1262"}],"wp:term":[{"taxonomy":"category","embeddable":true,"href":"https:\/\/grupomontevideo.org\/espo\/wp-json\/wp\/v2\/categories?post=1262"},{"taxonomy":"post_tag","embeddable":true,"href":"https:\/\/grupomontevideo.org\/espo\/wp-json\/wp\/v2\/tags?post=1262"}],"curies":[{"name":"wp","href":"https:\/\/api.w.org\/{rel}","templated":true}]}}