{"id":1201,"date":"2022-03-28T11:40:44","date_gmt":"2022-03-28T11:40:44","guid":{"rendered":"http:\/\/grupomontevideo.org\/espo\/?page_id=1201"},"modified":"2023-10-18T20:40:58","modified_gmt":"2023-10-18T20:40:58","slug":"ca-unne","status":"publish","type":"post","link":"https:\/\/grupomontevideo.org\/espo\/ca-unne\/","title":{"rendered":"UNNE &#8211; CIENCIAS APLICADAS"},"content":{"rendered":"\n<p><a href=\"https:\/\/drive.google.com\/file\/d\/1bjD4TmmBaCXZFU5lpiMg0aOnI1IEAsDu\/view\">Jorge Alfredo Alberto<\/a><\/p>\n\n\n\n<p><a href=\"http:\/\/grupomontevideo.org\/espo\/wp-content\/uploads\/2023\/10\/CVar_Alias-RESUMIDO_27237426458.pdf\">Herminia Mar\u00eda Al\u00edas<\/a><\/p>\n\n\n\n<p><a href=\"http:\/\/grupomontevideo.org\/espo\/wp-content\/uploads\/2023\/10\/CV_ORG_1_CV-ARGENTINO-COMPLETO_27111471385-Auchter-2023.pdf\">M\u00f3nica Cristina Auchter<\/a><\/p>\n\n\n\n<p><a href=\"http:\/\/grupomontevideo.org\/espo\/wp-content\/uploads\/2023\/10\/CV-Aldo-Bernardis-2023.pdf\">Aldo Ceferino Bernardis<\/a><\/p>\n\n\n\n<p><a href=\"http:\/\/grupomontevideo.org\/espo\/wp-content\/uploads\/2023\/10\/CV_Maria-Rosenda-Britos.pdf\">Mar\u00eda Rosenda Britos<\/a><\/p>\n\n\n\n<p><a href=\"http:\/\/grupomontevideo.org\/espo\/wp-content\/uploads\/2023\/10\/CVAr-Burgos-2022.pdf\">Carlos Eduardo Burgos<\/a><\/p>\n\n\n\n<p><a href=\"http:\/\/grupomontevideo.org\/espo\/wp-content\/uploads\/2023\/10\/Curriculum-vitae-Cynthia-Caramello-2022.pdf\">Cynthia Soledad Caramello<\/a><\/p>\n\n\n\n<p><a href=\"http:\/\/grupomontevideo.org\/espo\/wp-content\/uploads\/2023\/10\/CurriculumVitae-SIGEVA-CONICET.-Casco.pdf\">Sylvina Lorena Casco<\/a><\/p>\n\n\n\n<p><a href=\"http:\/\/grupomontevideo.org\/espo\/wp-content\/uploads\/2023\/10\/CVar-Cesana-Bernasconi_resumido.pdf\">M\u00f3nica In\u00e9s Cesana Bernasconi<\/a><\/p>\n\n\n\n<p><a href=\"http:\/\/grupomontevideo.org\/espo\/wp-content\/uploads\/2023\/10\/CV-Antonio-Humberto-Closas.pdf\">Antonio Humberto Closas<\/a><\/p>\n\n\n\n<p><a href=\"https:\/\/drive.google.com\/file\/d\/1b9Gr_eVhJji6_1Tjyp7KOoZWher7B56S\/view\">F\u00e9lix Ignacio Contreras<\/a><\/p>\n\n\n\n<p><a href=\"http:\/\/grupomontevideo.org\/espo\/wp-content\/uploads\/2023\/10\/CV_Contreras__S.docx.pdf\">Silvina Andrea Contreras<\/a><\/p>\n\n\n\n<p><a href=\"https:\/\/drive.google.com\/file\/d\/1FOptduEy5pxI2t1vp2Y7_qxpyRlK0deH\/view\">Rub\u00e9n Edgar Corval\u00e1n<\/a><\/p>\n\n\n\n<p><a href=\"https:\/\/drive.google.com\/file\/d\/15S-Tw-AGJmh4Lk4sv48zAEOnb_Tje0uF\/view\">Gladys Noem\u00ed Dapozo<\/a><\/p>\n\n\n\n<p><a href=\"https:\/\/drive.google.com\/file\/d\/1D2_m_vBWKE2-oJs1_xCJLyD-RCNe4HT2\/view\">Mario Ra\u00fal Delfino<\/a><\/p>\n\n\n\n<p><a href=\"http:\/\/grupomontevideo.org\/espo\/wp-content\/uploads\/2023\/10\/2023-CV-Profesora-DURAND-ROSA-SANDRA-UV-Septiembre.pdf\">Rosa Sandra Durand<\/a><\/p>\n\n\n\n<p><a href=\"http:\/\/grupomontevideo.org\/espo\/wp-content\/uploads\/2023\/10\/CV-Francisco-Espinoza-2023.pdf\">Francisco Espinoza<\/a><\/p>\n\n\n\n<p><a href=\"http:\/\/grupomontevideo.org\/espo\/wp-content\/uploads\/2023\/10\/CV_ORG_1_CV-ARGENTINO-COMPLETO_27300241250-20-9-Forlin.pdf\">Gisela Lucila Forlin<\/a><\/p>\n\n\n\n<p><a href=\"https:\/\/drive.google.com\/file\/d\/1kwOibtWXmGjmFy8yAQYb_F4riyv6grtA\/view?usp=drive_link\">Rosana Gerometta<\/a><\/p>\n\n\n\n<p><a href=\"https:\/\/drive.google.com\/file\/d\/19gMSNS7l2x7N-6qiydg7lEhKLW8gAUqd\/view\">Romina Bel\u00e9n Gonz\u00e1lez<\/a><\/p>\n\n\n\n<p><a href=\"http:\/\/grupomontevideo.org\/espo\/wp-content\/uploads\/2023\/10\/CVAr-JLK-2023.pdf\">Jos\u00e9 Luis Konrad<\/a><\/p>\n\n\n\n<p><a href=\"http:\/\/grupomontevideo.org\/espo\/wp-content\/uploads\/2023\/10\/CV-La-Red-Martinez-Formato-CONICET-a-Enero-2023.pdf\">David Luis La Red Mart\u00ednez<\/a><\/p>\n\n\n\n<p><a href=\"http:\/\/grupomontevideo.org\/espo\/wp-content\/uploads\/2023\/10\/cv-Sonia-Marino.pdf\">Sonia Itati Mari\u00f1o<\/a><\/p>\n\n\n\n<p><a href=\"https:\/\/drive.google.com\/file\/d\/1JD0xb04-ULP5SWHSdY6tCcDs8-u2ARlQ\/view\">Mar\u00eda Patricia Mari\u00f1o<\/a><\/p>\n\n\n\n<p><a href=\"http:\/\/grupomontevideo.org\/espo\/wp-content\/uploads\/2023\/10\/CV-Melana-Pablo-docencia-actualizado-el-08_09_23.pdf\">Juan Pablo Melana Colavita<\/a><\/p>\n\n\n\n<p><a href=\"http:\/\/grupomontevideo.org\/espo\/wp-content\/uploads\/2023\/10\/CV_ORG_1_CV-ARGENTINO-COMPLETO_27229370133-Melis.pdf\">Ingrid Geraldine Melis<\/a><\/p>\n\n\n\n<p><a href=\"http:\/\/grupomontevideo.org\/espo\/wp-content\/uploads\/2023\/10\/CVAR-Milano-septiembre-23.pdf\">Alicia Mar\u00eda Francisca Milano<\/a><\/p>\n\n\n\n<p><a href=\"http:\/\/grupomontevideo.org\/espo\/wp-content\/uploads\/2023\/10\/Natalini-CV-Curribr2023_1.pdf\">Bruno Natalini<\/a><\/p>\n\n\n\n<p><a href=\"http:\/\/grupomontevideo.org\/espo\/wp-content\/uploads\/2023\/10\/REY-CV_ORG_1_CV-ARGENTINO-COMPLETO_27172423480.pdf\">Celmira Esther Rey<\/a><\/p>\n\n\n\n<p><a href=\"http:\/\/grupomontevideo.org\/espo\/wp-content\/uploads\/2023\/10\/Sansberro-UNNE.pdf\">Pedro Alfonso Sansberro<\/a><\/p>\n\n\n\n<p><a href=\"http:\/\/grupomontevideo.org\/espo\/wp-content\/uploads\/2023\/10\/CV-2023-ABREVIADO-SGROPPO.pdf\">Sonia Cecilia Sgroppo<\/a><\/p>\n\n\n\n<p><a href=\"http:\/\/grupomontevideo.org\/espo\/wp-content\/uploads\/2023\/10\/CV_2023-Sogari.pdf\">Clotilde Noemi Sogari<\/a><\/p>\n\n\n\n<p><a href=\"https:\/\/drive.google.com\/file\/d\/1rrZl4CZmw68kDEKicgQUkuB-ZKhw2b9I\/view\">Sebasti\u00e1n Streuli<\/a><\/p>\n\n\n\n<p><a href=\"http:\/\/grupomontevideo.org\/espo\/wp-content\/uploads\/2023\/10\/Vedoya-CV_ORG_1_CV-ARGENTINO-COMPLETO_23056578579.pdf\">Daniel Edgardo Vedoya<\/a><\/p>\n\n\n\n<p><a href=\"http:\/\/grupomontevideo.org\/espo\/wp-content\/uploads\/2023\/10\/CV_ORG_1_CV-ARGENTINO-COMPLETO_23174260559-YANEZ.pdf\">Enrique Y\u00e1\u00f1ez<\/a><\/p>\n\n\n\n<p><a href=\"http:\/\/grupomontevideo.org\/espo\/wp-content\/uploads\/2023\/10\/CVitaeLAURA-C.-ZALAZAR-res-956-09.pdf\">Laura Cristina Zalazar<\/a><\/p>\n","protected":false},"excerpt":{"rendered":"<p>Jorge Alfredo Alberto Herminia Mar\u00eda Al\u00edas M\u00f3nica Cristina Auchter Aldo Ceferino Bernardis Mar\u00eda Rosenda Britos Carlos Eduardo Burgos Cynthia Soledad Caramello Sylvina Lorena Casco M\u00f3nica In\u00e9s Cesana Bernasconi Antonio Humberto Closas F\u00e9lix Ignacio Contreras Silvina Andrea Contreras Rub\u00e9n Edgar Corval\u00e1n Gladys Noem\u00ed Dapozo Mario Ra\u00fal Delfino Rosa Sandra Durand Francisco Espinoza Gisela Lucila Forlin Rosana [&hellip;]<\/p>\n","protected":false},"author":9,"featured_media":0,"comment_status":"closed","ping_status":"closed","sticky":false,"template":"","format":"standard","meta":{"footnotes":""},"categories":[1],"tags":[],"class_list":["post-1201","post","type-post","status-publish","format-standard","hentry","category-sin-categoria"],"_links":{"self":[{"href":"https:\/\/grupomontevideo.org\/espo\/wp-json\/wp\/v2\/posts\/1201","targetHints":{"allow":["GET"]}}],"collection":[{"href":"https:\/\/grupomontevideo.org\/espo\/wp-json\/wp\/v2\/posts"}],"about":[{"href":"https:\/\/grupomontevideo.org\/espo\/wp-json\/wp\/v2\/types\/post"}],"author":[{"embeddable":true,"href":"https:\/\/grupomontevideo.org\/espo\/wp-json\/wp\/v2\/users\/9"}],"replies":[{"embeddable":true,"href":"https:\/\/grupomontevideo.org\/espo\/wp-json\/wp\/v2\/comments?post=1201"}],"version-history":[{"count":38,"href":"https:\/\/grupomontevideo.org\/espo\/wp-json\/wp\/v2\/posts\/1201\/revisions"}],"predecessor-version":[{"id":3976,"href":"https:\/\/grupomontevideo.org\/espo\/wp-json\/wp\/v2\/posts\/1201\/revisions\/3976"}],"wp:attachment":[{"href":"https:\/\/grupomontevideo.org\/espo\/wp-json\/wp\/v2\/media?parent=1201"}],"wp:term":[{"taxonomy":"category","embeddable":true,"href":"https:\/\/grupomontevideo.org\/espo\/wp-json\/wp\/v2\/categories?post=1201"},{"taxonomy":"post_tag","embeddable":true,"href":"https:\/\/grupomontevideo.org\/espo\/wp-json\/wp\/v2\/tags?post=1201"}],"curies":[{"name":"wp","href":"https:\/\/api.w.org\/{rel}","templated":true}]}}