{"id":454,"date":"2022-04-18T19:51:47","date_gmt":"2022-04-18T19:51:47","guid":{"rendered":"http:\/\/grupomontevideo.org\/cp\/cpextensionuniversitaria\/?p=454"},"modified":"2022-04-18T19:56:15","modified_gmt":"2022-04-18T19:56:15","slug":"primera-reunion-virtual-2022-de-la-comision-permanente-de-extension-universitaria","status":"publish","type":"post","link":"https:\/\/grupomontevideo.org\/cp\/cpextensionuniversitaria\/?p=454","title":{"rendered":"Primera reuni\u00f3n virtual 2022 de la Comisi\u00f3n Permanente de Extensi\u00f3n Universitaria"},"content":{"rendered":"<p>La primera reuni\u00f3n virtual 2022 de la Comisi\u00f3n Permanente de Extensi\u00f3n Universitaria se realizar\u00e1 el d\u00eda <strong>mi\u00e9rcoles 27<\/strong><strong> de abril <\/strong>de 10.00 a 12.00 horas (horario de Uruguay), a trav\u00e9s de la plataforma Zoom.<\/p>\n<hr \/>\n<p><strong>TEMARIO<\/strong><\/p>\n<p><span style=\"color: #000080;\">1. Bienvenida y presentaci\u00f3n de los participantes.<\/span><\/p>\n<p><span style=\"color: #000080;\">2. Presentaci\u00f3n del secretario ejecutivo Prof. \u00c1lvaro Rico.<\/span><\/p>\n<p><span style=\"color: #000080;\">3. Plan de trabajo 2022 \u2013 2023<\/span><\/p>\n<ul>\n<li>Acciones en el marco del plan de desarrollo institucional de AUGM.<\/li>\n<li>Revisi\u00f3n de los acuerdos y acciones alcanzadas en el plan 2020-2021.<\/li>\n<li>VI Congreso de extensi\u00f3n universitaria de AUGM, 2023.<\/li>\n<li>IV Encuentro de Ciudades y Universidades.<\/li>\n<\/ul>\n<p><span style=\"color: #000080;\">4. Red de editores de Revistas de Extensi\u00f3n.<\/span><\/p>\n<p><span style=\"color: #000080;\">5. Coordinaci\u00f3n de la CP de extensi\u00f3n de AUGM.<\/span><\/p>\n<p><span style=\"color: #000080;\">6. Designaci\u00f3n de sede y fecha de la pr\u00f3xima reuni\u00f3n de la CP de Extensi\u00f3n, 2022.<\/span><\/p>\n<p><span style=\"color: #000080;\">7. Asuntos planteados por las Universidades miembro.<\/span><\/p>\n<p>&nbsp;<\/p>\n","protected":false},"excerpt":{"rendered":"<p>La primera reuni\u00f3n virtual 2022 de la Comisi\u00f3n Permanente de Extensi\u00f3n Universitaria se realizar\u00e1 el d\u00eda mi\u00e9rcoles 27 de abril de 10.00 a 12.00 horas&#8230;<\/p>\n","protected":false},"author":1,"featured_media":0,"comment_status":"open","ping_status":"closed","sticky":false,"template":"","format":"standard","meta":{"footnotes":""},"categories":[1],"tags":[],"class_list":["post-454","post","type-post","status-publish","format-standard","hentry","category-sin-categoria"],"_links":{"self":[{"href":"https:\/\/grupomontevideo.org\/cp\/cpextensionuniversitaria\/index.php?rest_route=\/wp\/v2\/posts\/454","targetHints":{"allow":["GET"]}}],"collection":[{"href":"https:\/\/grupomontevideo.org\/cp\/cpextensionuniversitaria\/index.php?rest_route=\/wp\/v2\/posts"}],"about":[{"href":"https:\/\/grupomontevideo.org\/cp\/cpextensionuniversitaria\/index.php?rest_route=\/wp\/v2\/types\/post"}],"author":[{"embeddable":true,"href":"https:\/\/grupomontevideo.org\/cp\/cpextensionuniversitaria\/index.php?rest_route=\/wp\/v2\/users\/1"}],"replies":[{"embeddable":true,"href":"https:\/\/grupomontevideo.org\/cp\/cpextensionuniversitaria\/index.php?rest_route=%2Fwp%2Fv2%2Fcomments&post=454"}],"version-history":[{"count":2,"href":"https:\/\/grupomontevideo.org\/cp\/cpextensionuniversitaria\/index.php?rest_route=\/wp\/v2\/posts\/454\/revisions"}],"predecessor-version":[{"id":456,"href":"https:\/\/grupomontevideo.org\/cp\/cpextensionuniversitaria\/index.php?rest_route=\/wp\/v2\/posts\/454\/revisions\/456"}],"wp:attachment":[{"href":"https:\/\/grupomontevideo.org\/cp\/cpextensionuniversitaria\/index.php?rest_route=%2Fwp%2Fv2%2Fmedia&parent=454"}],"wp:term":[{"taxonomy":"category","embeddable":true,"href":"https:\/\/grupomontevideo.org\/cp\/cpextensionuniversitaria\/index.php?rest_route=%2Fwp%2Fv2%2Fcategories&post=454"},{"taxonomy":"post_tag","embeddable":true,"href":"https:\/\/grupomontevideo.org\/cp\/cpextensionuniversitaria\/index.php?rest_route=%2Fwp%2Fv2%2Ftags&post=454"}],"curies":[{"name":"wp","href":"https:\/\/api.w.org\/{rel}","templated":true}]}}