{"id":444,"date":"2021-07-05T21:09:47","date_gmt":"2021-07-05T21:09:47","guid":{"rendered":"http:\/\/grupomontevideo.org\/cp\/cpextensionuniversitaria\/?p=444"},"modified":"2021-07-05T21:09:47","modified_gmt":"2021-07-05T21:09:47","slug":"proxima-reunion-de-la-comision-permanente","status":"publish","type":"post","link":"https:\/\/grupomontevideo.org\/cp\/cpextensionuniversitaria\/?p=444","title":{"rendered":"Pr\u00f3xima reuni\u00f3n de la Comisi\u00f3n Permanente"},"content":{"rendered":"<p>La pr\u00f3xima reuni\u00f3n de la Comisi\u00f3n Permanente de Extensi\u00f3n Universitaria se realizar\u00e1 el<strong> lunes 19 de julio<\/strong> a las 16hs (horario de Uruguay), a trav\u00e9s de la plataforma Zoom.<\/p>\n<hr \/>\n<p><strong>AGENDA<\/strong><\/p>\n<ul>\n<li>Palabras de apertura y bienvenida a los participantes.<\/li>\n<li>V Congreso de Extensi\u00f3n Universitaria de AUGM.<\/li>\n<li>Red de Editores de Revistas de Extensi\u00f3n de AUGM.<\/li>\n<li>Plan de Trabajo 2021-2023.<br \/>\n&#8211; Presentaci\u00f3n de propuestas de Escuelas de Verano \/Invierno 2021-2022<br \/>\n&#8211; Participaci\u00f3n de la CP de Extensi\u00f3n en las Jornadas de J\u00f3venes Investigadores<br \/>\n&#8211; Informe del Grupo de Trabajo de Salud Mental<\/li>\n<li>\u00a0Asuntos planteados por las universidades miembro<\/li>\n<li>Pr\u00f3xima reuni\u00f3n de la CP de Extensi\u00f3n.<\/li>\n<li>Cierre<\/li>\n<\/ul>\n","protected":false},"excerpt":{"rendered":"<p>La pr\u00f3xima reuni\u00f3n de la Comisi\u00f3n Permanente de Extensi\u00f3n Universitaria se realizar\u00e1 el lunes 19 de julio a las 16hs (horario de Uruguay), a trav\u00e9s&#8230;<\/p>\n","protected":false},"author":1,"featured_media":0,"comment_status":"open","ping_status":"closed","sticky":false,"template":"","format":"standard","meta":{"footnotes":""},"categories":[1],"tags":[],"class_list":["post-444","post","type-post","status-publish","format-standard","hentry","category-sin-categoria"],"_links":{"self":[{"href":"https:\/\/grupomontevideo.org\/cp\/cpextensionuniversitaria\/index.php?rest_route=\/wp\/v2\/posts\/444","targetHints":{"allow":["GET"]}}],"collection":[{"href":"https:\/\/grupomontevideo.org\/cp\/cpextensionuniversitaria\/index.php?rest_route=\/wp\/v2\/posts"}],"about":[{"href":"https:\/\/grupomontevideo.org\/cp\/cpextensionuniversitaria\/index.php?rest_route=\/wp\/v2\/types\/post"}],"author":[{"embeddable":true,"href":"https:\/\/grupomontevideo.org\/cp\/cpextensionuniversitaria\/index.php?rest_route=\/wp\/v2\/users\/1"}],"replies":[{"embeddable":true,"href":"https:\/\/grupomontevideo.org\/cp\/cpextensionuniversitaria\/index.php?rest_route=%2Fwp%2Fv2%2Fcomments&post=444"}],"version-history":[{"count":1,"href":"https:\/\/grupomontevideo.org\/cp\/cpextensionuniversitaria\/index.php?rest_route=\/wp\/v2\/posts\/444\/revisions"}],"predecessor-version":[{"id":445,"href":"https:\/\/grupomontevideo.org\/cp\/cpextensionuniversitaria\/index.php?rest_route=\/wp\/v2\/posts\/444\/revisions\/445"}],"wp:attachment":[{"href":"https:\/\/grupomontevideo.org\/cp\/cpextensionuniversitaria\/index.php?rest_route=%2Fwp%2Fv2%2Fmedia&parent=444"}],"wp:term":[{"taxonomy":"category","embeddable":true,"href":"https:\/\/grupomontevideo.org\/cp\/cpextensionuniversitaria\/index.php?rest_route=%2Fwp%2Fv2%2Fcategories&post=444"},{"taxonomy":"post_tag","embeddable":true,"href":"https:\/\/grupomontevideo.org\/cp\/cpextensionuniversitaria\/index.php?rest_route=%2Fwp%2Fv2%2Ftags&post=444"}],"curies":[{"name":"wp","href":"https:\/\/api.w.org\/{rel}","templated":true}]}}