{"id":458,"date":"2021-07-02T00:50:28","date_gmt":"2021-07-02T00:50:28","guid":{"rendered":"http:\/\/grupomontevideo.org\/cp\/cpcomisiondeposgrado\/?p=458"},"modified":"2021-07-15T13:23:48","modified_gmt":"2021-07-15T13:23:48","slug":"reunion-virtual-2-2021","status":"publish","type":"post","link":"https:\/\/grupomontevideo.org\/cp\/cpcomisiondeposgrado\/?p=458","title":{"rendered":"REUNI\u00d3N VIRTUAL 2\/2021"},"content":{"rendered":"<p>La pr\u00f3xima reuni\u00f3n virtual de la Comisi\u00f3n de Posgrado de AUGM se realizar\u00e1 el <strong><span class=\"v1gmail_default\">jueves\u00a015\u00a0<\/span><\/strong><strong>de julio <\/strong>pr\u00f3ximo entre\u00a0las\u00a0<span class=\"v1gmail_default\">11<\/span>.0<span class=\"v1gmail_default\">0<\/span>\u00a0y\u00a012.4<span class=\"v1gmail_default\">5 horas\u00a0<\/span>de Argentina, Brasil y Uruguay,\u00a0<span class=\"v1gmail_default\">10.00\u00a0<\/span>y\u00a0<span class=\"v1gmail_default\">11.45 <\/span>horas de Bolivia<span class=\"v1gmail_default\">,\u00a0<\/span>Chile<span class=\"v1gmail_default\">\u00a0y\u00a0<\/span>Paraguay.<\/p>\n<hr \/>\n<p><strong><br \/>\nORDEN DEL D\u00cdA<\/strong><\/p>\n<p><strong><span style=\"color: #000080;\"><br \/>\n1. Apertura de la Reuni\u00f3n virtual 2\/2021 de la Comisi\u00f3n Permanente de Posgrado, a cargo del Secretario Ejecutivo, \u00c1lvaro Maglia.<\/span><\/strong><\/p>\n<p>&#8211; Se revisar\u00e1n algunas perspectivas del Posgrado AUGM.<\/p>\n<p><strong>A consideraci\u00f3n.<\/strong><\/p>\n<p><strong><span style=\"color: #000080;\"><br \/>\n2. Consideraci\u00f3n del Acta de la reuni\u00f3n 1\/2021 de la CPPg, de fecha 16 de abril de 2021.<\/span><\/strong><\/p>\n<p>&#8211; Se remite Acta (<a href=\"https:\/\/grupomontevideo.org\/cp\/cpcomisiondeposgrado\/wp-content\/uploads\/2021\/07\/DIST-2-acta-reunion-1-2021.pdf\" target=\"_blank\" rel=\"noopener\">Distribuido 2<\/a>)<\/p>\n<p><strong>Tomar conocimiento.<\/strong><\/p>\n<p><span style=\"color: #000080;\"><strong><br \/>\n3. Movilidad de posgrado. Perspectiva de la movilidad virtual, otros modos de cooperaci\u00f3n virtual en la formaci\u00f3n de posgrado. Programa ESCALA de Estudiantes de Posgrado.<\/strong><\/span><\/p>\n<p>Piloto de Movilidad Virtual de Estudiantes de Posgrado, oferta acad\u00e9mica: <a href=\"http:\/\/grupomontevideo.org\/sitio\/piloto-de-movilidad-virtual-de-estudiantes-de-posgrado\/piloto-posgrado-universidades-de-destino\/\" target=\"_blank\" rel=\"noopener\">http:\/\/grupomontevideo.org\/sitio\/piloto-de-movilidad-virtual-de-estudiantes-de-posgrado\/piloto-posgrado-universidades-de-destino\/<\/a><\/p>\n<p>&#8211; Se informar\u00e1 en Sala y se abrir\u00e1 a debate.<\/p>\n<p><strong>A consideraci\u00f3n.<\/strong><\/p>\n<p><span style=\"color: #000080;\"><strong><br \/>\n4. Banco de Evaluadores de Posgrado. Informe sobre situaci\u00f3n de designaciones de los Puntos Focales. Perspectiva de avance en la implementaci\u00f3n.<\/strong><\/span><\/p>\n<p>NOTA RECORDATORIA: Recordamos a las Universidades que tienen definido integrarse al Banco de Evaluadores de Posgrado, la necesidad de designar el Punto Focal, si a\u00fan no lo han hecho.<\/p>\n<p>&#8211; Secretar\u00eda Ejecutiva informar\u00e1 y realizar\u00e1 planteamiento en Sala.<\/p>\n<p><strong>A consideraci\u00f3n.<\/strong><\/p>\n<p><span style=\"color: #000080;\"><strong><br \/>\n5. XXVIII Jornadas de J\u00f3venes Investigadores.<\/strong><\/span><\/p>\n<p>Web: <a href=\"https:\/\/jjii.usach.cl\/\" target=\"_blank\" rel=\"noopener\">https:\/\/jjii.usach.cl\/<\/a><\/p>\n<p>&#8211; Secretar\u00eda Ejecutiva y Vicerrector de Posgrado de USACH, Prof. Cristian Parker informar\u00e1n en Sala.<\/p>\n<p><strong>A consideraci\u00f3n.<\/strong><\/p>\n<p><span style=\"color: #000080;\"><strong><br \/>\n6. Ciclo de Webinarios sobre experiencias en educaci\u00f3n a distancia en Universidades AUGM.<\/strong><\/span><\/p>\n<p>&#8211; Se informar\u00e1 en Sala.<\/p>\n<p><strong>A consideraci\u00f3n.<\/strong><\/p>\n<p><strong><span style=\"color: #000080;\"><br \/>\n7. Plan Trienal y Plan Operativo Anual.<\/span><\/strong><\/p>\n<p>&#8211; La Coordinaci\u00f3n de la Comisi\u00f3n de Posgrado remite los avances al respecto (Distribuido 7).<\/p>\n<p><strong>A consideraci\u00f3n.<\/strong><\/p>\n<p><span style=\"color: #000080;\"><strong><br \/>\n8. Planteamientos, varios y asuntos entrados.<\/strong><\/span><\/p>\n<p><span style=\"color: #000080;\"><strong><br \/>\n9. Fecha de pr\u00f3xima reuni\u00f3n virtual y sistem\u00e1tica de trabajo en segundo semestre de 2021.<\/strong><\/span><\/p>\n<p><span style=\"color: #000080;\"><strong><br \/>\n10. Cierre de la Sesi\u00f3n.<\/strong><\/span><\/p>\n","protected":false},"excerpt":{"rendered":"<p>La pr\u00f3xima reuni\u00f3n virtual de la Comisi\u00f3n de Posgrado de AUGM se realizar\u00e1 el jueves\u00a015\u00a0de julio pr\u00f3ximo entre\u00a0las\u00a011.00\u00a0y\u00a012.45 horas\u00a0de Argentina, Brasil y Uruguay,\u00a010.00\u00a0y\u00a011.45 horas de&#8230;<\/p>\n","protected":false},"author":1,"featured_media":0,"comment_status":"open","ping_status":"closed","sticky":false,"template":"","format":"standard","meta":{"footnotes":""},"categories":[1],"tags":[],"class_list":["post-458","post","type-post","status-publish","format-standard","hentry","category-sin-categoria"],"_links":{"self":[{"href":"https:\/\/grupomontevideo.org\/cp\/cpcomisiondeposgrado\/index.php?rest_route=\/wp\/v2\/posts\/458","targetHints":{"allow":["GET"]}}],"collection":[{"href":"https:\/\/grupomontevideo.org\/cp\/cpcomisiondeposgrado\/index.php?rest_route=\/wp\/v2\/posts"}],"about":[{"href":"https:\/\/grupomontevideo.org\/cp\/cpcomisiondeposgrado\/index.php?rest_route=\/wp\/v2\/types\/post"}],"author":[{"embeddable":true,"href":"https:\/\/grupomontevideo.org\/cp\/cpcomisiondeposgrado\/index.php?rest_route=\/wp\/v2\/users\/1"}],"replies":[{"embeddable":true,"href":"https:\/\/grupomontevideo.org\/cp\/cpcomisiondeposgrado\/index.php?rest_route=%2Fwp%2Fv2%2Fcomments&post=458"}],"version-history":[{"count":6,"href":"https:\/\/grupomontevideo.org\/cp\/cpcomisiondeposgrado\/index.php?rest_route=\/wp\/v2\/posts\/458\/revisions"}],"predecessor-version":[{"id":466,"href":"https:\/\/grupomontevideo.org\/cp\/cpcomisiondeposgrado\/index.php?rest_route=\/wp\/v2\/posts\/458\/revisions\/466"}],"wp:attachment":[{"href":"https:\/\/grupomontevideo.org\/cp\/cpcomisiondeposgrado\/index.php?rest_route=%2Fwp%2Fv2%2Fmedia&parent=458"}],"wp:term":[{"taxonomy":"category","embeddable":true,"href":"https:\/\/grupomontevideo.org\/cp\/cpcomisiondeposgrado\/index.php?rest_route=%2Fwp%2Fv2%2Fcategories&post=458"},{"taxonomy":"post_tag","embeddable":true,"href":"https:\/\/grupomontevideo.org\/cp\/cpcomisiondeposgrado\/index.php?rest_route=%2Fwp%2Fv2%2Ftags&post=458"}],"curies":[{"name":"wp","href":"https:\/\/api.w.org\/{rel}","templated":true}]}}