{"id":379,"date":"2020-09-29T16:31:19","date_gmt":"2020-09-29T16:31:19","guid":{"rendered":"http:\/\/grupomontevideo.org\/cp\/cpcomisiondeposgrado\/?p=379"},"modified":"2020-10-22T14:37:22","modified_gmt":"2020-10-22T14:37:22","slug":"reunion-virtual-6-2020","status":"publish","type":"post","link":"https:\/\/grupomontevideo.org\/cp\/cpcomisiondeposgrado\/?p=379","title":{"rendered":"REUNI\u00d3N VIRTUAL 6.2020"},"content":{"rendered":"<p>La pr\u00f3xima reuni\u00f3n de la Comisi\u00f3n de Posgrado de AUGM se realizar\u00e1 el lunes 5 de octubre a las 09.00 horas de Argentina, Brasil, Chile y Uruguay, las 08.00 horas de Bolivia y Paraguay. La duraci\u00f3n de la reuni\u00f3n ser\u00e1 de 1 hora 45 minutos.<\/p>\n<hr \/>\n<p><span style=\"color: #000000;\"><strong>ORDEN DEL DIA<\/strong><\/span><\/p>\n<p><strong><span style=\"color: #000080;\">1. Apertura de la Reuni\u00f3n virtual 6\/2020 de la Comisi\u00f3n Permanente de Posgrado.<\/span><\/strong><\/p>\n<p><strong><span style=\"color: #000080;\"><br \/>\n2. Consideraci\u00f3n del Acta de la reuni\u00f3n de fecha 02 de setiembre de 2020<br \/>\n<\/span><\/strong><span style=\"color: #000000;\">-Se remite Acta (<a href=\"https:\/\/grupomontevideo.org\/cp\/cpcomisiondeposgrado\/wp-content\/uploads\/2020\/09\/ACTA-Reunion-virtual-5.2020-CPPg.pdf\" target=\"_blank\" rel=\"noopener noreferrer\">Distribuido 2<\/a>)<\/span><\/p>\n<p><span style=\"color: #000000;\">Tomar conocimiento.<\/span><\/p>\n<p><strong><span style=\"color: #000080;\"><br \/>\n3. Informaci\u00f3n sobre encuesta a estudiantes seleccionados en la convocatoria 2020 del PEEPg.<br \/>\n<\/span><\/strong><span style=\"color: #000000;\">-Se informar\u00e1 en Sala. (<a href=\"https:\/\/grupomontevideo.org\/cp\/cpcomisiondeposgrado\/wp-content\/uploads\/2020\/09\/dist.-3.pdf\" target=\"_blank\" rel=\"noopener noreferrer\">Distribuido 3<\/a>)<\/span><\/p>\n<p><span style=\"color: #000000;\">Tomar conocimiento.<\/span><\/p>\n<p><strong><span style=\"color: #000080;\"><br \/>\n4. Implementaci\u00f3n del Plan Estrat\u00e9gico en el Eje I: Integraci\u00f3n Acad\u00e9mica Regional.<br \/>\n<\/span><\/strong><span style=\"color: #000000;\">Secretario Ejecutivo informar\u00e1 en Sala.<\/span><\/p>\n<p><span style=\"color: #000000;\">A consideraci\u00f3n.<\/span><\/p>\n<p><span style=\"color: #000080;\"><strong><br \/>\n5. Actualizaci\u00f3n de la informaci\u00f3n sobre el Encuentro Virtual de J\u00f3venes Investigadores\/as<br \/>\n<\/strong><\/span><span style=\"color: #000000;\">Se informar\u00e1 en Sala.<\/span><\/p>\n<p><span style=\"color: #000000;\">Tomar conocimiento.<\/span><\/p>\n<p><span style=\"color: #000080;\"><strong><br \/>\n6. Ciclo de Webinarios sobre experiencias en educaci\u00f3n a distancia en Universidades AUGM.<\/strong><\/span><\/p>\n<p><span style=\"color: #000000;\">Antecedentes. <\/span><br \/>\n<span style=\"color: #000000;\">10.06.20 &#8211; Seminario Web: Reflexiones sobre los desaf\u00edos de la virtualidad y el posgrado regional AUGM. <\/span><br \/>\n<span style=\"color: #000000;\">16.09.20 \u2013 1er Webinario del Ciclo: Experiencias en Educaci\u00f3n a Distancia y Virtualidad en Universidades AUGM<\/span><\/p>\n<p><span style=\"color: #000000;\">Secretaria Ejecutiva y Coordinaci\u00f3n de la CP de Posgrado informar\u00e1n en Sala sobre avances en el Webinario 2 del Ciclo.<\/span><\/p>\n<p><span style=\"color: #000000;\">Propuesta preliminar: UFMG, Prof. Fabio Alves. <\/span><br \/>\n<span style=\"color: #000000;\">UNQ, Nancy D\u00edaz Larra\u00f1aga. <\/span><br \/>\n<span style=\"color: #000000;\">A definir una tercera experiencia (se han hecho contactos previamente)<\/span><\/p>\n<p><span style=\"color: #000000;\">A consideraci\u00f3n.<\/span><\/p>\n<p><strong><span style=\"color: #000080;\"><br \/>\n7. Plan Bienal y Plan Operativo Anual.<br \/>\n<\/span><\/strong><span style=\"color: #000000;\">-Se informar\u00e1 en Sala sobre los avances realizados por la Coordinaci\u00f3n de la CPPg en el tema. <\/span><br \/>\n<span style=\"color: #000000;\">-Un primer documento de propuesta se presentar\u00e1 en Sala.<\/span><\/p>\n<p><span style=\"color: #000000;\">A consideraci\u00f3n.<\/span><\/p>\n<p><span style=\"color: #000080;\"><strong><br \/>\n8. Planteamientos, varios y asuntos entrados.<\/strong><\/span><\/p>\n<p><span style=\"color: #000080;\"><strong><br \/>\n9. Fecha de pr\u00f3xima reuni\u00f3n virtual y cierre de la Sesi\u00f3n.<\/strong><\/span><\/p>\n<p>&nbsp;<\/p>\n<p>&nbsp;<\/p>\n","protected":false},"excerpt":{"rendered":"<p>La pr\u00f3xima reuni\u00f3n de la Comisi\u00f3n de Posgrado de AUGM se realizar\u00e1 el lunes 5 de octubre a las 09.00 horas de Argentina, Brasil, Chile&#8230;<\/p>\n","protected":false},"author":1,"featured_media":0,"comment_status":"open","ping_status":"closed","sticky":false,"template":"","format":"standard","meta":{"footnotes":""},"categories":[1],"tags":[],"class_list":["post-379","post","type-post","status-publish","format-standard","hentry","category-sin-categoria"],"_links":{"self":[{"href":"https:\/\/grupomontevideo.org\/cp\/cpcomisiondeposgrado\/index.php?rest_route=\/wp\/v2\/posts\/379","targetHints":{"allow":["GET"]}}],"collection":[{"href":"https:\/\/grupomontevideo.org\/cp\/cpcomisiondeposgrado\/index.php?rest_route=\/wp\/v2\/posts"}],"about":[{"href":"https:\/\/grupomontevideo.org\/cp\/cpcomisiondeposgrado\/index.php?rest_route=\/wp\/v2\/types\/post"}],"author":[{"embeddable":true,"href":"https:\/\/grupomontevideo.org\/cp\/cpcomisiondeposgrado\/index.php?rest_route=\/wp\/v2\/users\/1"}],"replies":[{"embeddable":true,"href":"https:\/\/grupomontevideo.org\/cp\/cpcomisiondeposgrado\/index.php?rest_route=%2Fwp%2Fv2%2Fcomments&post=379"}],"version-history":[{"count":4,"href":"https:\/\/grupomontevideo.org\/cp\/cpcomisiondeposgrado\/index.php?rest_route=\/wp\/v2\/posts\/379\/revisions"}],"predecessor-version":[{"id":387,"href":"https:\/\/grupomontevideo.org\/cp\/cpcomisiondeposgrado\/index.php?rest_route=\/wp\/v2\/posts\/379\/revisions\/387"}],"wp:attachment":[{"href":"https:\/\/grupomontevideo.org\/cp\/cpcomisiondeposgrado\/index.php?rest_route=%2Fwp%2Fv2%2Fmedia&parent=379"}],"wp:term":[{"taxonomy":"category","embeddable":true,"href":"https:\/\/grupomontevideo.org\/cp\/cpcomisiondeposgrado\/index.php?rest_route=%2Fwp%2Fv2%2Fcategories&post=379"},{"taxonomy":"post_tag","embeddable":true,"href":"https:\/\/grupomontevideo.org\/cp\/cpcomisiondeposgrado\/index.php?rest_route=%2Fwp%2Fv2%2Ftags&post=379"}],"curies":[{"name":"wp","href":"https:\/\/api.w.org\/{rel}","templated":true}]}}