{"id":275,"date":"2019-10-16T18:22:42","date_gmt":"2019-10-16T18:22:42","guid":{"rendered":"http:\/\/grupomontevideo.org\/cp\/cpcomisiondeposgrado\/?p=275"},"modified":"2020-04-22T21:29:49","modified_gmt":"2020-04-22T21:29:49","slug":"proxima-reunion","status":"publish","type":"post","link":"https:\/\/grupomontevideo.org\/cp\/cpcomisiondeposgrado\/?p=275","title":{"rendered":"I Reuni\u00f3n 2020 (Reuni\u00f3n Virtual)"},"content":{"rendered":"<p align=\"justify\">La pr\u00f3xima reuni\u00f3n de la Comisi\u00f3n Permanente de Posgrado se realizar\u00e1 el <strong>viernes 24 de abril <\/strong>de 9:00 a 11:00hs (hora de Uruguay), en modalidad virtual a trav\u00e9s de la plataforma ZOOM, de acuerdo a los siguientes par\u00e1metros:<\/p>\n<p>Topic: CP Postgrado<br \/>\nTime: Apr 24, 2020 09:00 AM Montevideo<br \/>\nJoin Zoom Meeting<br \/>\n<a href=\"https:\/\/zoom.us\/j\/98512560033?pwd=OWhQOWJiM0xITDRTcm5pb0NNazRCQT09\" target=\"_blank\" rel=\"noopener noreferrer\">https:\/\/zoom.us\/j\/98512560033?pwd=OWhQOWJiM0xITDRTcm5pb0NNazRCQT09<\/a><br \/>\nMeeting ID: 985 1256 0033<br \/>\nPassword: 073130<\/p>\n<hr \/>\n<p><span style=\"color: #993300;\">ORDEN DEL DIA<\/span><\/p>\n<p><span style=\"color: #000000;\">1. Apertura de la Reuni\u00f3n virtual 1\/2020 de la Comisi\u00f3n Permanente de Posgrado<\/span> <span style=\"color: #993300;\">(7 minutos)<\/span><br \/>\n<em><span style=\"color: #993300;\">Contexto de esta reuni\u00f3n virtual de la CPPg. Desaf\u00edos y perspectivas.<\/span><br \/>\n<\/em><span style=\"color: #3366ff;\">Secretario Ejecutivo Prof. \u00c1lvaro Maglia.<\/span><\/p>\n<p><span style=\"color: #000000;\">2. Actualizaci\u00f3n sobre la Asociaci\u00f3n de Universidades Grupo Montevideo (AUGM)<\/span> <span style=\"color: #993300;\">(10 minutos)<\/span><br \/>\n<span style=\"color: #993300;\"><em>Plan Estrat\u00e9gico 2020 \u2013 2030<\/em> <\/span><br \/>\n<a href=\"http:\/\/grupomontevideo.org\/planestrategico\/wp-content\/uploads\/2020\/04\/PLAN-ESTRATEGICO.pdf\" target=\"_blank\" rel=\"noopener noreferrer\">http:\/\/grupomontevideo.org\/planestrategico\/wp-content\/uploads\/2020\/04\/PLAN-ESTRATEGICO.pdf<\/a><br \/>\n<span style=\"color: #3366ff;\">Secretario Ejecutivo Prof. \u00c1lvaro Maglia<\/span><\/p>\n<p><span style=\"color: #000000;\">3. Programa de Movilidad ESCALA de Estudiantes de Posgrado (PEEPg).<\/span> <span style=\"color: #993300;\">(25 a 30 minutos)<\/span><br \/>\n<a href=\"http:\/\/grupomontevideo.org\/escalaposgrado\/index.php\/nomina-de-estudiantes-seleccionados\/\" target=\"_blank\" rel=\"noopener noreferrer\">http:\/\/grupomontevideo.org\/escalaposgrado\/index.php\/nomina-de-estudiantes-seleccionados\/<\/a><br \/>\n<span style=\"color: #993300;\">Informe de situaci\u00f3n.<br \/>\n<\/span><span style=\"color: #3366ff;\">Informa Secretaria Ejecutiva de AUGM<\/span><br \/>\nNota: Se contar\u00e1 con un informe sobre movilidad de posgrado aprobada para 2020.<\/p>\n<p><span style=\"color: #000000;\">4. Espacio de Posgrado (EsPo)<\/span> <span style=\"color: #993300;\">(45 a 50 minutos)<\/span><\/p>\n<p style=\"padding-left: 40px;\"><span style=\"color: #993300;\">1. El EsPo como espacio regional del posgrado.<\/span><br \/>\n<a href=\"http:\/\/grupomontevideo.org\/sitio\/espo-augm\/\" target=\"_blank\" rel=\"noopener noreferrer\">http:\/\/grupomontevideo.org\/sitio\/espo-augm\/<\/a><br \/>\n<span style=\"color: #3366ff;\">Informa Secretario Ejecutivo Prof. \u00c1lvaro Maglia<\/span><br \/>\nNota: Se contar\u00e1 con documento conteniendo Acuerdo del Grupo de Delegados Asesores y resoluci\u00f3n del Consejo de Rectores de AUGM (<a href=\"https:\/\/grupomontevideo.org\/cp\/cpcomisiondeposgrado\/wp-content\/uploads\/2019\/10\/Distribuido-4.1.pdf\" target=\"_blank\" rel=\"noopener noreferrer\">Distribuido 4.1<\/a>)<\/p>\n<p style=\"padding-left: 40px;\"><span style=\"color: #993300;\">2. Sistema de informaci\u00f3n de posgrados internacionales<\/span><br \/>\n<a href=\"http:\/\/morgan.siu.edu.ar\/ofertas-posgrados\/inicio\" target=\"_blank\" rel=\"noopener noreferrer\">http:\/\/morgan.siu.edu.ar\/ofertas-posgrados\/inicio<\/a><br \/>\n<span style=\"color: #3366ff;\">Informa Secretario Ejecutivo Prof. \u00c1lvaro Maglia<\/span><br \/>\nNota: Se contar\u00e1 con documentos varios en carpeta .zip (<a href=\"https:\/\/grupomontevideo.org\/cp\/cpcomisiondeposgrado\/wp-content\/uploads\/2019\/10\/Distribuido-4.2.zip\" target=\"_blank\" rel=\"noopener noreferrer\">Distribuido 4.2<\/a>)<\/p>\n<p style=\"padding-left: 40px;\"><span style=\"color: #993300;\">3. Campus virtual<br \/>\n<\/span><span style=\"color: #3366ff;\">Informa Secretario Ejecutivo Prof. \u00c1lvaro Maglia<\/span><br \/>\nNota: Se contar\u00e1 con documento desgrabaci\u00f3n del Consejo de Rectores (<a href=\"https:\/\/grupomontevideo.org\/cp\/cpcomisiondeposgrado\/wp-content\/uploads\/2019\/10\/EsPodistribuido-4.3.pdf\" target=\"_blank\" rel=\"noopener noreferrer\">Distribuido 4.3<\/a>)<\/p>\n<p><span style=\"color: #000000;\">5. Realizaci\u00f3n de una actividad acad\u00e9mica de la CPPg<\/span> <span style=\"color: #993300;\">(15 minutos)<br \/>\n<\/span><span style=\"color: #3366ff;\">Informa Secretario Ejecutivo Prof. \u00c1lvaro Maglia<\/span><\/p>\n<p><span style=\"color: #000000;\">6. Fecha de pr\u00f3xima reuni\u00f3n virtual y cierre de la sesi\u00f3n<\/span><\/p>\n","protected":false},"excerpt":{"rendered":"<p>La pr\u00f3xima reuni\u00f3n de la Comisi\u00f3n Permanente de Posgrado se realizar\u00e1 el viernes 24 de abril de 9:00 a 11:00hs (hora de Uruguay), en modalidad&#8230;<\/p>\n","protected":false},"author":1,"featured_media":0,"comment_status":"open","ping_status":"closed","sticky":false,"template":"","format":"standard","meta":{"footnotes":""},"categories":[1],"tags":[],"class_list":["post-275","post","type-post","status-publish","format-standard","hentry","category-sin-categoria"],"_links":{"self":[{"href":"https:\/\/grupomontevideo.org\/cp\/cpcomisiondeposgrado\/index.php?rest_route=\/wp\/v2\/posts\/275","targetHints":{"allow":["GET"]}}],"collection":[{"href":"https:\/\/grupomontevideo.org\/cp\/cpcomisiondeposgrado\/index.php?rest_route=\/wp\/v2\/posts"}],"about":[{"href":"https:\/\/grupomontevideo.org\/cp\/cpcomisiondeposgrado\/index.php?rest_route=\/wp\/v2\/types\/post"}],"author":[{"embeddable":true,"href":"https:\/\/grupomontevideo.org\/cp\/cpcomisiondeposgrado\/index.php?rest_route=\/wp\/v2\/users\/1"}],"replies":[{"embeddable":true,"href":"https:\/\/grupomontevideo.org\/cp\/cpcomisiondeposgrado\/index.php?rest_route=%2Fwp%2Fv2%2Fcomments&post=275"}],"version-history":[{"count":16,"href":"https:\/\/grupomontevideo.org\/cp\/cpcomisiondeposgrado\/index.php?rest_route=\/wp\/v2\/posts\/275\/revisions"}],"predecessor-version":[{"id":307,"href":"https:\/\/grupomontevideo.org\/cp\/cpcomisiondeposgrado\/index.php?rest_route=\/wp\/v2\/posts\/275\/revisions\/307"}],"wp:attachment":[{"href":"https:\/\/grupomontevideo.org\/cp\/cpcomisiondeposgrado\/index.php?rest_route=%2Fwp%2Fv2%2Fmedia&parent=275"}],"wp:term":[{"taxonomy":"category","embeddable":true,"href":"https:\/\/grupomontevideo.org\/cp\/cpcomisiondeposgrado\/index.php?rest_route=%2Fwp%2Fv2%2Fcategories&post=275"},{"taxonomy":"post_tag","embeddable":true,"href":"https:\/\/grupomontevideo.org\/cp\/cpcomisiondeposgrado\/index.php?rest_route=%2Fwp%2Fv2%2Ftags&post=275"}],"curies":[{"name":"wp","href":"https:\/\/api.w.org\/{rel}","templated":true}]}}