{"id":234,"date":"2019-03-06T16:11:22","date_gmt":"2019-03-06T16:11:22","guid":{"rendered":"http:\/\/grupomontevideo.org\/cp\/cpcomisiondeposgrado\/?p=234"},"modified":"2019-03-26T14:03:20","modified_gmt":"2019-03-26T14:03:20","slug":"proxima-reunion-de-la-comision-permanente","status":"publish","type":"post","link":"https:\/\/grupomontevideo.org\/cp\/cpcomisiondeposgrado\/?p=234","title":{"rendered":"Pr\u00f3xima reuni\u00f3n de la Comisi\u00f3n Permanente"},"content":{"rendered":"<p>Se realizar\u00e1 los d\u00edas 26 y 27 de marzo de 2019 en la\u00a0 Universidade Federal do Paran\u00e1, Curitiba, Paran\u00e1 \u2013 Brasil<\/p>\n<p>La Universidad anfitriona recomienda los siguientes <a href=\"https:\/\/grupomontevideo.org\/cp\/cpcomisiondeposgrado\/wp-content\/uploads\/2019\/03\/Curitiba-Hote\u00b4is-I-reuni\u00f3n-CPPG.pdf\">hoteles para hospedaje<\/a><\/p>\n<p><strong><a href=\"https:\/\/grupomontevideo.org\/cp\/cpcomisiondeposgrado\/wp-content\/uploads\/2019\/03\/OdelD.CPPg_.Mar19.pdf\">Orden del D\u00eda de la reuni\u00f3n<\/a><\/strong><\/p>\n<p><strong>Primera reuni\u00f3n anual 2019 &#8211; Universidade Federal do Parana (UFPR)<\/strong><\/p>\n<p><span style=\"color: #0000ff;\"><strong>Lugar: Edificio D. Pedro I. Primer andar &#8211; Reitoria da UFPR<\/strong><\/span><\/p>\n<p><strong><u>Martes 26\/03 &#8211; Hora 14.00<\/u><\/strong><\/p>\n<p><strong>Mesa Redonda <\/strong><\/p>\n<p>Posgrado en las Universidades de AUGM: Situaci\u00f3n actual, desaf\u00edos y oportunidades.<\/p>\n<p><strong><u> <a href=\"https:\/\/grupomontevideo.org\/cp\/cpcomisiondeposgrado\/wp-content\/uploads\/2019\/03\/CP-PG.jpg\"><img loading=\"lazy\" decoding=\"async\" class=\"wp-image-244 alignleft\" src=\"https:\/\/grupomontevideo.org\/cp\/cpcomisiondeposgrado\/wp-content\/uploads\/2019\/03\/CP-PG.jpg\" alt=\"\" width=\"361\" height=\"497\" \/><\/a><\/u><\/strong><\/p>\n<p>&nbsp;<\/p>\n<p>&nbsp;<\/p>\n<p>&nbsp;<\/p>\n<p>&nbsp;<\/p>\n<p>&nbsp;<\/p>\n<p>&nbsp;<\/p>\n<p>&nbsp;<\/p>\n<p>&nbsp;<\/p>\n<p>&nbsp;<\/p>\n<p>&nbsp;<\/p>\n<p>&nbsp;<\/p>\n<p>&nbsp;<\/p>\n<p>&nbsp;<\/p>\n<p><strong><u>Mi\u00e9rcoles 27\/03 <\/u><\/strong><\/p>\n<ol>\n<li>Apertura de las Sesiones de la Comisi\u00f3n Permanente de Posgrado<\/li>\n<li>Aprobaci\u00f3n del Acta de la reuni\u00f3n de la Comisi\u00f3n Permanente de Posgrado de 18 de octubre de 2018, realizada en Universidad Nacional de Cuyo, Argentina. <a href=\"https:\/\/grupomontevideo.org\/cp\/cpcomisiondeposgrado\/wp-content\/uploads\/2019\/03\/ACTA-CPPg-oct18.pdf\">ACTA CPPg oct18<\/a><\/li>\n<li>Programa de Movilidad ESCALA de Posgrado. Informes varios.<br \/>\n<a href=\"https:\/\/grupomontevideo.org\/cp\/cpcomisiondeposgrado\/wp-content\/uploads\/2019\/03\/Informe-convocatoria-2018-del-PEEPg.pdf\" target=\"_blank\" rel=\"noopener noreferrer\">Informe convocatoria 2018 del PEEPg<\/a><br \/>\n<a href=\"https:\/\/grupomontevideo.org\/cp\/cpcomisiondeposgrado\/wp-content\/uploads\/2019\/03\/Informe-convocatoria-2019-del-PEEPg.pdf\" target=\"_blank\" rel=\"noopener noreferrer\">Informe convocatoria 2019 del PEEPg<\/a><br \/>\n<a href=\"https:\/\/grupomontevideo.org\/cp\/cpcomisiondeposgrado\/wp-content\/uploads\/2019\/03\/CRONOGRAMA-PEEPg-Segundo-llamado-2019.pdf\" target=\"_blank\" rel=\"noopener noreferrer\">CRONOGRAMA PEEPg Segundo llamado 2019<\/a><br \/>\n<a href=\"https:\/\/grupomontevideo.org\/cp\/cpcomisiondeposgrado\/wp-content\/uploads\/2019\/03\/ESCALA-PEEPG-2019-plazas-vacantes-para-segundo-llamado-1-copia.pdf\" target=\"_blank\" rel=\"noopener noreferrer\">ESCALA PEEPG 2019 plazas vacantes para segundo llamado\u00a0<\/a><\/li>\n<li>Plan Bienal 2019 \u2013 2021 de la CPPg.<\/li>\n<li>Plan Operativo anual de la CPPg. (Julio 2019 &#8211; 2020).<\/li>\n<li>ESPACIO DE POSGRADO DE AUGM \u2013 ESPO AUGM.<br \/>\n-Co tutela.<br \/>\n-Movilidad de docentes.<\/li>\n<li>Foro CILAC 2018. Participaci\u00f3n de AUGM.<\/li>\n<li>Fecha y lugar de la realizaci\u00f3n de la 2da Reuni\u00f3n de la CPPg de 2019.<br \/>\n<em>USACH ofrece su Universidad en el marco de un Seminario sobre los desaf\u00edos del Posgrado. Fechas posibles setiembre o noviembre de 2019.<\/em><\/li>\n<li>Planteamiento de los integrantes de la CPPg.<\/li>\n<li>Cierre y encargo del Acta de la reuni\u00f3n.<\/li>\n<\/ol>\n<p>&nbsp;<\/p>\n<p>&nbsp;<\/p>\n","protected":false},"excerpt":{"rendered":"<p>Se realizar\u00e1 los d\u00edas 26 y 27 de marzo de 2019 en la\u00a0 Universidade Federal do Paran\u00e1, Curitiba, Paran\u00e1 \u2013 Brasil La Universidad anfitriona recomienda&#8230;<\/p>\n","protected":false},"author":1,"featured_media":0,"comment_status":"open","ping_status":"closed","sticky":false,"template":"","format":"standard","meta":{"footnotes":""},"categories":[1],"tags":[],"class_list":["post-234","post","type-post","status-publish","format-standard","hentry","category-sin-categoria"],"_links":{"self":[{"href":"https:\/\/grupomontevideo.org\/cp\/cpcomisiondeposgrado\/index.php?rest_route=\/wp\/v2\/posts\/234","targetHints":{"allow":["GET"]}}],"collection":[{"href":"https:\/\/grupomontevideo.org\/cp\/cpcomisiondeposgrado\/index.php?rest_route=\/wp\/v2\/posts"}],"about":[{"href":"https:\/\/grupomontevideo.org\/cp\/cpcomisiondeposgrado\/index.php?rest_route=\/wp\/v2\/types\/post"}],"author":[{"embeddable":true,"href":"https:\/\/grupomontevideo.org\/cp\/cpcomisiondeposgrado\/index.php?rest_route=\/wp\/v2\/users\/1"}],"replies":[{"embeddable":true,"href":"https:\/\/grupomontevideo.org\/cp\/cpcomisiondeposgrado\/index.php?rest_route=%2Fwp%2Fv2%2Fcomments&post=234"}],"version-history":[{"count":7,"href":"https:\/\/grupomontevideo.org\/cp\/cpcomisiondeposgrado\/index.php?rest_route=\/wp\/v2\/posts\/234\/revisions"}],"predecessor-version":[{"id":253,"href":"https:\/\/grupomontevideo.org\/cp\/cpcomisiondeposgrado\/index.php?rest_route=\/wp\/v2\/posts\/234\/revisions\/253"}],"wp:attachment":[{"href":"https:\/\/grupomontevideo.org\/cp\/cpcomisiondeposgrado\/index.php?rest_route=%2Fwp%2Fv2%2Fmedia&parent=234"}],"wp:term":[{"taxonomy":"category","embeddable":true,"href":"https:\/\/grupomontevideo.org\/cp\/cpcomisiondeposgrado\/index.php?rest_route=%2Fwp%2Fv2%2Fcategories&post=234"},{"taxonomy":"post_tag","embeddable":true,"href":"https:\/\/grupomontevideo.org\/cp\/cpcomisiondeposgrado\/index.php?rest_route=%2Fwp%2Fv2%2Ftags&post=234"}],"curies":[{"name":"wp","href":"https:\/\/api.w.org\/{rel}","templated":true}]}}