{"id":381,"date":"2024-03-06T18:47:23","date_gmt":"2024-03-06T18:47:23","guid":{"rendered":"http:\/\/grupomontevideo.org\/cp\/cpcatedraderechoshumanos\/?p=381"},"modified":"2024-03-06T18:48:00","modified_gmt":"2024-03-06T18:48:00","slug":"primera-reunion-virtual-2024","status":"publish","type":"post","link":"https:\/\/grupomontevideo.org\/cp\/cpcatedraderechoshumanos\/?p=381","title":{"rendered":"PRIMERA REUNI\u00d3N VIRTUAL 2024"},"content":{"rendered":"<p>La C\u00e1tedra de DD.HH. realizar\u00e1 su primera reuni\u00f3n virtual de este a\u00f1o 2024 el d\u00eda martes 12 de marzo a las 11:00 horas (horario de Uruguay).<\/p>\n<p>En la reuni\u00f3n se abordar\u00e1n los siguientes puntos:<\/p>\n<p>\u2022 Propuesta borrador del Plan Trienal 2024 \u2013 2027<br \/>\n\u2022 Borrador de Cronograma de actividades 2024.<br \/>\n\u2022 Informe de la Escuela de Verano, Educaci\u00f3n en DD. HH. realizada en la UFMG, febrero 2024.<br \/>\n\u2022 Informe de la participaci\u00f3n del coordinador de la Catedra en la toma de asunci\u00f3n de la nueva directora del IPPDH (Mercosur)<br \/>\n\u2022 Borrador de propuesta del IV Foro de DD. HH de AUGM.<\/p>\n","protected":false},"excerpt":{"rendered":"<p>La C\u00e1tedra de DD.HH. realizar\u00e1 su primera reuni\u00f3n virtual de este a\u00f1o 2024 el d\u00eda martes 12 de marzo a las 11:00 horas (horario de&#8230;<\/p>\n","protected":false},"author":1,"featured_media":0,"comment_status":"open","ping_status":"closed","sticky":false,"template":"","format":"standard","meta":{"footnotes":""},"categories":[1],"tags":[],"class_list":["post-381","post","type-post","status-publish","format-standard","hentry","category-sin-categoria"],"_links":{"self":[{"href":"https:\/\/grupomontevideo.org\/cp\/cpcatedraderechoshumanos\/index.php?rest_route=\/wp\/v2\/posts\/381","targetHints":{"allow":["GET"]}}],"collection":[{"href":"https:\/\/grupomontevideo.org\/cp\/cpcatedraderechoshumanos\/index.php?rest_route=\/wp\/v2\/posts"}],"about":[{"href":"https:\/\/grupomontevideo.org\/cp\/cpcatedraderechoshumanos\/index.php?rest_route=\/wp\/v2\/types\/post"}],"author":[{"embeddable":true,"href":"https:\/\/grupomontevideo.org\/cp\/cpcatedraderechoshumanos\/index.php?rest_route=\/wp\/v2\/users\/1"}],"replies":[{"embeddable":true,"href":"https:\/\/grupomontevideo.org\/cp\/cpcatedraderechoshumanos\/index.php?rest_route=%2Fwp%2Fv2%2Fcomments&post=381"}],"version-history":[{"count":3,"href":"https:\/\/grupomontevideo.org\/cp\/cpcatedraderechoshumanos\/index.php?rest_route=\/wp\/v2\/posts\/381\/revisions"}],"predecessor-version":[{"id":385,"href":"https:\/\/grupomontevideo.org\/cp\/cpcatedraderechoshumanos\/index.php?rest_route=\/wp\/v2\/posts\/381\/revisions\/385"}],"wp:attachment":[{"href":"https:\/\/grupomontevideo.org\/cp\/cpcatedraderechoshumanos\/index.php?rest_route=%2Fwp%2Fv2%2Fmedia&parent=381"}],"wp:term":[{"taxonomy":"category","embeddable":true,"href":"https:\/\/grupomontevideo.org\/cp\/cpcatedraderechoshumanos\/index.php?rest_route=%2Fwp%2Fv2%2Fcategories&post=381"},{"taxonomy":"post_tag","embeddable":true,"href":"https:\/\/grupomontevideo.org\/cp\/cpcatedraderechoshumanos\/index.php?rest_route=%2Fwp%2Fv2%2Ftags&post=381"}],"curies":[{"name":"wp","href":"https:\/\/api.w.org\/{rel}","templated":true}]}}