{"id":374,"date":"2023-10-04T17:26:56","date_gmt":"2023-10-04T17:26:56","guid":{"rendered":"http:\/\/grupomontevideo.org\/cp\/cpcatedraderechoshumanos\/?p=374"},"modified":"2023-10-04T17:27:45","modified_gmt":"2023-10-04T17:27:45","slug":"septima-reunion-virtual-2023","status":"publish","type":"post","link":"https:\/\/grupomontevideo.org\/cp\/cpcatedraderechoshumanos\/?p=374","title":{"rendered":"S\u00e9ptima reuni\u00f3n virtual 2023"},"content":{"rendered":"<p class=\"v1MsoNormal\">La s\u00e9ptima reuni\u00f3n virtual 2023 de la C\u00e1tedra de DDHH se realizar\u00e1 el d\u00eda martes 10 de octubre a las 11 horas (horario de Uruguay).<\/p>\n<p class=\"v1MsoNormal\">En la reuni\u00f3n se abordar\u00e1n los siguiente puntos:<\/p>\n<p class=\"v1MsoNormal\">\u2022 Avances en la organizaci\u00f3n del Foro de Derechos Humanos a realizarse en diciembre de 2023 en la UFG (<a href=\"https:\/\/foropensardh.plateia.ufg.br\/?atr=es&amp;locale=es\" target=\"_blank\" rel=\"noopener noreferrer\">https:\/\/foropensardh.plateia.ufg.br\/?atr=es&amp;locale=es<\/a>)<\/p>\n<p class=\"v1MsoNormal\">\u2022 Informe sobre el mapeo de actividades de las universidades miembro en materia de DD.HH.<\/p>\n<p class=\"v1MsoNormal\">\u2022 Evaluaci\u00f3n del plan de trabajo trienal 2020-2023.<\/p>\n","protected":false},"excerpt":{"rendered":"<p>La s\u00e9ptima reuni\u00f3n virtual 2023 de la C\u00e1tedra de DDHH se realizar\u00e1 el d\u00eda martes 10 de octubre a las 11 horas (horario de Uruguay)&#8230;.<\/p>\n","protected":false},"author":1,"featured_media":0,"comment_status":"open","ping_status":"closed","sticky":false,"template":"","format":"standard","meta":{"footnotes":""},"categories":[1],"tags":[],"class_list":["post-374","post","type-post","status-publish","format-standard","hentry","category-sin-categoria"],"_links":{"self":[{"href":"https:\/\/grupomontevideo.org\/cp\/cpcatedraderechoshumanos\/index.php?rest_route=\/wp\/v2\/posts\/374","targetHints":{"allow":["GET"]}}],"collection":[{"href":"https:\/\/grupomontevideo.org\/cp\/cpcatedraderechoshumanos\/index.php?rest_route=\/wp\/v2\/posts"}],"about":[{"href":"https:\/\/grupomontevideo.org\/cp\/cpcatedraderechoshumanos\/index.php?rest_route=\/wp\/v2\/types\/post"}],"author":[{"embeddable":true,"href":"https:\/\/grupomontevideo.org\/cp\/cpcatedraderechoshumanos\/index.php?rest_route=\/wp\/v2\/users\/1"}],"replies":[{"embeddable":true,"href":"https:\/\/grupomontevideo.org\/cp\/cpcatedraderechoshumanos\/index.php?rest_route=%2Fwp%2Fv2%2Fcomments&post=374"}],"version-history":[{"count":2,"href":"https:\/\/grupomontevideo.org\/cp\/cpcatedraderechoshumanos\/index.php?rest_route=\/wp\/v2\/posts\/374\/revisions"}],"predecessor-version":[{"id":377,"href":"https:\/\/grupomontevideo.org\/cp\/cpcatedraderechoshumanos\/index.php?rest_route=\/wp\/v2\/posts\/374\/revisions\/377"}],"wp:attachment":[{"href":"https:\/\/grupomontevideo.org\/cp\/cpcatedraderechoshumanos\/index.php?rest_route=%2Fwp%2Fv2%2Fmedia&parent=374"}],"wp:term":[{"taxonomy":"category","embeddable":true,"href":"https:\/\/grupomontevideo.org\/cp\/cpcatedraderechoshumanos\/index.php?rest_route=%2Fwp%2Fv2%2Fcategories&post=374"},{"taxonomy":"post_tag","embeddable":true,"href":"https:\/\/grupomontevideo.org\/cp\/cpcatedraderechoshumanos\/index.php?rest_route=%2Fwp%2Fv2%2Ftags&post=374"}],"curies":[{"name":"wp","href":"https:\/\/api.w.org\/{rel}","templated":true}]}}