{"id":350,"date":"2023-04-13T15:00:01","date_gmt":"2023-04-13T15:00:01","guid":{"rendered":"http:\/\/grupomontevideo.org\/cp\/cpcatedraderechoshumanos\/?p=350"},"modified":"2023-04-13T15:00:39","modified_gmt":"2023-04-13T15:00:39","slug":"segunda-reunion-virtual-2023-de-la-catedra-de-derechos-humanos","status":"publish","type":"post","link":"https:\/\/grupomontevideo.org\/cp\/cpcatedraderechoshumanos\/?p=350","title":{"rendered":"SEGUNDA REUNI\u00d3N VIRTUAL 2023 DE LA C\u00c1TEDRA DE DERECHOS HUMANOS"},"content":{"rendered":"<p>El pr\u00f3ximo martes 18 de abril a las 12 horas (horario de Uruguay) se realizar\u00e1 la segunda reuni\u00f3n virtual 2023.<\/p>\n<p class=\"v1MsoNormal\">En la reuni\u00f3n se abordar\u00e1n los siguiente puntos:<\/p>\n<ul type=\"disc\">\n<li class=\"v1MsoListParagraph\">VI Congreso de Extensi\u00f3n de AUGM. Actividades a ser organizadas de la C\u00e1tedra de DD.HH.<\/li>\n<li class=\"v1MsoListParagraph\">Mapeamiento de las actividades de DD. HH en las universidades miembro de AUGM.<\/li>\n<li class=\"v1MsoListParagraph\">IV Foro de DD. HH de AUGM. 2023<\/li>\n<\/ul>\n","protected":false},"excerpt":{"rendered":"<p>El pr\u00f3ximo martes 18 de abril a las 12 horas (horario de Uruguay) se realizar\u00e1 la segunda reuni\u00f3n virtual 2023. En la reuni\u00f3n se abordar\u00e1n&#8230;<\/p>\n","protected":false},"author":1,"featured_media":0,"comment_status":"open","ping_status":"closed","sticky":false,"template":"","format":"standard","meta":{"footnotes":""},"categories":[1],"tags":[],"class_list":["post-350","post","type-post","status-publish","format-standard","hentry","category-sin-categoria"],"_links":{"self":[{"href":"https:\/\/grupomontevideo.org\/cp\/cpcatedraderechoshumanos\/index.php?rest_route=\/wp\/v2\/posts\/350","targetHints":{"allow":["GET"]}}],"collection":[{"href":"https:\/\/grupomontevideo.org\/cp\/cpcatedraderechoshumanos\/index.php?rest_route=\/wp\/v2\/posts"}],"about":[{"href":"https:\/\/grupomontevideo.org\/cp\/cpcatedraderechoshumanos\/index.php?rest_route=\/wp\/v2\/types\/post"}],"author":[{"embeddable":true,"href":"https:\/\/grupomontevideo.org\/cp\/cpcatedraderechoshumanos\/index.php?rest_route=\/wp\/v2\/users\/1"}],"replies":[{"embeddable":true,"href":"https:\/\/grupomontevideo.org\/cp\/cpcatedraderechoshumanos\/index.php?rest_route=%2Fwp%2Fv2%2Fcomments&post=350"}],"version-history":[{"count":2,"href":"https:\/\/grupomontevideo.org\/cp\/cpcatedraderechoshumanos\/index.php?rest_route=\/wp\/v2\/posts\/350\/revisions"}],"predecessor-version":[{"id":353,"href":"https:\/\/grupomontevideo.org\/cp\/cpcatedraderechoshumanos\/index.php?rest_route=\/wp\/v2\/posts\/350\/revisions\/353"}],"wp:attachment":[{"href":"https:\/\/grupomontevideo.org\/cp\/cpcatedraderechoshumanos\/index.php?rest_route=%2Fwp%2Fv2%2Fmedia&parent=350"}],"wp:term":[{"taxonomy":"category","embeddable":true,"href":"https:\/\/grupomontevideo.org\/cp\/cpcatedraderechoshumanos\/index.php?rest_route=%2Fwp%2Fv2%2Fcategories&post=350"},{"taxonomy":"post_tag","embeddable":true,"href":"https:\/\/grupomontevideo.org\/cp\/cpcatedraderechoshumanos\/index.php?rest_route=%2Fwp%2Fv2%2Ftags&post=350"}],"curies":[{"name":"wp","href":"https:\/\/api.w.org\/{rel}","templated":true}]}}